{"id":15738,"date":"2026-02-28T00:10:00","date_gmt":"2026-02-27T23:10:00","guid":{"rendered":"http:\/\/montreux-vieux.net\/?p=15738"},"modified":"2026-02-27T08:27:35","modified_gmt":"2026-02-27T07:27:35","slug":"que-sest-il-passe-a-montreux-vieux-un-28-et-29-fevrier","status":"publish","type":"post","link":"https:\/\/montreux-vieux.net\/?p=15738","title":{"rendered":"Que s\u2019est-il pass\u00e9 \u00e0 Montreux-Vieux un 28 f\u00e9vrier  ?"},"content":{"rendered":"\n<div class=\"wp-block-media-text alignfull has-media-on-the-right is-stacked-on-mobile is-vertically-aligned-center is-style-default\" style=\"grid-template-columns:auto 56%\"><div class=\"wp-block-media-text__content\">\n<h2 class=\"wp-block-heading has-text-color\" style=\"color:#000000\"><strong>Une pens\u00e9e pour <\/strong><\/h2>\n\n\n\n<ul class=\"wp-block-list\">\n<li>Mme Roth Marie Rose, d\u00e9c\u00e9d\u00e9e le 29 f\u00e9vrier 2012.<\/li>\n\n\n\n<li>Madame Wininger Madeleine, d\u00e9c\u00e9d\u00e9e le 29 f\u00e9vrier 2016.<\/li>\n\n\n\n<li>Madame Nicolier Antoinette n\u00e9e Yoder le 28 f\u00e9vrier 2024<\/li>\n<\/ul>\n<\/div><figure class=\"wp-block-media-text__media\"><img loading=\"lazy\" decoding=\"async\" width=\"400\" height=\"290\" src=\"https:\/\/montreux-vieux.net\/montreux-vieux.net\/wp-content\/uploads\/2021\/01\/2536644_16f34-1.jpg\" alt=\"\" class=\"wp-image-22365 size-full\" srcset=\"https:\/\/montreux-vieux.net\/montreux-vieux.net\/wp-content\/uploads\/2021\/01\/2536644_16f34-1.jpg 400w, https:\/\/montreux-vieux.net\/montreux-vieux.net\/wp-content\/uploads\/2021\/01\/2536644_16f34-1-300x218.jpg 300w\" sizes=\"auto, (max-width: 400px) 100vw, 400px\" \/><\/figure><\/div>\n\n\n\n<p><\/p>\n\n\n\n<h2 class=\"wp-block-heading\" style=\"font-size:60px\"> Trafic de marchandises. <\/h2>\n\n\n\n<p><strong>28 f\u00e9vrier 190 3<\/strong> Montreux-Vieux, 28 f\u00e9vrier. \u2014 Le trafic des marchandises est tellement consid\u00e9rable cette ann\u00e9e qu\u2019il faut souvent \u00e9tablir des trains sp\u00e9ciaux pour liquider les exp\u00e9ditions. \u2014 L\u2019horaire d\u2019\u00e9t\u00e9 ne pr\u00e9sente que peu de modifications. Il serait \u00e0 d\u00e9sirer toutefois que l\u2019express de B\u00e2le-Paris oui passe ici \u00e0 11 h. 39 et qui n\u2019a de troisi\u00e8mes classes que jusqu\u2019\u00e0 Mulhouse, les am\u00e8ne au moins jusqu\u2019\u00e0 Belfort. Les voyageurs de troisi\u00e8me de cette fa\u00e7on n\u2019ont pas de train pour aller \u00e0 Belfort depuis 10 h. du matin jusqu\u2019\u00e0 2 h. de l\u2019apr\u00e8s midi. Sources&nbsp;: Express 1<sup>er<\/sup> mars 1903<\/p>\n\n\n\n<hr class=\"wp-block-separator has-text-color has-blue-color has-css-opacity has-blue-background-color has-background is-style-wide\"\/>\n\n\n\n<h2 class=\"wp-block-heading has-text-align-center\" style=\"font-size:60px\"> Attaque Allemande. <\/h2>\n\n\n\n<p id=\"mce_1\"><strong>28&nbsp;f\u00e9vrier&nbsp;1918&nbsp;<\/strong>32&nbsp;communes&nbsp;ont&nbsp;\u00e9t\u00e9&nbsp;averties&nbsp;d&rsquo;avoir&nbsp;\u00e0&nbsp;se&nbsp;tenir&nbsp;pr\u00eate&nbsp;par&nbsp;une&nbsp;attaque<\/p>\n\n\n\n<p id=\"mce_1\">&nbsp;\u00e9ventuelle&nbsp;des&nbsp;Allemands&nbsp;. Les&nbsp;habitants&nbsp;devront&nbsp;partir&nbsp;d\u00e8s&nbsp;que&nbsp;le&nbsp;tocsin&nbsp;sonnera.<\/p>\n\n\n\n<hr class=\"wp-block-separator has-text-color has-blue-color has-css-opacity has-blue-background-color has-background is-style-wide\"\/>\n\n\n\n<h2 class=\"wp-block-heading has-text-align-center\" style=\"font-size:60px\"> Helminger transf\u00e9r\u00e9 \u00e0 Belfort. <\/h2>\n\n\n\n<p><strong>Le 28 f\u00e9vrier 1994: <\/strong>l\u2019entreprise (Helmnger) a transf\u00e9r\u00e9 ses activit\u00e9s \u00e0 Belfort et Mulhouse et ferm\u00e9 ses portes \u00e0 Montreux-Vieux. Plus d&rsquo;infos  <a href=\"http:\/\/montreux-vieux.net\/?page_id=5088\" target=\"_blank\" rel=\"noreferrer noopener\" aria-label=\"http:\/\/montreux-vieux.net\/?page_id=5088  (s\u2019ouvre dans un nouvel onglet)\">http:\/\/montreux-vieux.net\/?page_id=5088 <\/a><\/p>\n\n\n\n<p><strong>MONTREUX-VIEUX, 28 f\u00e9r. \u2014 Un groupe de six cigognes<\/strong>, venant de France, a pass\u00e9 ces jours ci au-dessus de notre localit\u00e9. Un instant apr\u00e8s, un second groupe de dix traversait les airs et suivait la route montr\u00e9e par les\u00bb \u00ab\u00a0\u00e9claireuses \u00ab\u00a0. Au retour en Alsace des gracieuses messag\u00e8res du printemps est-il bien sur que l&rsquo;hiver est fini ? Sources: Express,\u00a01 mars 1913, p.\u00a03\/8<\/p>\n\n\n\n<p><\/p>\n","protected":false},"excerpt":{"rendered":"<p>Trafic de marchandises. 28 f\u00e9vrier 190 3 Montreux-Vieux, 28 f\u00e9vrier. \u2014 Le trafic des marchandises est tellement consid\u00e9rable cette ann\u00e9e qu\u2019il faut souvent \u00e9tablir des trains sp\u00e9ciaux pour liquider les exp\u00e9ditions. \u2014 L\u2019horaire d\u2019\u00e9t\u00e9 ne pr\u00e9sente que peu de modifications. &hellip; <a href=\"https:\/\/montreux-vieux.net\/?p=15738\">Continuer la lecture <span class=\"meta-nav\">&rarr;<\/span><\/a><\/p>\n","protected":false},"author":1,"featured_media":0,"comment_status":"open","ping_status":"open","sticky":false,"template":"","format":"standard","meta":{"footnotes":""},"categories":[1],"tags":[],"class_list":["post-15738","post","type-post","status-publish","format-standard","hentry","category-liens"],"_links":{"self":[{"href":"https:\/\/montreux-vieux.net\/index.php?rest_route=\/wp\/v2\/posts\/15738","targetHints":{"allow":["GET"]}}],"collection":[{"href":"https:\/\/montreux-vieux.net\/index.php?rest_route=\/wp\/v2\/posts"}],"about":[{"href":"https:\/\/montreux-vieux.net\/index.php?rest_route=\/wp\/v2\/types\/post"}],"author":[{"embeddable":true,"href":"https:\/\/montreux-vieux.net\/index.php?rest_route=\/wp\/v2\/users\/1"}],"replies":[{"embeddable":true,"href":"https:\/\/montreux-vieux.net\/index.php?rest_route=%2Fwp%2Fv2%2Fcomments&post=15738"}],"version-history":[{"count":17,"href":"https:\/\/montreux-vieux.net\/index.php?rest_route=\/wp\/v2\/posts\/15738\/revisions"}],"predecessor-version":[{"id":28589,"href":"https:\/\/montreux-vieux.net\/index.php?rest_route=\/wp\/v2\/posts\/15738\/revisions\/28589"}],"wp:attachment":[{"href":"https:\/\/montreux-vieux.net\/index.php?rest_route=%2Fwp%2Fv2%2Fmedia&parent=15738"}],"wp:term":[{"taxonomy":"category","embeddable":true,"href":"https:\/\/montreux-vieux.net\/index.php?rest_route=%2Fwp%2Fv2%2Fcategories&post=15738"},{"taxonomy":"post_tag","embeddable":true,"href":"https:\/\/montreux-vieux.net\/index.php?rest_route=%2Fwp%2Fv2%2Ftags&post=15738"}],"curies":[{"name":"wp","href":"https:\/\/api.w.org\/{rel}","templated":true}]}}