{"id":15916,"date":"2026-03-15T06:30:30","date_gmt":"2026-03-15T05:30:30","guid":{"rendered":"http:\/\/montreux-vieux.net\/?p=15916"},"modified":"2026-03-15T06:30:30","modified_gmt":"2026-03-15T05:30:30","slug":"que-sest-il-passe-a-montreux-vieux-un-15-mars","status":"publish","type":"post","link":"https:\/\/montreux-vieux.net\/?p=15916","title":{"rendered":"Que s\u2019est-il pass\u00e9 \u00e0 Montreux-Vieux un 15 mars ?"},"content":{"rendered":"\n<div class=\"wp-block-media-text alignfull has-media-on-the-right is-stacked-on-mobile is-vertically-aligned-center is-style-default\" style=\"grid-template-columns:auto 56%\"><div class=\"wp-block-media-text__content\">\n<h2 class=\"wp-block-heading has-text-color\" id=\"shore-with-blue-sea-1\" style=\"color:#000000\"><strong>Une pens\u00e9e pour :<\/strong><\/h2>\n\n\n\n<ul class=\"wp-block-list\">\n<li><strong> <\/strong>Madame Greter Anne dite Annette Beck, d\u00e9c\u00e9d\u00e9e le 15 mars 2020.<\/li>\n<\/ul>\n<\/div><figure class=\"wp-block-media-text__media\"><img loading=\"lazy\" decoding=\"async\" width=\"400\" height=\"290\" src=\"https:\/\/montreux-vieux.net\/montreux-vieux.net\/wp-content\/uploads\/2021\/01\/2536644_16f34-1.jpg\" alt=\"\" class=\"wp-image-22365 size-full\" srcset=\"https:\/\/montreux-vieux.net\/montreux-vieux.net\/wp-content\/uploads\/2021\/01\/2536644_16f34-1.jpg 400w, https:\/\/montreux-vieux.net\/montreux-vieux.net\/wp-content\/uploads\/2021\/01\/2536644_16f34-1-300x218.jpg 300w\" sizes=\"auto, (max-width: 400px) 100vw, 400px\" \/><\/figure><\/div>\n\n\n\n<p><\/p>\n\n\n\n<h2 class=\"wp-block-heading has-text-align-center\" id=\"un-week-end-d-evasion-1\" style=\"font-size:60px\">Un chasseur tu\u00e9 d&rsquo;une balle dans la t\u00eate.<\/h2>\n\n\n\n<p><strong>15 mars 1909&nbsp;<\/strong>Hier apr\u00e8s-mid 15 mars 1909 , \u00e0 Chavannes-les-Grands, deux cultivateurs, MM. Rosse et Henrissot, chassaient au&nbsp;canard sur l\u2019extr\u00eame fronti\u00e8re, avec le domestique de M. Rosse, nomm\u00e9 B\u00e9l\u00e0rd, lorsqu\u2019\u00e0&nbsp;un certain moment, ce dernier, s\u2019\u00e9tant trouv\u00e9 s\u00e9par\u00e9 des deux premiers, ceux-ci entendirent un coup d\u00e9 feu. Supposant qu\u2019il avait&nbsp;tir\u00e9 sur le gibier, ils se dirig\u00e8rent vers l\u2019endroit d\u2019o\u00f9 le coup \u00e9tait parti et trouv\u00e8rent, \u00e0&nbsp;50 m\u00e8tres sur le territoire annex\u00e9, l\u00e9 cadavre de B\u00e9lard, tu\u00e9 d\u2019une balle \u00e0 la t\u00eate, et&nbsp;ayant encore \u00e0 la main son fusil charg\u00e9 de&nbsp;deux coups \u0303\u0303<\/p>\n\n\n\n<p>Les soup\u00e7ons se port\u00e8rent\u2019 sur un garde chasse allemand que les deux cultivateurs&nbsp;avaient aper\u00e7u dans ces parages un peu auparavant:&nbsp;Le parquet se rend ce jour \u00e0 Chavannes pour r ouvrir une enqu\u00eate.<\/p>\n\n\n\n<hr class=\"wp-block-separator has-text-color has-blue-color has-css-opacity has-blue-background-color has-background is-style-wide\"\/>\n\n\n\n<h2 class=\"wp-block-heading has-text-align-center\" id=\"un-week-end-d-evasion-2\" style=\"font-size:60px\">Deux aviateurs militaires punis.<\/h2>\n\n\n\n<p><strong>15-03-1914&nbsp;<\/strong>Deux aviateurs militaires punis<\/p>\n\n\n\n<p>Une d\u00e9p\u00eache de Berlin ayant signal\u00e9 qu\u2019avant hier un monoplan venant de Belfort avait vol\u00e9 au-dessus du village de Montreux-Vieux (Alsace) voici un sujet de cet incident quelle est la v\u00e9rit\u00e9.<\/p>\n\n\n\n<p>Mercredi, \u00e0 4 heures de l\u2019apr\u00e8s-midi, un avion militaires, mont\u00e9 par le caporal Madon et le sapeur Coulonge, tous deux du centre de Belfort ont franchi la fronti\u00e8re et ont \u00e9volu\u00e9 au-dessus de l\u2019Alsace, \u00e0 une hauteur de 200 m\u00e8tres. Ils avaient eu, parait-il \u00e0 percer un nuage de neige et s\u2019\u00e9taient trouv\u00e9s, \u00e0 leur insu, au-del\u00e0 de la fronti\u00e8re.<\/p>\n\n\n\n<p>Aussit\u00f4t l\u2019erreur reconnue, ils vir\u00e8rent et pass\u00e8rent au-dessus de Montreux-Vieux pour rentrer en France.<\/p>\n\n\n\n<p>Un rapport allemand fut aussit\u00f4t \u00e9tabli. Une punition a \u00e9t\u00e9 inflig\u00e9e aux deux aviateurs. On est moins press\u00e9 en Allemagne<\/p>\n\n\n\n<hr class=\"wp-block-separator has-text-color has-blue-color has-css-opacity has-blue-background-color has-background is-style-wide\"\/>\n\n\n\n<h2 class=\"wp-block-heading has-text-align-center\" id=\"un-week-end-d-evasion-3\" style=\"font-size:60px\">Naissance de Joseph Rein.<\/h2>\n\n\n\n<p><strong>15 mars 1928<\/strong> Naissance \u00e0 Hagenbach de Joseph Rein, ancien chef des Sapeurs-Pompiers <\/p>\n\n\n\n<hr class=\"wp-block-separator has-text-color has-blue-color has-css-opacity has-blue-background-color has-background is-style-wide\"\/>\n\n\n\n<h2 class=\"wp-block-heading has-text-align-center\" id=\"un-week-end-d-evasion-4\" style=\"font-size:60px\">Cr\u00e9ation de la section UNC AFN.<\/h2>\n\n\n\n<p><strong>15 mars 1973<\/strong>\u00a0Cr\u00e9ation de la Section UNC AFN le 15 mars 1973 regroupant plusieurs communes <\/p>\n\n\n<div class=\"wp-block-image\">\n<figure class=\"aligncenter size-large\"><img decoding=\"async\" src=\"https:\/\/montreux-vieux.net\/montreux-vieux.net\/wp-content\/uploads\/2024\/03\/Blanc-et-Vert-Olive-Couronne-Elegant-Mariage-Invitation-2024-03-14T163740.847-1024x1024.jpg\" alt=\"\" class=\"wp-image-26385\"\/><\/figure>\n<\/div>","protected":false},"excerpt":{"rendered":"<p>Un chasseur tu\u00e9 d&rsquo;une balle dans la t\u00eate. 15 mars 1909&nbsp;Hier apr\u00e8s-mid 15 mars 1909 , \u00e0 Chavannes-les-Grands, deux cultivateurs, MM. Rosse et Henrissot, chassaient au&nbsp;canard sur l\u2019extr\u00eame fronti\u00e8re, avec le domestique de M. Rosse, nomm\u00e9 B\u00e9l\u00e0rd, lorsqu\u2019\u00e0&nbsp;un certain moment, &hellip; <a href=\"https:\/\/montreux-vieux.net\/?p=15916\">Continuer la lecture <span class=\"meta-nav\">&rarr;<\/span><\/a><\/p>\n","protected":false},"author":1,"featured_media":0,"comment_status":"open","ping_status":"open","sticky":false,"template":"","format":"standard","meta":{"footnotes":""},"categories":[1],"tags":[],"class_list":["post-15916","post","type-post","status-publish","format-standard","hentry","category-liens"],"_links":{"self":[{"href":"https:\/\/montreux-vieux.net\/index.php?rest_route=\/wp\/v2\/posts\/15916","targetHints":{"allow":["GET"]}}],"collection":[{"href":"https:\/\/montreux-vieux.net\/index.php?rest_route=\/wp\/v2\/posts"}],"about":[{"href":"https:\/\/montreux-vieux.net\/index.php?rest_route=\/wp\/v2\/types\/post"}],"author":[{"embeddable":true,"href":"https:\/\/montreux-vieux.net\/index.php?rest_route=\/wp\/v2\/users\/1"}],"replies":[{"embeddable":true,"href":"https:\/\/montreux-vieux.net\/index.php?rest_route=%2Fwp%2Fv2%2Fcomments&post=15916"}],"version-history":[{"count":10,"href":"https:\/\/montreux-vieux.net\/index.php?rest_route=\/wp\/v2\/posts\/15916\/revisions"}],"predecessor-version":[{"id":26386,"href":"https:\/\/montreux-vieux.net\/index.php?rest_route=\/wp\/v2\/posts\/15916\/revisions\/26386"}],"wp:attachment":[{"href":"https:\/\/montreux-vieux.net\/index.php?rest_route=%2Fwp%2Fv2%2Fmedia&parent=15916"}],"wp:term":[{"taxonomy":"category","embeddable":true,"href":"https:\/\/montreux-vieux.net\/index.php?rest_route=%2Fwp%2Fv2%2Fcategories&post=15916"},{"taxonomy":"post_tag","embeddable":true,"href":"https:\/\/montreux-vieux.net\/index.php?rest_route=%2Fwp%2Fv2%2Ftags&post=15916"}],"curies":[{"name":"wp","href":"https:\/\/api.w.org\/{rel}","templated":true}]}}