{"id":15918,"date":"2026-03-16T00:05:00","date_gmt":"2026-03-15T23:05:00","guid":{"rendered":"http:\/\/montreux-vieux.net\/?p=15918"},"modified":"2026-01-03T14:47:13","modified_gmt":"2026-01-03T13:47:13","slug":"que-sest-il-passe-a-montreux-vieux-un-16-mars","status":"publish","type":"post","link":"https:\/\/montreux-vieux.net\/?p=15918","title":{"rendered":"Que s\u2019est-il pass\u00e9 \u00e0 Montreux-Vieux un 16 mars ?"},"content":{"rendered":"\n<div class=\"wp-block-media-text alignfull has-media-on-the-right is-stacked-on-mobile is-vertically-aligned-center is-style-default\" style=\"grid-template-columns:auto 56%\"><div class=\"wp-block-media-text__content\">\n<h2 class=\"wp-block-heading has-text-color\" id=\"shore-with-blue-sea-1\" style=\"color:#000000\"><strong>Une pens\u00e9e pour : <\/strong><\/h2>\n\n\n\n<ul class=\"wp-block-list\">\n<li>Monsieur Andriot Eug\u00e8ne, d\u00e9c\u00e9d\u00e9 le 16 mars 2008.<\/li>\n\n\n\n<li>Monsieur Ren\u00e9 Claude, d\u00e9c\u00e9d\u00e9 le 16 mars 2021.<\/li>\n<\/ul>\n<\/div><figure class=\"wp-block-media-text__media\"><img loading=\"lazy\" decoding=\"async\" width=\"400\" height=\"290\" src=\"https:\/\/montreux-vieux.net\/montreux-vieux.net\/wp-content\/uploads\/2021\/01\/2536644_16f34-1.jpg\" alt=\"\" class=\"wp-image-22365 size-full\" srcset=\"https:\/\/montreux-vieux.net\/montreux-vieux.net\/wp-content\/uploads\/2021\/01\/2536644_16f34-1.jpg 400w, https:\/\/montreux-vieux.net\/montreux-vieux.net\/wp-content\/uploads\/2021\/01\/2536644_16f34-1-300x218.jpg 300w\" sizes=\"auto, (max-width: 400px) 100vw, 400px\" \/><\/figure><\/div>\n\n\n\n<hr class=\"wp-block-separator has-text-color has-blue-color has-css-opacity has-blue-background-color has-background is-style-wide\"\/>\n\n\n\n<h2 class=\"wp-block-heading has-text-align-center\" id=\"un-week-end-d-evasion-1\" style=\"font-size:60px\">Construction du presbyt\u00e8re.<\/h2>\n\n\n\n<p><strong>16 mars 1830 :&nbsp;<\/strong>Le 16 mars 1830 d\u2019autres moyens sont propos\u00e9s au Pr\u00e9fet pour la construction du presbyt\u00e8re : La vente de 40 ares de pr\u00e9 lieu-dit \u201cAu Baitay\u201d d\u00e9limit\u00e9 de levant et midi par la rivi\u00e8re et plusieurs particuliers de minuit estim\u00e9 \u00e0 la somme de 1 200 F<\/p>\n\n\n\n<p>La cession de 16 ares de champs lieu-dit \u201cLes Planches du Breuleux\u201d profond de midi par Henri Cuenin et jeune et Henri Schalie de minuit estim\u00e9 \u00e0 350F<\/p>\n\n\n\n<p>La vente d\u2019environ 5 ares de terrain lieu-dit \u201cLes Planches\u201d enclav\u00e9 entre le chemin communal de levant \u00e0 midi Andr\u00e9 Greber et couchant Gaspard Denis Jolidon de minuit estim\u00e9 \u00e0 156 F.<\/p>\n\n\n\n<p>Le montant total s\u2019\u00e9l\u00e8ve \u00e0 1 706 F plus 4 221 F en caisse et lire: qui devraient suffire pour la construction d\u2019un \u201cm\u00e9diocre\u201d presbyt\u00e8re selon nos petits moyens<\/p>\n\n\n\n<hr class=\"wp-block-separator has-text-color has-blue-color has-css-opacity has-blue-background-color has-background is-style-wide\"\/>\n\n\n\n<h2 class=\"wp-block-heading has-text-align-center\" id=\"un-week-end-d-evasion-2\" style=\"font-size:60px\">Fixation de tarifs.<\/h2>\n\n\n\n<p><strong>16 mars 1831 :<\/strong> R\u00e9uni en session le 16 mars 1831 le conseil municipal a fix\u00e9 les tarifs pour la mise en \u00e9tat des chemins comme suit<\/p>\n\n\n\n<ul class=\"wp-block-list\">\n<li>\nla journ\u00e9e d\u2019homme \u00e0 2,50F\n<\/li>\n\n\n\n<li>\nla journ\u00e9e de b\u00eate de trait \u00e0 2,50F\n<\/li>\n\n\n\n<li>\nla journ\u00e9e de voiture et charrette \u00e0 F\n<\/li>\n<\/ul>\n\n\n\n<div class=\"wp-block-group\"><div class=\"wp-block-group__inner-container is-layout-flow wp-block-group-is-layout-flow\">\n<h4 class=\"wp-block-heading\" id=\"d-autres-prix-ont-ete-definis-en-1837-comme-par-exemple\">D\u2019autres prix ont \u00e9t\u00e9 d\u00e9finis en 1837 comme par exemple<\/h4>\n\n\n\n<ul class=\"wp-block-list\">\n<li> le ramonage et chargement de pierres F <\/li>\n\n\n\n<li> le transport par voiture d\u2019un M3 de terre, gravier etc\u2026 50 cts jusqu\u2019\u00e0 une distance de 100m, ensuite 50 cts par 100m <\/li>\n\n\n\n<li> le d\u00e9blai \u00e0 la brouette \u00e0 une distance de 20m 60 cts <\/li>\n\n\n\n<li> le cassage d\u2019un m3 de pierre 75 f <\/li>\n\n\n\n<li> le terrassement pour ouvrir des foss\u00e9s de 66 centim\u00e8tres de largeur sur 50 cts de profondeur 8 cts par 1 m\u00e8tre de longueur <\/li>\n\n\n\n<li> \u00e9tendue par m3 de pierre 25 cts  <\/li>\n<\/ul>\n<\/div><\/div>\n\n\n\n<hr class=\"wp-block-separator has-text-color has-blue-color has-css-opacity has-blue-background-color has-background is-style-wide\"\/>\n\n\n\n<h2 class=\"wp-block-heading has-text-align-center\" id=\"un-week-end-d-evasion-3\" style=\"font-size:60px\">Naissance de Giovanoli Fritz.<\/h2>\n\n\n\n<p><strong>N\u00e9 le 16.3.1898<\/strong> \u00e0 Montreux-Vieux (Alsace), d\u00e9c\u00e9d\u00e9 le 26.6.1964 \u00e0 Berne, Giovanoli, Fritz, conseiller d\u2019Etat en Suissede Frasnacht (aujourd\u2019hui. comm. Arbon). Fils d\u2019Adolf, commer\u00e7ant, et de Johanna Wassermann.<a rel=\"noreferrer noopener\" href=\"https:\/\/montreux-vieux.net\/?page_id=17374\" target=\"_blank\"> https:\/\/montreux-vieux.net\/?page_id=17374<\/a><\/p>\n\n\n\n<hr class=\"wp-block-separator has-text-color has-blue-color has-css-opacity has-blue-background-color has-background is-style-wide\"\/>\n\n\n\n<h2 class=\"wp-block-heading has-text-align-center\" id=\"un-week-end-d-evasion-4\" style=\"font-size:60px\">L\u2019AEROPLANE DE MONTREUX-VIEUX.<\/h2>\n\n\n\n<p><\/p>\n\n\n\n<ul class=\"wp-block-list\">\n<li><strong>16 mars 1914<\/strong> L\u2019AEROPLANE DE MONTREUX-VIEUX. \u2014 Le caporal-pilote Mudon et le sapeur Coulonge, du centre de Belfort, qui montaient l\u2019a\u00e9roplane aper\u00e7u l&rsquo;autre jour au-dessus de Montreux-Vieux, \u00e0 plus de 1.000 m\u00e8tres d\u2019altitude, ont expliqu\u00e9 leur erreur. Forc\u00e9s de traverser un \u00e9pais nuage de neige, ils d\u00e9pass\u00e8rent la ligne fronti\u00e8re sans s\u2019en apercevoir. Les autorit\u00e9s allemandes \u00e9tablirent un rapport qui fut transmis \u00e0 Belfort. Les deux aviateurs ont \u00e9t\u00e9 punis Sources&nbsp;: Express 16 mars 1914<\/li>\n\n\n\n<li>L&rsquo;A\u00e9roplane de Montreux-Vieux Belfort, 15 mars. \u2014- L\u2019a\u00e9roplane aper\u00e7u jeudi au-dessus de Montreux-Vieux, venant de Belfort, \u00e9tait mont\u00e9 par le caporal Madon et le sapeur Coulonge, tous deux du centre de Belfort. Ils avaient eu \u00e0 percer, dans leur voyage a\u00e9rien, un nuage de neige. D\u00e8s qu\u2019ils s\u2019aper\u00e7urent de leur erreur, ils vir\u00e8rent pour rentrer en France. N\u00e9anmoins, une punition leur a \u00e9t\u00e9 inflig\u00e9e.&nbsp;Sources : Le Petit Marseillais,&nbsp;16 mars 1914, p.&nbsp;5\/7<\/li>\n<\/ul>\n\n\n\n<hr class=\"wp-block-separator has-text-color has-blue-color has-css-opacity has-blue-background-color has-background is-style-wide\"\/>\n\n\n\n<h2 class=\"wp-block-heading has-text-align-center\" id=\"un-week-end-d-evasion-5\" style=\"font-size:60px\">P.V pour non pr\u00e9sentation de la patente.<\/h2>\n\n\n\n<ul class=\"wp-block-list\">\n<li><strong>16 mars 1921<\/strong> MONTREUX-VIEUX. La&nbsp; norm\u00e9e Chassard Marie , marchande ambulante, avant omis de se munir d une patente, a&nbsp; rencontr\u00e9 les gendarmes A Montreux-Vieux qui lui ont rappel\u00e9 cette obligation par un proc\u00e8s-verbal. Sources&nbsp;: Express de Mulhouse 16 mars 1921<\/li>\n<\/ul>\n\n\n\n<hr class=\"wp-block-separator has-css-opacity is-style-default\"\/>\n\n\n\n<hr class=\"wp-block-separator has-text-color has-blue-color has-css-opacity has-blue-background-color has-background is-style-wide\"\/>\n\n\n\n<div class=\"wp-block-media-text alignfull is-stacked-on-mobile is-vertically-aligned-center is-style-default\" style=\"grid-template-columns:56% auto\"><figure class=\"wp-block-media-text__media\"><img loading=\"lazy\" decoding=\"async\" width=\"555\" height=\"536\" src=\"https:\/\/montreux-vieux.net\/montreux-vieux.net\/wp-content\/uploads\/2019\/10\/zzScreenShot691_InPixio.jpg\" alt=\"\" class=\"wp-image-18065 size-full\" srcset=\"https:\/\/montreux-vieux.net\/montreux-vieux.net\/wp-content\/uploads\/2019\/10\/zzScreenShot691_InPixio.jpg 555w, https:\/\/montreux-vieux.net\/montreux-vieux.net\/wp-content\/uploads\/2019\/10\/zzScreenShot691_InPixio-300x290.jpg 300w\" sizes=\"auto, (max-width: 555px) 100vw, 555px\" \/><\/figure><div class=\"wp-block-media-text__content\">\n<h2 class=\"wp-block-heading has-text-color\" id=\"rivage-avec-une-mer-bleue-1\" style=\"color:#000000\"><strong>Grand anniversaire <\/strong><\/h2>\n\n\n\n<ul class=\"wp-block-list\">\n<li>Madame GEISS Jacqueline f\u00eate aujourd&rsquo;hui ses 92 ans.<\/li>\n<\/ul>\n<\/div><\/div>\n\n\n\n<p>Ouverture de la Boucherie Arnold.  Sources Le R\u00e9publicain du Haut-Rhin,&nbsp;16 mars 1951, p.&nbsp;8\/10<\/p>\n\n\n<div class=\"wp-block-image\">\n<figure class=\"aligncenter size-full\"><img loading=\"lazy\" decoding=\"async\" width=\"517\" height=\"388\" src=\"https:\/\/montreux-vieux.net\/montreux-vieux.net\/wp-content\/uploads\/2025\/03\/Screen-Shot-03-13-25-at-10.35-AM.png\" alt=\"\" class=\"wp-image-26782\" srcset=\"https:\/\/montreux-vieux.net\/montreux-vieux.net\/wp-content\/uploads\/2025\/03\/Screen-Shot-03-13-25-at-10.35-AM.png 517w, https:\/\/montreux-vieux.net\/montreux-vieux.net\/wp-content\/uploads\/2025\/03\/Screen-Shot-03-13-25-at-10.35-AM-300x225.png 300w\" sizes=\"auto, (max-width: 517px) 100vw, 517px\" \/><\/figure>\n<\/div>","protected":false},"excerpt":{"rendered":"<p>Construction du presbyt\u00e8re. 16 mars 1830 :&nbsp;Le 16 mars 1830 d\u2019autres moyens sont propos\u00e9s au Pr\u00e9fet pour la construction du presbyt\u00e8re : La vente de 40 ares de pr\u00e9 lieu-dit \u201cAu Baitay\u201d d\u00e9limit\u00e9 de levant et midi par la rivi\u00e8re &hellip; <a href=\"https:\/\/montreux-vieux.net\/?p=15918\">Continuer la lecture <span class=\"meta-nav\">&rarr;<\/span><\/a><\/p>\n","protected":false},"author":1,"featured_media":0,"comment_status":"open","ping_status":"open","sticky":false,"template":"","format":"standard","meta":{"footnotes":""},"categories":[1],"tags":[],"class_list":["post-15918","post","type-post","status-publish","format-standard","hentry","category-liens"],"_links":{"self":[{"href":"https:\/\/montreux-vieux.net\/index.php?rest_route=\/wp\/v2\/posts\/15918","targetHints":{"allow":["GET"]}}],"collection":[{"href":"https:\/\/montreux-vieux.net\/index.php?rest_route=\/wp\/v2\/posts"}],"about":[{"href":"https:\/\/montreux-vieux.net\/index.php?rest_route=\/wp\/v2\/types\/post"}],"author":[{"embeddable":true,"href":"https:\/\/montreux-vieux.net\/index.php?rest_route=\/wp\/v2\/users\/1"}],"replies":[{"embeddable":true,"href":"https:\/\/montreux-vieux.net\/index.php?rest_route=%2Fwp%2Fv2%2Fcomments&post=15918"}],"version-history":[{"count":17,"href":"https:\/\/montreux-vieux.net\/index.php?rest_route=\/wp\/v2\/posts\/15918\/revisions"}],"predecessor-version":[{"id":28534,"href":"https:\/\/montreux-vieux.net\/index.php?rest_route=\/wp\/v2\/posts\/15918\/revisions\/28534"}],"wp:attachment":[{"href":"https:\/\/montreux-vieux.net\/index.php?rest_route=%2Fwp%2Fv2%2Fmedia&parent=15918"}],"wp:term":[{"taxonomy":"category","embeddable":true,"href":"https:\/\/montreux-vieux.net\/index.php?rest_route=%2Fwp%2Fv2%2Fcategories&post=15918"},{"taxonomy":"post_tag","embeddable":true,"href":"https:\/\/montreux-vieux.net\/index.php?rest_route=%2Fwp%2Fv2%2Ftags&post=15918"}],"curies":[{"name":"wp","href":"https:\/\/api.w.org\/{rel}","templated":true}]}}