{"id":16023,"date":"2026-04-01T00:09:00","date_gmt":"2026-03-31T23:09:00","guid":{"rendered":"http:\/\/montreux-vieux.net\/?p=16023"},"modified":"2026-03-28T08:14:06","modified_gmt":"2026-03-28T07:14:06","slug":"que-sest-il-passe-a-montreux-vieux-un-01-avril","status":"publish","type":"post","link":"https:\/\/montreux-vieux.net\/?p=16023","title":{"rendered":"Que s\u2019est-il pass\u00e9 \u00e0 Montreux-Vieux un 01 avril  ?"},"content":{"rendered":"\n<div class=\"wp-block-media-text alignfull has-media-on-the-right is-stacked-on-mobile is-vertically-aligned-center is-style-default\" style=\"grid-template-columns:auto 56%\"><div class=\"wp-block-media-text__content\">\n<h2 class=\"wp-block-heading has-text-color\" style=\"color:#000000\"><strong>Une pens\u00e9e pour : <\/strong><\/h2>\n\n\n\n<ul class=\"wp-block-list\">\n<li> Monsieur Raymond Wininger, d\u00e9c\u00e9d\u00e9 le 1er avril 2020.<\/li>\n\n\n\n<li>Monsieur Robert Corsini, d\u00e9c\u00e9d\u00e9 le1er avril 2024.<\/li>\n<\/ul>\n<\/div><figure class=\"wp-block-media-text__media\"><img loading=\"lazy\" decoding=\"async\" width=\"400\" height=\"290\" src=\"https:\/\/montreux-vieux.net\/montreux-vieux.net\/wp-content\/uploads\/2021\/01\/2536644_16f34-1.jpg\" alt=\"\" class=\"wp-image-22365 size-full\" srcset=\"https:\/\/montreux-vieux.net\/montreux-vieux.net\/wp-content\/uploads\/2021\/01\/2536644_16f34-1.jpg 400w, https:\/\/montreux-vieux.net\/montreux-vieux.net\/wp-content\/uploads\/2021\/01\/2536644_16f34-1-300x218.jpg 300w\" sizes=\"auto, (max-width: 400px) 100vw, 400px\" \/><\/figure><\/div>\n\n\n\n<hr class=\"wp-block-separator has-css-opacity is-style-wide\"\/>\n\n\n\n<h2 class=\"wp-block-heading has-text-align-center\" style=\"font-size:60px\">D\u00e9raillement d&rsquo;un train<\/h2>\n\n\n\n<p> Lundi soir, vers 10 heures, la locomotive du train de Montreux Vieux qui faisait vapeur vers la rotonde o\u00f9 elle allait \u00eatre remis\u00e9e, a d\u00e9raill\u00e9 en gare. Il n\u2019y a pas eu heureusement d\u2019accident de personne<\/p>\n\n\n\n<p>Sources&nbsp;: Express 1<sup>er<\/sup> avril 1891<\/p>\n\n\n\n<hr class=\"wp-block-separator has-css-opacity is-style-wide\"\/>\n\n\n\n<h2 class=\"wp-block-heading has-text-align-center\" style=\"font-size:60px\">43 Commerces en 1948 \u00e0 Montreux-Vieux<\/h2>\n\n\n\n<p><strong>1er avril 1948 :<\/strong> Le nombre de commercants, artisans, etc. au 1er avril 1948 install\u00e9s \u00e0 Montreux-Vieux \u00e9tait de 43 . <\/p>\n\n\n\n<p>La liste en cliquant sur le lien suivants: la belle \u00e9poque: <a rel=\"noreferrer noopener\" aria-label=\"http:\/\/montreux-vieux.net\/?page_id=5053 (s\u2019ouvre dans un nouvel onglet)\" href=\"http:\/\/montreux-vieux.net\/?page_id=5053\" target=\"_blank\">http:\/\/montreux-vieux.net\/?page_id=5053<\/a><\/p>\n\n\n\n<hr class=\"wp-block-separator has-css-opacity is-style-wide\"\/>\n\n\n\n<h2 class=\"wp-block-heading has-text-align-center\" style=\"font-size:60px\">Tragique suicide<\/h2>\n\n\n\n<p><strong>1er avril 1933<\/strong> On a d\u00e9couvert sur la voie entre Montreux-Vieux et Montreux-Ch\u00e2teau le corps d\u2019un homme sectionn\u00e9 en deux par le train. En&nbsp; proc\u00e9dant \u00e0 l\u2019identification du corps les enqu\u00eateurs trouv\u00e8rent un billet dans une des poches du mort un nomm\u00e9 Charles \u0152uvray, originaire de C\u0153uve pr\u00e8s de Porrentruy.,&nbsp; et dans lequel il annonce qu\u2019il mettait fin \u00e0 ses jours volontairement. Sources&nbsp;: La R\u00e9publique de Belfort du 1<sup>er<\/sup>&nbsp;avril 1933<\/p>\n\n\n\n<div class=\"wp-block-media-text alignfull has-media-on-the-right is-stacked-on-mobile is-vertically-aligned-center is-style-default\" style=\"grid-template-columns:auto 56%\"><div class=\"wp-block-media-text__content\">\n<h2 class=\"wp-block-heading has-text-color\" style=\"color:#000000\"><strong>Grand anniversaire<\/strong><\/h2>\n\n\n\n<p class=\"has-text-color\" style=\"color:#636363;font-size:17px;line-height:1.1\">Monsieur Dal Col Florio f\u00eate aujourd&rsquo;hui ses 86 ans.<\/p>\n<\/div><figure class=\"wp-block-media-text__media\"><img loading=\"lazy\" decoding=\"async\" width=\"555\" height=\"536\" src=\"https:\/\/montreux-vieux.net\/montreux-vieux.net\/wp-content\/uploads\/2019\/10\/zzScreenShot691_InPixio.jpg\" alt=\"\" class=\"wp-image-18065 size-full\" srcset=\"https:\/\/montreux-vieux.net\/montreux-vieux.net\/wp-content\/uploads\/2019\/10\/zzScreenShot691_InPixio.jpg 555w, https:\/\/montreux-vieux.net\/montreux-vieux.net\/wp-content\/uploads\/2019\/10\/zzScreenShot691_InPixio-300x290.jpg 300w\" sizes=\"auto, (max-width: 555px) 100vw, 555px\" \/><\/figure><\/div>\n\n\n\n<p><\/p>\n","protected":false},"excerpt":{"rendered":"<p>D\u00e9raillement d&rsquo;un train Lundi soir, vers 10 heures, la locomotive du train de Montreux Vieux qui faisait vapeur vers la rotonde o\u00f9 elle allait \u00eatre remis\u00e9e, a d\u00e9raill\u00e9 en gare. Il n\u2019y a pas eu heureusement d\u2019accident de personne Sources&nbsp;: &hellip; <a href=\"https:\/\/montreux-vieux.net\/?p=16023\">Continuer la lecture <span class=\"meta-nav\">&rarr;<\/span><\/a><\/p>\n","protected":false},"author":1,"featured_media":0,"comment_status":"open","ping_status":"open","sticky":false,"template":"","format":"standard","meta":{"footnotes":""},"categories":[1],"tags":[],"class_list":["post-16023","post","type-post","status-publish","format-standard","hentry","category-liens"],"_links":{"self":[{"href":"https:\/\/montreux-vieux.net\/index.php?rest_route=\/wp\/v2\/posts\/16023","targetHints":{"allow":["GET"]}}],"collection":[{"href":"https:\/\/montreux-vieux.net\/index.php?rest_route=\/wp\/v2\/posts"}],"about":[{"href":"https:\/\/montreux-vieux.net\/index.php?rest_route=\/wp\/v2\/types\/post"}],"author":[{"embeddable":true,"href":"https:\/\/montreux-vieux.net\/index.php?rest_route=\/wp\/v2\/users\/1"}],"replies":[{"embeddable":true,"href":"https:\/\/montreux-vieux.net\/index.php?rest_route=%2Fwp%2Fv2%2Fcomments&post=16023"}],"version-history":[{"count":15,"href":"https:\/\/montreux-vieux.net\/index.php?rest_route=\/wp\/v2\/posts\/16023\/revisions"}],"predecessor-version":[{"id":28627,"href":"https:\/\/montreux-vieux.net\/index.php?rest_route=\/wp\/v2\/posts\/16023\/revisions\/28627"}],"wp:attachment":[{"href":"https:\/\/montreux-vieux.net\/index.php?rest_route=%2Fwp%2Fv2%2Fmedia&parent=16023"}],"wp:term":[{"taxonomy":"category","embeddable":true,"href":"https:\/\/montreux-vieux.net\/index.php?rest_route=%2Fwp%2Fv2%2Fcategories&post=16023"},{"taxonomy":"post_tag","embeddable":true,"href":"https:\/\/montreux-vieux.net\/index.php?rest_route=%2Fwp%2Fv2%2Ftags&post=16023"}],"curies":[{"name":"wp","href":"https:\/\/api.w.org\/{rel}","templated":true}]}}