{"id":16025,"date":"2026-04-02T00:05:00","date_gmt":"2026-04-01T23:05:00","guid":{"rendered":"http:\/\/montreux-vieux.net\/?p=16025"},"modified":"2026-03-28T08:14:57","modified_gmt":"2026-03-28T07:14:57","slug":"que-sest-il-passe-a-montreux-vieux-un-02-avril","status":"publish","type":"post","link":"https:\/\/montreux-vieux.net\/?p=16025","title":{"rendered":"Que s\u2019est-il pass\u00e9 \u00e0 Montreux-Vieux un 02 avril  ?"},"content":{"rendered":"\n<p><\/p>\n\n\n\n<div class=\"wp-block-media-text alignfull has-media-on-the-right is-stacked-on-mobile is-vertically-aligned-center is-style-default\" style=\"grid-template-columns:auto 56%\"><div class=\"wp-block-media-text__content\">\n<h2 class=\"wp-block-heading has-text-color\" style=\"color:#000000\"><strong>Une pense pour : <\/strong><\/h2>\n\n\n\n<p class=\"has-text-color\" style=\"color:#636363;font-size:17px;line-height:1.1\"> Madame Besan\u00e7on Rose d\u00e9c\u00e9d\u00e9e le 02 avril 2010.  <\/p>\n<\/div><figure class=\"wp-block-media-text__media\"><img loading=\"lazy\" decoding=\"async\" width=\"400\" height=\"290\" src=\"https:\/\/montreux-vieux.net\/montreux-vieux.net\/wp-content\/uploads\/2021\/01\/2536644_16f34-1.jpg\" alt=\"\" class=\"wp-image-22365 size-full\" srcset=\"https:\/\/montreux-vieux.net\/montreux-vieux.net\/wp-content\/uploads\/2021\/01\/2536644_16f34-1.jpg 400w, https:\/\/montreux-vieux.net\/montreux-vieux.net\/wp-content\/uploads\/2021\/01\/2536644_16f34-1-300x218.jpg 300w\" sizes=\"auto, (max-width: 400px) 100vw, 400px\" \/><\/figure><\/div>\n\n\n\n<p><\/p>\n\n\n\n<h2 class=\"wp-block-heading has-text-align-center\" style=\"font-size:60px\">Nomination du Garde Forestier.<\/h2>\n\n\n\n<p><strong>Le 2 avril 1876 <\/strong>M. Roess est nomm\u00e9 garde forestier <\/p>\n\n\n\n<hr class=\"wp-block-separator has-css-opacity is-style-wide\"\/>\n\n\n\n<h2 class=\"wp-block-heading has-text-align-center\" style=\"font-size:60px\">On a fait sauter un pont. <\/h2>\n\n\n\n<p><strong>2 avril 1884<\/strong> Montreux-Vieux, 2 avril. \u2014 Entre la gare de Montreux-Vieux et Petit Croix se trouve, au-dessus de la voie, un pont en pierre qui est en dehors du profil normal allemand. Des soldats du g\u00e9nie, dirig\u00e9s par des officiers, y sont occup\u00e9s \u00e0 y forer des trous de mine; quand leur travail sera achev\u00e9, on fera sauter le pont en pr\u00e9sence d\u2019employ\u00e9s du chemin de fer et d\u2019officiers de Mulhouse et de Strasbourg; ce dernier acte de l\u2019op\u00e9ration doit avoir lieu aujourd\u2019hui apr\u00e8s-midi.<\/p>\n\n\n\n<p>Sources&nbsp;: Express 3 avril 1884<\/p>\n\n\n\n<hr class=\"wp-block-separator has-css-opacity is-style-wide\"\/>\n\n\n\n<h2 class=\"wp-block-heading has-text-align-center\" style=\"font-size:60px\">Les passeports.<\/h2>\n\n\n\n<p><strong>2 avril 1889<\/strong> Les mesures appliqu\u00e9es par les autorit\u00e9s allemandes \u00e0 la fronti\u00e8re alsacienne-lorraine, deviennent plus rigoureuses que jamais. Jusqu\u2019\u00e0 pr\u00e9sent on n\u2019exigeait de passeport que des personnes qui entraient en Alsace ; on le demande maintenant aux voyageurs qui en sortent. Un grand industriel fran\u00e7ais passait jeudi matin \u00e0 la gare de Montreux-Vieux, pour rentrer en France. Le commissaire de police allemand lui demanda son passeport; le voyageur, qui avait mis cette pi\u00e8ce dans sa malle, ne croyant en avoir besoin qu\u2019\u00e0 son retour en Alsace, dut monter dans le fourgon des bagages pour chercher sa malle et, en retirer son passeport.<\/p>\n\n\n\n<p>Source L Autorit\u00e9 2 avril 1889<\/p>\n\n\n\n<div class=\"wp-block-media-text alignfull has-media-on-the-right is-stacked-on-mobile is-vertically-aligned-center is-style-default\" style=\"grid-template-columns:auto 56%\"><div class=\"wp-block-media-text__content\">\n<h2 class=\"wp-block-heading has-text-color\" style=\"color:#000000\"><strong>Grand anniversaire : <\/strong><\/h2>\n\n\n\n<ul class=\"wp-block-list\">\n<li>Monsieur Pierre Rinner f\u00eate aujourd&rsquo;hui ses 91 ans.<\/li>\n<\/ul>\n<\/div><figure class=\"wp-block-media-text__media\"><img loading=\"lazy\" decoding=\"async\" width=\"555\" height=\"536\" src=\"https:\/\/montreux-vieux.net\/montreux-vieux.net\/wp-content\/uploads\/2019\/10\/zzScreenShot691_InPixio.jpg\" alt=\"\" class=\"wp-image-18065 size-full\" srcset=\"https:\/\/montreux-vieux.net\/montreux-vieux.net\/wp-content\/uploads\/2019\/10\/zzScreenShot691_InPixio.jpg 555w, https:\/\/montreux-vieux.net\/montreux-vieux.net\/wp-content\/uploads\/2019\/10\/zzScreenShot691_InPixio-300x290.jpg 300w\" sizes=\"auto, (max-width: 555px) 100vw, 555px\" \/><\/figure><\/div>\n\n\n\n<p><\/p>\n\n\n\n<hr class=\"wp-block-separator has-css-opacity\"\/>\n\n\n\n<p><\/p>\n","protected":false},"excerpt":{"rendered":"<p>Une pense pour : Madame Besan\u00e7on Rose d\u00e9c\u00e9d\u00e9e le 02 avril 2010. Nomination du Garde Forestier. Le 2 avril 1876 M. Roess est nomm\u00e9 garde forestier On a fait sauter un pont. 2 avril 1884 Montreux-Vieux, 2 avril. \u2014 Entre &hellip; <a href=\"https:\/\/montreux-vieux.net\/?p=16025\">Continuer la lecture <span class=\"meta-nav\">&rarr;<\/span><\/a><\/p>\n","protected":false},"author":1,"featured_media":0,"comment_status":"open","ping_status":"open","sticky":false,"template":"","format":"standard","meta":{"footnotes":""},"categories":[1],"tags":[],"class_list":["post-16025","post","type-post","status-publish","format-standard","hentry","category-liens"],"_links":{"self":[{"href":"https:\/\/montreux-vieux.net\/index.php?rest_route=\/wp\/v2\/posts\/16025","targetHints":{"allow":["GET"]}}],"collection":[{"href":"https:\/\/montreux-vieux.net\/index.php?rest_route=\/wp\/v2\/posts"}],"about":[{"href":"https:\/\/montreux-vieux.net\/index.php?rest_route=\/wp\/v2\/types\/post"}],"author":[{"embeddable":true,"href":"https:\/\/montreux-vieux.net\/index.php?rest_route=\/wp\/v2\/users\/1"}],"replies":[{"embeddable":true,"href":"https:\/\/montreux-vieux.net\/index.php?rest_route=%2Fwp%2Fv2%2Fcomments&post=16025"}],"version-history":[{"count":14,"href":"https:\/\/montreux-vieux.net\/index.php?rest_route=\/wp\/v2\/posts\/16025\/revisions"}],"predecessor-version":[{"id":28628,"href":"https:\/\/montreux-vieux.net\/index.php?rest_route=\/wp\/v2\/posts\/16025\/revisions\/28628"}],"wp:attachment":[{"href":"https:\/\/montreux-vieux.net\/index.php?rest_route=%2Fwp%2Fv2%2Fmedia&parent=16025"}],"wp:term":[{"taxonomy":"category","embeddable":true,"href":"https:\/\/montreux-vieux.net\/index.php?rest_route=%2Fwp%2Fv2%2Fcategories&post=16025"},{"taxonomy":"post_tag","embeddable":true,"href":"https:\/\/montreux-vieux.net\/index.php?rest_route=%2Fwp%2Fv2%2Ftags&post=16025"}],"curies":[{"name":"wp","href":"https:\/\/api.w.org\/{rel}","templated":true}]}}