{"id":16063,"date":"2026-04-09T00:05:00","date_gmt":"2026-04-08T23:05:00","guid":{"rendered":"http:\/\/montreux-vieux.net\/?p=16063"},"modified":"2026-04-06T15:05:05","modified_gmt":"2026-04-06T14:05:05","slug":"que-sest-il-passe-a-montreux-vieux-un-09-avril","status":"publish","type":"post","link":"https:\/\/montreux-vieux.net\/?p=16063","title":{"rendered":"Que s\u2019est-il pass\u00e9 \u00e0 Montreux-Vieux un 09 avril  ?"},"content":{"rendered":"\n<h2 class=\"wp-block-heading has-text-align-center\" style=\"font-size:60px\">Nouvelle visite du Pr\u00e9sident de la R\u00e9publique<\/h2>\n\n\n\n<p><strong>09 avril 1916<\/strong>  Nouvelle visite du Pr\u00e9sident de la R\u00e9publique. Il est arriv\u00e9 en gare de Mx-Vx \u00e0 1h \u00e0 2h il \u00e9tait en mairie. Il a remis quelques  d\u00e9corations et repartit.Le G\u00e9n\u00e9ral Franchez d&rsquo;Esp\u00e9rez commandant l&rsquo;arm\u00e9e de l&rsquo;Etat a pass\u00e9 la nuit au presbyt\u00e8re <\/p>\n\n\n\n<p><strong> <\/strong><\/p>\n\n\n\n<h1 class=\"wp-block-heading has-text-align-center\">9 avril 1916 : le pr\u00e9sident Raymond Poincar\u00e9 et L\u00e9on Bourgeois \u00e0 Montreux-Vieux.<\/h1>\n\n\n\n<p>(R\u00e9sum\u00e9 de cette visite \u00e0 partir des M\u00e9moires de Guerre de Poincar\u00e9 par Daniel Lougnot)<\/p>\n\n\n\n<h1 class=\"wp-block-heading\">&nbsp;<\/h1>\n\n\n\n<p>Le dimanche 9 avril 1916, L\u00e9on Bourgeois<a href=\"#_ftn1\">[1]<\/a> exprime le souhait d\u2019accompagner le pr\u00e9sident de la R\u00e9publique, Raymond Poincar\u00e9 sur le front.&nbsp; Le chef de l\u2019\u00c9tat ne veut pas lui refuser mais est inquiet de l\u2019emmener en premi\u00e8re ligne en raison de son \u00e9tat de sant\u00e9. Il pr\u00e9pare un programme pour lui \u00e9viter trop de fatigue. Souffrant des reins et de la vessie, Bourgeois est soumis \u00e0 un r\u00e9gime s\u00e9v\u00e8re, mais Poincar\u00e9 appr\u00e9cie sa compagnie et sa conversation. Ils quittent la gare de l\u2019Est dans la soir\u00e9e du samedi et arrivent \u00e0 Belfort \u00e0 9 heures. Les g\u00e9n\u00e9raux \u00c9tienne de Villaret et Georges Demange les attendent.<\/p>\n\n\n\n<p>\u00ab\u00a0<em>Nous avons visit\u00e9 les lignes de d\u00e9fense de Belfort que Paul Doumer a trouv\u00e9es r\u00e9cemment insuffisantes et qu\u2019il a d\u00e9nonc\u00e9es comme telles \u00e0 la commission s\u00e9natoriale. Derri\u00e8re la premi\u00e8re et la deuxi\u00e8me position, nous avons parcouru successivement les lignes B et A. Nous sommes revenus de Delle \u00e0 Dannemarie o\u00f9 Bourgeois a pour la premi\u00e8re fois, pris contact avec l\u2019Alsace. Il \u00e9tait visiblement tr\u00e8s \u00e9mu. Notre arriv\u00e9e n\u2019\u00e9tait cependant pas annonc\u00e9e, la ville n\u2019\u00e9tait pas pavois\u00e9e comme \u00e0 mon dernier voyage et c\u2019est \u00e0 peine s\u2019il y avait quelques troupes rang\u00e9es sur la place, quelques notables sur notre parcours. Le vieux cur\u00e9<a href=\"#_ftn2\"><strong>[2]<\/strong><\/a> que j\u2019avais d\u00e9cor\u00e9 nagu\u00e8re<a href=\"#_ftn3\"><strong>[3]<\/strong><\/a> est mort, mort sans avoir vu son pays d\u00e9finitivement rendu \u00e0 la France<\/em>\u00ab\u00a0, \u00e9crit Poincar\u00e9. Une visite de l\u2019\u00e9cole a \u00e9t\u00e9 tr\u00e8s appr\u00e9ci\u00e9e par L\u00e9on Bourgeois. Avant d\u2019ajouter&nbsp;: &nbsp;\u00ab\u00a0<em>Nous sommes revenus d\u00e9jeuner dans le train, \u00e0 Montreux-le-Vieux, sur terre alsacienne, avec les g\u00e9n\u00e9raux Villaret<a href=\"#_ftn4\"><strong>[4]<\/strong><\/a> et Demange<a href=\"#_ftn5\"><strong>[5]<\/strong><\/a>, avec Messimy, qui commande maintenant pr\u00e8s de Dannemarie, et avec Paul Morel, d\u00e9put\u00e9 de Vesoul, ancien sous-secr\u00e9taire d\u2019\u00c9tat, mobilis\u00e9 \u00e0 Montreux<\/em>\u00ab\u00a0.<\/p>\n\n\n<div class=\"wp-block-image\">\n<figure class=\"aligncenter size-large\"><img loading=\"lazy\" decoding=\"async\" width=\"936\" height=\"771\" src=\"https:\/\/montreux-vieux.net\/montreux-vieux.net\/wp-content\/uploads\/2021\/07\/Screen-Shot-07-03-21-at-04.58-PM_InPixio.png\" alt=\"\" class=\"wp-image-23294\" srcset=\"https:\/\/montreux-vieux.net\/montreux-vieux.net\/wp-content\/uploads\/2021\/07\/Screen-Shot-07-03-21-at-04.58-PM_InPixio.png 936w, https:\/\/montreux-vieux.net\/montreux-vieux.net\/wp-content\/uploads\/2021\/07\/Screen-Shot-07-03-21-at-04.58-PM_InPixio-300x247.png 300w, https:\/\/montreux-vieux.net\/montreux-vieux.net\/wp-content\/uploads\/2021\/07\/Screen-Shot-07-03-21-at-04.58-PM_InPixio-768x633.png 768w\" sizes=\"auto, (max-width: 936px) 100vw, 936px\" \/><\/figure>\n<\/div>\n\n\n<p><em>Visite du pr\u00e9sident Poincar\u00e9<a href=\"#_ftn6\"><strong>[6]<\/strong><\/a>. Devant la poste allemande incendi\u00e9e le 13 ao\u00fbt 1914. De droite \u00e0 gauche, v\u00e9t\u00e9rans alsaciens m\u00e9daill\u00e9s de 1870, le cur\u00e9 alsacien auquel monsieur Poincar\u00e9 tend la main<a href=\"#_ftn7\"><strong>[7]<\/strong><\/a>, le maire avec l&rsquo;\u00e9charpe fran\u00e7aise<a href=\"#_ftn8\"><strong>[8]<\/strong><\/a>, le g\u00e9n\u00e9ral de Villaret, le g\u00e9n\u00e9ral Demange, le g\u00e9n\u00e9ral de Contades<a href=\"#_ftn9\"><strong>[9]<\/strong><\/a>, les enfants des \u00e9coles. On remarquera que l&rsquo;inscription \u00ab\u00a0Kaiserliches Postamt\u00a0\u00bb a \u00e9t\u00e9 arrach\u00e9e et partiellement r\u00e9utilis\u00e9e pour cr\u00e9er le mot \u00ab\u00a0Postes\u00a0\u00bb.<\/em><\/p>\n\n\n\n<p>Apr\u00e8s d\u00e9jeuner pendant que L\u00e9on Bourgeois se repose, le pr\u00e9sident Poincar\u00e9 remet des d\u00e9corations \u00e0 des officiers et des soldats de la 10e division de cavalerie et des 24e et 30e corps d\u2019arm\u00e9es. De nombreux habitants assistent \u00e0 la c\u00e9r\u00e9monie qui a lieu devant la gare. Les officiers se d\u00e9placent ensuite \u00e0 Masevaux. Ils y visitent l\u2019\u00e9glise, bient\u00f4t rejoints par de nombreuses familles. Poincar\u00e9 mentionne dans ses M\u00e9moires \u00e0 cette date : \u00ab\u00a0<em>J\u2019ai laiss\u00e9 500 francs au maire pour les victimes d\u2019avions allemands. Nous avons ensuite remont\u00e9 la jolie vall\u00e9e de la Doller jusqu\u2019\u00e0 Sewen. Nous nous sommes arr\u00eat\u00e9s aux usines de Niederbr\u00fcck qui fabriquent d\u00e9sormais des obus et qui ont aussi re\u00e7u la visite des avions allemands. Nous revenons \u00e0 Giromagny o\u00f9 nous visitons l\u2019\u00e9cole des petits Alsaciens que le bombardement de Seppois a forc\u00e9s \u00e0 quitter leur village natal. Je laisse 1000 francs \u00e0 Laurent-Atthalin<a href=\"#_ftn10\"><strong>[10]<\/strong><\/a>, administrateur militaire pour les \u00e9vacu\u00e9s. Je d\u00eene dans le train en t\u00eate-\u00e0-t\u00eate avec L\u00e9on Bourgeois qui est ravi de son voyage<\/em>\u00ab\u00a0, conclut Poincar\u00e9.<\/p>\n\n\n\n<hr class=\"wp-block-separator has-css-opacity\"\/>\n\n\n\n<p><a href=\"#_ftnref1\">[1]<\/a> L\u00e9on Bourgeois, n\u00e9 le 29 mai 1851 \u00e0 Paris et mort le 29 septembre 1925 au ch\u00e2teau d\u2019Oger (Marne), est un homme d&rsquo;\u00c9tat fran\u00e7ais.<\/p>\n\n\n\n<p>Issu d&rsquo;une famille modeste et r\u00e9publicaine, L\u00e9on Bourgeois int\u00e8gre l&rsquo;administration fran\u00e7aise en 1876, puis devient pr\u00e9fet du Tarn six ans plus tard. \u00c9lu d\u00e9put\u00e9 radical en 1888, il entame une longue carri\u00e8re minist\u00e9rielle quelques mois seulement apr\u00e8s son \u00e9lection \u00e0 la Chambre des d\u00e9put\u00e9s. Il devient alors un personnage \u00e9minent de ce r\u00e9gime parlementaire qu&rsquo;est la IIIe R\u00e9publique, puisqu&rsquo;il est nomm\u00e9 ministre de l&rsquo;Int\u00e9rieur en 1890.<\/p>\n\n\n\n<p>En 1895, il est nomm\u00e9 pr\u00e9sident du Conseil des ministres ; dirigeant un gouvernement exclusivement radical, il voit sa volont\u00e9 d&rsquo;instituer une politique de solidarit\u00e9 contrari\u00e9e par le Parlement, et plus particuli\u00e8rement par le S\u00e9nat. D\u00e9missionnaire, il reste cependant membre du gouvernement, charg\u00e9 de portefeuilles r\u00e9galiens comme les Affaires \u00e9trang\u00e8res. Parlementaire aguerri, il est l&rsquo;un des rares hommes politiques \u00e0 avoir pr\u00e9sid\u00e9 les deux chambres du Parlement que sont la Chambre des d\u00e9put\u00e9s, entre 1902 et 1904, et le S\u00e9nat, de 1920 \u00e0 1923.<\/p>\n\n\n\n<p>Devenu en 1920 pr\u00e9sident du premier Conseil de la Soci\u00e9t\u00e9 des Nations, L\u00e9on Bourgeois est \u00e9galement cette m\u00eame ann\u00e9e laur\u00e9at du prix Nobel de la paix.<\/p>\n\n\n\n<p><a href=\"#_ftnref2\">[2]<\/a> Jules Halm.<\/p>\n\n\n\n<p><a href=\"#_ftnref3\">[3]<\/a> D\u00e9cor\u00e9 des insignes de la l\u00e9gion d&rsquo;honneur lors de sa visite \u00e0 Dannemarie du 24 janvier 1916.<\/p>\n\n\n\n<p><a href=\"#_ftnref4\">[4]<\/a> Etienne de Villaret, commandant la 7e arm\u00e9e.<\/p>\n\n\n\n<p><a href=\"#_ftnref5\">[5]<\/a> Marie-Georges Demange, commandant de la r\u00e9gion fortifi\u00e9e de Belfort.<\/p>\n\n\n\n<p><a href=\"#_ftnref6\">[6]<\/a> BDIC, fonds Valois-Alsace (VAL 319\/164).<\/p>\n\n\n\n<p><a href=\"#_ftnref7\">[7]<\/a> Le chanoine Tschirhart.<\/p>\n\n\n\n<p><a href=\"#_ftnref8\">[8]<\/a> Jean-Pierre Violard.<\/p>\n\n\n\n<p><a href=\"#_ftnref9\">[9]<\/a> Erasme de Contades-Gizeux, commandant la 10e division de cavalerie.<\/p>\n\n\n\n<p><a href=\"#_ftnref10\">[10]<\/a> Le capitaine Laurent-Atthalin fut pr\u00e9c\u00e9demment le premier administrateur du cercle de Dannemarie.<\/p>\n\n\n\n<div class=\"wp-block-media-text alignfull has-media-on-the-right is-stacked-on-mobile is-vertically-aligned-center is-style-default\" style=\"grid-template-columns:auto 56%\"><div class=\"wp-block-media-text__content\">\n<h2 class=\"wp-block-heading has-text-color\" style=\"color:#000000\"><strong>Grand anniversaire :<\/strong><\/h2>\n\n\n\n<p class=\"has-text-color\" style=\"color:#636363;font-size:17px;line-height:1.1\">Madame Liliane Berche n\u00e9e Pfirsch une ancienne montreusienne f\u00eate aujourd&rsquo;hui ses .88 ans. Joyeux anniversaire<\/p>\n<\/div><figure class=\"wp-block-media-text__media\"><img loading=\"lazy\" decoding=\"async\" width=\"555\" height=\"536\" src=\"https:\/\/montreux-vieux.net\/montreux-vieux.net\/wp-content\/uploads\/2019\/10\/zzScreenShot691_InPixio.jpg\" alt=\"\" class=\"wp-image-18065 size-full\" srcset=\"https:\/\/montreux-vieux.net\/montreux-vieux.net\/wp-content\/uploads\/2019\/10\/zzScreenShot691_InPixio.jpg 555w, https:\/\/montreux-vieux.net\/montreux-vieux.net\/wp-content\/uploads\/2019\/10\/zzScreenShot691_InPixio-300x290.jpg 300w\" sizes=\"auto, (max-width: 555px) 100vw, 555px\" \/><\/figure><\/div>\n\n\n\n<p><strong>EXERCICES PRUSSIENS<\/strong>. \u2014 Mercredi dernier vers midi, des officiers prussiens suivis d\u2019une foule de curieux se rendaient de la gare de Montreux-vieux au pont de la rivi\u00e8re Saint-Nicolas entre Montreux-Vieux et Montreux-Ch\u00e2teau, pour y faire des exp\u00e9riences de guerre.<\/p>\n\n\n\n<p>Ils firent sauter le pont avec de la dynamite et quelques heures apr\u00e8s ils lavaient reconstruit.<\/p>\n\n\n\n<p>Sources : La Petite France de l&rsquo;Est,&nbsp;9 avr. 1884, p.&nbsp;3\/4<\/p>\n\n\n\n<p><strong> Un individu peu recommandable<\/strong>. <\/p>\n\n\n\n<p>\u2014 Le jour de P\u00e2ques un certain Asmus, vannier ambulant, accompagn\u00e9 de sa concubine, \u00e9tait venu chercher un logement chez Mme Rochat; il se prit de querelle avec celle derni\u00e8re et quelques locataires et comme on voulut le faire d\u00e9camper il se dressa contre tout le monde, distribuant des gifles et des coups de couteau \u00e0 tous ceux qui rapprochaient. Mme. Rochat fut bless\u00e9e ainsi que quelques autres personnes. Puis Asmus se sauva, mais il fut arr\u00eat\u00e9 par la gendarmera qui avait \u00e9t\u00e9 pr\u00e9venue, \u00e0 quelques kilom\u00e8tres de la fronti\u00e8re suisse, derri\u00e8re laquelle il voulait aller s&rsquo;abriter. Asmus et sa compagne ont \u00e9t\u00e9 \u00e9crou\u00e9s. Sources :L&rsquo;Express de Mulhouse,&nbsp;9 avr. 1926, p.&nbsp;2\/4<\/p>\n","protected":false},"excerpt":{"rendered":"<p>Nouvelle visite du Pr\u00e9sident de la R\u00e9publique 09 avril 1916 Nouvelle visite du Pr\u00e9sident de la R\u00e9publique. Il est arriv\u00e9 en gare de Mx-Vx \u00e0 1h \u00e0 2h il \u00e9tait en mairie. Il a remis quelques d\u00e9corations et repartit.Le G\u00e9n\u00e9ral &hellip; <a href=\"https:\/\/montreux-vieux.net\/?p=16063\">Continuer la lecture <span class=\"meta-nav\">&rarr;<\/span><\/a><\/p>\n","protected":false},"author":1,"featured_media":0,"comment_status":"open","ping_status":"open","sticky":false,"template":"","format":"standard","meta":{"footnotes":""},"categories":[1],"tags":[],"class_list":["post-16063","post","type-post","status-publish","format-standard","hentry","category-liens"],"_links":{"self":[{"href":"https:\/\/montreux-vieux.net\/index.php?rest_route=\/wp\/v2\/posts\/16063","targetHints":{"allow":["GET"]}}],"collection":[{"href":"https:\/\/montreux-vieux.net\/index.php?rest_route=\/wp\/v2\/posts"}],"about":[{"href":"https:\/\/montreux-vieux.net\/index.php?rest_route=\/wp\/v2\/types\/post"}],"author":[{"embeddable":true,"href":"https:\/\/montreux-vieux.net\/index.php?rest_route=\/wp\/v2\/users\/1"}],"replies":[{"embeddable":true,"href":"https:\/\/montreux-vieux.net\/index.php?rest_route=%2Fwp%2Fv2%2Fcomments&post=16063"}],"version-history":[{"count":18,"href":"https:\/\/montreux-vieux.net\/index.php?rest_route=\/wp\/v2\/posts\/16063\/revisions"}],"predecessor-version":[{"id":28637,"href":"https:\/\/montreux-vieux.net\/index.php?rest_route=\/wp\/v2\/posts\/16063\/revisions\/28637"}],"wp:attachment":[{"href":"https:\/\/montreux-vieux.net\/index.php?rest_route=%2Fwp%2Fv2%2Fmedia&parent=16063"}],"wp:term":[{"taxonomy":"category","embeddable":true,"href":"https:\/\/montreux-vieux.net\/index.php?rest_route=%2Fwp%2Fv2%2Fcategories&post=16063"},{"taxonomy":"post_tag","embeddable":true,"href":"https:\/\/montreux-vieux.net\/index.php?rest_route=%2Fwp%2Fv2%2Ftags&post=16063"}],"curies":[{"name":"wp","href":"https:\/\/api.w.org\/{rel}","templated":true}]}}