{"id":16104,"date":"2026-04-13T00:05:00","date_gmt":"2026-04-12T23:05:00","guid":{"rendered":"http:\/\/montreux-vieux.net\/?p=16104"},"modified":"2026-04-06T15:09:37","modified_gmt":"2026-04-06T14:09:37","slug":"que-sest-il-passe-a-montreux-vieux-un-13-avril","status":"publish","type":"post","link":"https:\/\/montreux-vieux.net\/?p=16104","title":{"rendered":"Que s\u2019est-il pass\u00e9 \u00e0 Montreux-Vieux un 13 avril ?"},"content":{"rendered":"\n<h2 class=\"has-text-align-center wp-block-heading\" style=\"font-size:60px\">D\u00e9linquants forestiers<\/h2>\n\n\n\n<p><strong>Le 13 avril 1862<\/strong> la commune est oblig\u00e9e de verser au Pr\u00e9fet la somme de 10 f pour le contingent des frais de nourriture des d\u00e9linquants forestiers insolvables. <\/p>\n\n\n\n<hr class=\"wp-block-separator has-css-opacity is-style-wide\"\/>\n\n\n\n<h2 class=\"has-text-align-center wp-block-heading\" style=\"font-size:60px\">Le clocher de l&rsquo;\u00e9glise d\u00e9capit\u00e9<\/h2>\n\n\n\n<p><strong>13 avril 1985<\/strong> Le clocher de l&rsquo;\u00e9glise est d\u00e9capit\u00e9 par la tornade <\/p>\n\n\n<div class=\"wp-block-image\">\n<figure class=\"aligncenter size-large\"><img loading=\"lazy\" decoding=\"async\" width=\"339\" height=\"588\" src=\"http:\/\/montreux-vieux.net\/montreux-vieux.net\/wp-content\/uploads\/2020\/04\/Screen-Shot-04-10-20-at-02.32-PM-1.png\" alt=\"\" class=\"wp-image-19202\" srcset=\"https:\/\/montreux-vieux.net\/montreux-vieux.net\/wp-content\/uploads\/2020\/04\/Screen-Shot-04-10-20-at-02.32-PM-1.png 339w, https:\/\/montreux-vieux.net\/montreux-vieux.net\/wp-content\/uploads\/2020\/04\/Screen-Shot-04-10-20-at-02.32-PM-1-173x300.png 173w\" sizes=\"auto, (max-width: 339px) 100vw, 339px\" \/><figcaption class=\"wp-element-caption\">Le clocher d\u00e9capit\u00e9<\/figcaption><\/figure>\n<\/div>\n\n\n<p>La foule accompagnant la d\u00e9pouille mortelle du sous-lieutenant des sapeurs-pompiers ; M. Jean-Paul Brungart, se trouvait au cimeti\u00e8re paroissial lorsqu\u2019une v\u00e9ritable tornade, pr\u00e9c\u00e9d\u00e9e par des coups de tonnerre violents \u00e9clata brusquement.<\/p>\n\n\n\n<p>Les rafales de vent accompagn\u00e9es de gr\u00eale d\u00e9ferl\u00e8rent sur le village, mutilant quelques arbres et arrachant quelques tuiles.<\/p>\n\n\n\n<p>L\u2019organiste, le professeur M. Pierrot Holbein, venait de quitter l\u2019\u00e9glise apr\u00e8s l\u2019office religieux lorsqu\u2019il vit brusquement la fl\u00e8che de l\u2019\u00e9glise osciller dangereusement, avant de se coucher, la croix en fer d\u2019une hauteur de 4 m, se rabattant sur les ardoises du clocher, le paratonnerre restant le seul point d\u2019attache fragile. Aussit\u00f4t, les pompiers sur place prirent les mesures d\u2019urgence n\u00e9cessaires, barrant la rue de l\u2019Eglise, la croix se balan\u00e7ant dangereusement \u00e0 40 m\u00e8tres du sol \u00e0 chaque coup de vent, et risquant de se d\u00e9tacher \u00e0 tout moment\u2026<\/p>\n\n\n\n<p>Le maire, averti, fit appel au capitaine Hartmann, inspecteur d\u00e9partemental adjoint des Services Incendie et de Secours, afin de trouver une \u00e9chelle ad\u00e9quate pouvant atteindre \u00ab l\u2019objet volant \u00bb. Mais la plus grande \u00e9chelle des sapeurs pompiers de Mulhouse n\u2019atteignant que 36 m\u00e8tres, ne pouvait pas convenir. L\u2019affaire en resta donc l\u00e0, toutes les pr\u00e9cautions devant \u00eatres prises, par les personnes se rendant aux offices, en longeant l\u2019\u00e9difice pour atteindre l\u2019entr\u00e9e principale.<\/p>\n\n\n\n<div class=\"wp-block-media-text alignfull has-media-on-the-right is-stacked-on-mobile is-vertically-aligned-center is-style-default\" style=\"grid-template-columns:auto 56%\"><div class=\"wp-block-media-text__content\">\n<h2 class=\"has-text-color wp-block-heading\" style=\"color:#000000\"><strong>Une pens\u00e9e pour  : <\/strong><\/h2>\n\n\n\n<ul class=\"wp-block-list\">\n<li>Madame Callerant Jeanne n\u00e9e SCHNEKENBURGER, d\u00e9c\u00e9d\u00e9e le 13 avril 2020.<\/li>\n<\/ul>\n<\/div><figure class=\"wp-block-media-text__media\"><img loading=\"lazy\" decoding=\"async\" width=\"400\" height=\"290\" src=\"https:\/\/montreux-vieux.net\/montreux-vieux.net\/wp-content\/uploads\/2021\/01\/2536644_16f34-1.jpg\" alt=\"\" class=\"wp-image-22365 size-full\" srcset=\"https:\/\/montreux-vieux.net\/montreux-vieux.net\/wp-content\/uploads\/2021\/01\/2536644_16f34-1.jpg 400w, https:\/\/montreux-vieux.net\/montreux-vieux.net\/wp-content\/uploads\/2021\/01\/2536644_16f34-1-300x218.jpg 300w\" sizes=\"auto, (max-width: 400px) 100vw, 400px\" \/><\/figure><\/div>\n\n\n\n<p><\/p>\n","protected":false},"excerpt":{"rendered":"<p>D\u00e9linquants forestiers Le 13 avril 1862 la commune est oblig\u00e9e de verser au Pr\u00e9fet la somme de 10 f pour le contingent des frais de nourriture des d\u00e9linquants forestiers insolvables. Le clocher de l&rsquo;\u00e9glise d\u00e9capit\u00e9 13 avril 1985 Le clocher &hellip; <a href=\"https:\/\/montreux-vieux.net\/?p=16104\">Continuer la lecture <span class=\"meta-nav\">&rarr;<\/span><\/a><\/p>\n","protected":false},"author":1,"featured_media":0,"comment_status":"open","ping_status":"open","sticky":false,"template":"","format":"standard","meta":{"footnotes":""},"categories":[1],"tags":[],"class_list":["post-16104","post","type-post","status-publish","format-standard","hentry","category-liens"],"_links":{"self":[{"href":"https:\/\/montreux-vieux.net\/index.php?rest_route=\/wp\/v2\/posts\/16104","targetHints":{"allow":["GET"]}}],"collection":[{"href":"https:\/\/montreux-vieux.net\/index.php?rest_route=\/wp\/v2\/posts"}],"about":[{"href":"https:\/\/montreux-vieux.net\/index.php?rest_route=\/wp\/v2\/types\/post"}],"author":[{"embeddable":true,"href":"https:\/\/montreux-vieux.net\/index.php?rest_route=\/wp\/v2\/users\/1"}],"replies":[{"embeddable":true,"href":"https:\/\/montreux-vieux.net\/index.php?rest_route=%2Fwp%2Fv2%2Fcomments&post=16104"}],"version-history":[{"count":9,"href":"https:\/\/montreux-vieux.net\/index.php?rest_route=\/wp\/v2\/posts\/16104\/revisions"}],"predecessor-version":[{"id":25759,"href":"https:\/\/montreux-vieux.net\/index.php?rest_route=\/wp\/v2\/posts\/16104\/revisions\/25759"}],"wp:attachment":[{"href":"https:\/\/montreux-vieux.net\/index.php?rest_route=%2Fwp%2Fv2%2Fmedia&parent=16104"}],"wp:term":[{"taxonomy":"category","embeddable":true,"href":"https:\/\/montreux-vieux.net\/index.php?rest_route=%2Fwp%2Fv2%2Fcategories&post=16104"},{"taxonomy":"post_tag","embeddable":true,"href":"https:\/\/montreux-vieux.net\/index.php?rest_route=%2Fwp%2Fv2%2Ftags&post=16104"}],"curies":[{"name":"wp","href":"https:\/\/api.w.org\/{rel}","templated":true}]}}