{"id":16180,"date":"2026-04-19T00:05:00","date_gmt":"2026-04-18T23:05:00","guid":{"rendered":"http:\/\/montreux-vieux.net\/?p=16180"},"modified":"2026-04-06T15:15:07","modified_gmt":"2026-04-06T14:15:07","slug":"que-sest-il-passe-a-montreux-vieux-un-19-avril","status":"publish","type":"post","link":"https:\/\/montreux-vieux.net\/?p=16180","title":{"rendered":"Que s\u2019est-il pass\u00e9 \u00e0 Montreux-Vieux un 19 avril ?"},"content":{"rendered":"\n<h2 class=\"has-text-align-center wp-block-heading\" style=\"font-size:60px\">Remplacement du Garde Champ\u00eatre<\/h2>\n\n\n\n<p><strong>19 avril 1827 <\/strong>Remplacement du Garde Champ\u00eatre Jean Claude Patat par Serre Joseph domicili\u00e9 \u00e0 Chaux ancien militaire retrait\u00e9<\/p>\n\n\n\n<p>Le choix du garde chasse se porte sur Charles Joseph Cuenin en remplacement de Poure Fran\u00e7ois Xavier d\u00e9missionnaire <\/p>\n\n\n\n<hr class=\"wp-block-separator has-css-opacity is-style-wide\"\/>\n\n\n\n<h2 class=\"has-text-align-center wp-block-heading\" style=\"font-size:60px\">Naissance de Birry Martin<\/h2>\n\n\n\n<p><strong>19 avril 1906<\/strong> Naissance de Birry Martin Br\u00e9chaumont, sapeur pompier<\/p>\n\n\n\n<hr class=\"wp-block-separator has-css-opacity is-style-wide\"\/>\n\n\n\n<h2 class=\"has-text-align-center wp-block-heading\" style=\"font-size:60px\">Organisation de la pr\u00e9v\u00f4t\u00e9 du Quartier G\u00e9n\u00e9ral<\/h2>\n\n\n\n<p><strong>19 avril 1917<\/strong> &nbsp;3 grad\u00e9s et\u2019 12 gendarmes \u00e0 cheval quittent Limoges, le,9 octobre 1915, \u00e0 destination de Montreux-Vieux o\u00f9 est organis\u00e9e la pr\u00e9v\u00f4t\u00e9 du Quartier g\u00e9n\u00e9ral de la r\u00e9gion fortifi\u00e9e de Belfort. <\/p>\n\n\n\n<p>A partir du 21 octobre 1916 la gendarmerie assure un service sp\u00e9cial de surveillance \u00e0 la fronti\u00e8re Suisse. Les postes d\u00e9tach\u00e9s en diff\u00e9rents points rejoignent Montreux-Vieux le 19 avril 1917 <a href=\"http:\/\/montreux-vieux.net\/?page_id=10839\" target=\"_blank\" rel=\"noreferrer noopener\" aria-label=\"http:\/\/montreux-vieux.net\/?page_id=10839 (s\u2019ouvre dans un nouvel onglet)\">http:\/\/montreux-vieux.net\/?page_id=10839<\/a><\/p>\n","protected":false},"excerpt":{"rendered":"<p>Remplacement du Garde Champ\u00eatre 19 avril 1827 Remplacement du Garde Champ\u00eatre Jean Claude Patat par Serre Joseph domicili\u00e9 \u00e0 Chaux ancien militaire retrait\u00e9 Le choix du garde chasse se porte sur Charles Joseph Cuenin en remplacement de Poure Fran\u00e7ois Xavier &hellip; <a href=\"https:\/\/montreux-vieux.net\/?p=16180\">Continuer la lecture <span class=\"meta-nav\">&rarr;<\/span><\/a><\/p>\n","protected":false},"author":1,"featured_media":0,"comment_status":"open","ping_status":"open","sticky":false,"template":"","format":"standard","meta":{"footnotes":""},"categories":[1],"tags":[],"class_list":["post-16180","post","type-post","status-publish","format-standard","hentry","category-liens"],"_links":{"self":[{"href":"https:\/\/montreux-vieux.net\/index.php?rest_route=\/wp\/v2\/posts\/16180","targetHints":{"allow":["GET"]}}],"collection":[{"href":"https:\/\/montreux-vieux.net\/index.php?rest_route=\/wp\/v2\/posts"}],"about":[{"href":"https:\/\/montreux-vieux.net\/index.php?rest_route=\/wp\/v2\/types\/post"}],"author":[{"embeddable":true,"href":"https:\/\/montreux-vieux.net\/index.php?rest_route=\/wp\/v2\/users\/1"}],"replies":[{"embeddable":true,"href":"https:\/\/montreux-vieux.net\/index.php?rest_route=%2Fwp%2Fv2%2Fcomments&post=16180"}],"version-history":[{"count":7,"href":"https:\/\/montreux-vieux.net\/index.php?rest_route=\/wp\/v2\/posts\/16180\/revisions"}],"predecessor-version":[{"id":25769,"href":"https:\/\/montreux-vieux.net\/index.php?rest_route=\/wp\/v2\/posts\/16180\/revisions\/25769"}],"wp:attachment":[{"href":"https:\/\/montreux-vieux.net\/index.php?rest_route=%2Fwp%2Fv2%2Fmedia&parent=16180"}],"wp:term":[{"taxonomy":"category","embeddable":true,"href":"https:\/\/montreux-vieux.net\/index.php?rest_route=%2Fwp%2Fv2%2Fcategories&post=16180"},{"taxonomy":"post_tag","embeddable":true,"href":"https:\/\/montreux-vieux.net\/index.php?rest_route=%2Fwp%2Fv2%2Ftags&post=16180"}],"curies":[{"name":"wp","href":"https:\/\/api.w.org\/{rel}","templated":true}]}}