{"id":16182,"date":"2026-04-20T08:13:49","date_gmt":"2026-04-20T07:13:49","guid":{"rendered":"http:\/\/montreux-vieux.net\/?p=16182"},"modified":"2026-04-20T08:13:49","modified_gmt":"2026-04-20T07:13:49","slug":"que-sest-il-passe-a-montreux-vieux-un-20-avril","status":"publish","type":"post","link":"https:\/\/montreux-vieux.net\/?p=16182","title":{"rendered":"Que s\u2019est-il pass\u00e9 \u00e0 Montreux-Vieux un 20 avril ?"},"content":{"rendered":"\n<h2 class=\"wp-block-heading has-text-align-center\" style=\"font-size:60px\">Incidents \u00e0 la fronti\u00e8re allemande<\/h2>\n\n\n\n<p><strong>20 avril 1892<\/strong> Incidents \u00e0 la fronti\u00e8re allemande Belfort. 20 avril. Hier matin, \u00e0 Montreux-Vieux, un voyageur fran\u00e7ais, qui arrivait par le train poste de Paris, lisait la France dans la salle des Pas-Perdus, sans se rappeler probablement que le journal est interdit en Alsace. Le gendarme de service, qui se trouve \u00e0 la sortie des voyageurs, ayant aper\u00e7u un des journaux qui ont le don de d\u00e9plaire \u00e0 l\u2019administration teutonne, s\u2019approcha de notre compatriote, et, sans autre observation, lui arracha la feuille des mains. Le plus dr\u00f4le de l\u2019affaire, c\u2019est que le gendarme s&rsquo;en alla s&rsquo;asseoir dans la salle d\u2019attente des troisi\u00e8mes et l\u00e0 se mit \u00e0 lire bien tranquillement la \u00ab France \u00bb, au nez et \u00e0 la barbe du Fran\u00e7ais, dont je renonce \u00e0 peindre l\u2019\u00e9bahissement. Sources&nbsp;: Le Bien Public 22 avril 1892<\/p>\n\n\n\n<hr class=\"wp-block-separator has-css-opacity is-style-wide\"\/>\n\n\n\n<p><\/p>\n\n\n\n<h2 class=\"wp-block-heading has-text-align-center\" style=\"font-size:60px\">Arrestation d&rsquo;un employ\u00e9 de la Gare<\/h2>\n\n\n\n<p><strong> 20 avril.1893<\/strong> Les gendarmes de la brigade de Dannemarie de service \u00e0 la gare fronti\u00e8re allemande de Montreux-Vieux \u2014 Alt-Munsterol \u2014 ont proc\u00e9d\u00e9 hier \u00e0 l\u2019arrestation d\u2019un employ\u00e9 de la gare, \u00e0 la grande stup\u00e9faction de ses coll\u00e8gues.<br> <\/p>\n","protected":false},"excerpt":{"rendered":"<p>Incidents \u00e0 la fronti\u00e8re allemande 20 avril 1892 Incidents \u00e0 la fronti\u00e8re allemande Belfort. 20 avril. Hier matin, \u00e0 Montreux-Vieux, un voyageur fran\u00e7ais, qui arrivait par le train poste de Paris, lisait la France dans la salle des Pas-Perdus, sans &hellip; <a href=\"https:\/\/montreux-vieux.net\/?p=16182\">Continuer la lecture <span class=\"meta-nav\">&rarr;<\/span><\/a><\/p>\n","protected":false},"author":1,"featured_media":0,"comment_status":"open","ping_status":"open","sticky":false,"template":"","format":"standard","meta":{"footnotes":""},"categories":[1],"tags":[],"class_list":["post-16182","post","type-post","status-publish","format-standard","hentry","category-liens"],"_links":{"self":[{"href":"https:\/\/montreux-vieux.net\/index.php?rest_route=\/wp\/v2\/posts\/16182","targetHints":{"allow":["GET"]}}],"collection":[{"href":"https:\/\/montreux-vieux.net\/index.php?rest_route=\/wp\/v2\/posts"}],"about":[{"href":"https:\/\/montreux-vieux.net\/index.php?rest_route=\/wp\/v2\/types\/post"}],"author":[{"embeddable":true,"href":"https:\/\/montreux-vieux.net\/index.php?rest_route=\/wp\/v2\/users\/1"}],"replies":[{"embeddable":true,"href":"https:\/\/montreux-vieux.net\/index.php?rest_route=%2Fwp%2Fv2%2Fcomments&post=16182"}],"version-history":[{"count":12,"href":"https:\/\/montreux-vieux.net\/index.php?rest_route=\/wp\/v2\/posts\/16182\/revisions"}],"predecessor-version":[{"id":25986,"href":"https:\/\/montreux-vieux.net\/index.php?rest_route=\/wp\/v2\/posts\/16182\/revisions\/25986"}],"wp:attachment":[{"href":"https:\/\/montreux-vieux.net\/index.php?rest_route=%2Fwp%2Fv2%2Fmedia&parent=16182"}],"wp:term":[{"taxonomy":"category","embeddable":true,"href":"https:\/\/montreux-vieux.net\/index.php?rest_route=%2Fwp%2Fv2%2Fcategories&post=16182"},{"taxonomy":"post_tag","embeddable":true,"href":"https:\/\/montreux-vieux.net\/index.php?rest_route=%2Fwp%2Fv2%2Ftags&post=16182"}],"curies":[{"name":"wp","href":"https:\/\/api.w.org\/{rel}","templated":true}]}}