{"id":16212,"date":"2026-04-22T00:05:00","date_gmt":"2026-04-21T23:05:00","guid":{"rendered":"http:\/\/montreux-vieux.net\/?p=16212"},"modified":"2026-04-06T15:18:14","modified_gmt":"2026-04-06T14:18:14","slug":"que-sest-il-passe-a-montreux-vieux-un-22-avril","status":"publish","type":"post","link":"https:\/\/montreux-vieux.net\/?p=16212","title":{"rendered":"Que s\u2019est-il pass\u00e9 \u00e0 Montreux-Vieux un 22 avril ?"},"content":{"rendered":"\n<h2 class=\"wp-block-heading has-text-align-center\" style=\"font-size:60px\">Un fonctionnaire incendiaire<\/h2>\n\n\n\n<p><strong>22 avril 1893<\/strong> UN FONCTIONNAIRE INCENDIAIRE ; On mande de Belfort : Les gendarmes de la brigade de Dannemarie de service \u00e0 la gare fronti\u00e8re allemande de Montreux-Vieux \u2014 Alt-Munsterol \u2014 ont proc\u00e9d\u00e9 hier \u00e0 l\u2019arrestation d\u2019un employ\u00e9 de la gare, \u00e0 la grande stup\u00e9faction de ses coll\u00e8gues. le fonctionnaire est accus\u00e9 d\u2019\u00eatre l\u2019auteur de l\u2019incendie qui a \u00e9clat\u00e9 dans une partie de la gare des marchandises, dans lu nuit de lundi, ci dont on constata les causes, dues incontestablement \u00e0 la malveillance. L&rsquo;incendiaire a \u00e9t\u00e9 dirig\u00e9 sur Mulhouse.<\/p>\n\n\n\n<p>Sources&nbsp;: Le Petit Troyen 22 avril 1893<\/p>\n\n\n\n<hr class=\"wp-block-separator has-css-opacity is-style-wide\"\/>\n\n\n\n<h2 class=\"wp-block-heading has-text-align-center\" style=\"font-size:60px\">Arrestations de criminels<\/h2>\n\n\n\n<p><strong>22 avril 1910<\/strong> Arrestations de criminels <a rel=\"noreferrer noopener\" href=\"http:\/\/montreux-vieux.net\/?page_id=20024\" target=\"_blank\">http:\/\/montreux-vieux.net\/?page_id=20024<\/a><\/p>\n\n\n\n<hr class=\"wp-block-separator has-css-opacity is-style-wide\"\/>\n\n\n\n<h2 class=\"wp-block-heading has-text-align-center\" style=\"font-size:60px\">D\u00e9c\u00e8s de Jacques Marie Gustave Schickele<\/h2>\n\n\n\n<p><strong>22 avril 1927.<\/strong> D\u00e9c\u00e8s de Schickel\u00e9. N\u00e9 le 11 mai 1875   \u00e0 Montreux-Vieux Jacques Marie Gustave SCHICKELE. Nomm\u00e9 professeur de gyn\u00e9cologie et d\u2019accouchements de 1919 \u00e0 1926 fonction, il cumula cette fonction avec celle de directeur de l\u2019\u00e9cole de sages-femmes . Il a mis au point avec l\u2019Ecole de Strasbourg et avec son assistant J.Krei l\u2019accouchement m\u00e9dical ou \u00ab dirig\u00e9 \u00bb. Il a \u00e9t\u00e9 le propagateur en France de la c\u00e9sarienne basse permettant de mettre l\u2019enfant au monde sans l\u2019ouverture du p\u00e9ritoine. Il est d\u00e9c\u00e9d\u00e9 \u00e0 B\u00e2le le 22 avril 1927. <\/p>\n\n\n<div class=\"wp-block-image\">\n<figure class=\"aligncenter is-resized\"><img loading=\"lazy\" decoding=\"async\" width=\"1024\" height=\"714\" src=\"http:\/\/montreux-vieux.net\/montreux-vieux.net\/wp-content\/uploads\/2019\/04\/Num\u00e9riser0001-1024x714.jpg\" alt=\"\" class=\"wp-image-16213\" style=\"width:594px;height:413px\" srcset=\"https:\/\/montreux-vieux.net\/montreux-vieux.net\/wp-content\/uploads\/2019\/04\/Num\u00e9riser0001-1024x714.jpg 1024w, https:\/\/montreux-vieux.net\/montreux-vieux.net\/wp-content\/uploads\/2019\/04\/Num\u00e9riser0001-300x209.jpg 300w, https:\/\/montreux-vieux.net\/montreux-vieux.net\/wp-content\/uploads\/2019\/04\/Num\u00e9riser0001-768x536.jpg 768w, https:\/\/montreux-vieux.net\/montreux-vieux.net\/wp-content\/uploads\/2019\/04\/Num\u00e9riser0001-600x418.jpg 600w, https:\/\/montreux-vieux.net\/montreux-vieux.net\/wp-content\/uploads\/2019\/04\/Num\u00e9riser0001-1320x921.jpg 1320w, https:\/\/montreux-vieux.net\/montreux-vieux.net\/wp-content\/uploads\/2019\/04\/Num\u00e9riser0001.jpg 1791w\" sizes=\"auto, (max-width: 1024px) 100vw, 1024px\" \/><\/figure>\n<\/div>","protected":false},"excerpt":{"rendered":"<p>Un fonctionnaire incendiaire 22 avril 1893 UN FONCTIONNAIRE INCENDIAIRE ; On mande de Belfort : Les gendarmes de la brigade de Dannemarie de service \u00e0 la gare fronti\u00e8re allemande de Montreux-Vieux \u2014 Alt-Munsterol \u2014 ont proc\u00e9d\u00e9 hier \u00e0 l\u2019arrestation d\u2019un &hellip; <a href=\"https:\/\/montreux-vieux.net\/?p=16212\">Continuer la lecture <span class=\"meta-nav\">&rarr;<\/span><\/a><\/p>\n","protected":false},"author":1,"featured_media":0,"comment_status":"open","ping_status":"open","sticky":false,"template":"","format":"standard","meta":{"footnotes":""},"categories":[1],"tags":[],"class_list":["post-16212","post","type-post","status-publish","format-standard","hentry","category-liens"],"_links":{"self":[{"href":"https:\/\/montreux-vieux.net\/index.php?rest_route=\/wp\/v2\/posts\/16212","targetHints":{"allow":["GET"]}}],"collection":[{"href":"https:\/\/montreux-vieux.net\/index.php?rest_route=\/wp\/v2\/posts"}],"about":[{"href":"https:\/\/montreux-vieux.net\/index.php?rest_route=\/wp\/v2\/types\/post"}],"author":[{"embeddable":true,"href":"https:\/\/montreux-vieux.net\/index.php?rest_route=\/wp\/v2\/users\/1"}],"replies":[{"embeddable":true,"href":"https:\/\/montreux-vieux.net\/index.php?rest_route=%2Fwp%2Fv2%2Fcomments&post=16212"}],"version-history":[{"count":11,"href":"https:\/\/montreux-vieux.net\/index.php?rest_route=\/wp\/v2\/posts\/16212\/revisions"}],"predecessor-version":[{"id":28077,"href":"https:\/\/montreux-vieux.net\/index.php?rest_route=\/wp\/v2\/posts\/16212\/revisions\/28077"}],"wp:attachment":[{"href":"https:\/\/montreux-vieux.net\/index.php?rest_route=%2Fwp%2Fv2%2Fmedia&parent=16212"}],"wp:term":[{"taxonomy":"category","embeddable":true,"href":"https:\/\/montreux-vieux.net\/index.php?rest_route=%2Fwp%2Fv2%2Fcategories&post=16212"},{"taxonomy":"post_tag","embeddable":true,"href":"https:\/\/montreux-vieux.net\/index.php?rest_route=%2Fwp%2Fv2%2Ftags&post=16212"}],"curies":[{"name":"wp","href":"https:\/\/api.w.org\/{rel}","templated":true}]}}