{"id":16218,"date":"2026-04-24T00:05:00","date_gmt":"2026-04-23T23:05:00","guid":{"rendered":"http:\/\/montreux-vieux.net\/?p=16218"},"modified":"2026-04-06T15:19:19","modified_gmt":"2026-04-06T14:19:19","slug":"que-sest-il-passe-a-montreux-vieux-un-24-avril","status":"publish","type":"post","link":"https:\/\/montreux-vieux.net\/?p=16218","title":{"rendered":"Que s\u2019est-il pass\u00e9 \u00e0 Montreux-Vieux un 24 avril ?"},"content":{"rendered":"\n<h2 class=\"has-text-align-center wp-block-heading\" style=\"font-size:60px\">Gustave Cuenin acquitt\u00e9 <\/h2>\n\n\n\n<p><strong>24&nbsp; avril 1897<\/strong> Le sieur Gustave Cuenin, \u00e2g\u00e9 de 21 ans, originaire de Montreux-Vieux, accus\u00e9 de fabrication de fausse monnaie, est acquitt\u00e9.<\/p>\n\n\n\n<p>Sources&nbsp;: Express du <strong>24&nbsp; avril 1897<\/strong><\/p>\n\n\n\n<hr class=\"wp-block-separator has-css-opacity is-style-wide\"\/>\n\n\n\n<h2 class=\"has-text-align-center wp-block-heading\" style=\"font-size:60px\">Visite du G\u00e9n\u00e9ral Franchet d&rsquo;Esperey<\/h2>\n\n\n\n<p><strong>24 avril 1916<\/strong> Visite du G\u00e9n\u00e9ral Franchet D&rsquo;Esperey . <a rel=\"noreferrer noopener\" href=\"http:\/\/montreux-vieux.net\/?page_id=4933\" target=\"_blank\">http:\/\/montreux-vieux.net\/?page_id=4933<\/a><\/p>\n\n\n<div class=\"wp-block-image\">\n<figure class=\"aligncenter\"><img loading=\"lazy\" decoding=\"async\" width=\"335\" height=\"429\" src=\"http:\/\/montreux-vieux.net\/montreux-vieux.net\/wp-content\/uploads\/2019\/04\/ScreenShot01003.jpg\" alt=\"\" class=\"wp-image-16246\" srcset=\"https:\/\/montreux-vieux.net\/montreux-vieux.net\/wp-content\/uploads\/2019\/04\/ScreenShot01003.jpg 335w, https:\/\/montreux-vieux.net\/montreux-vieux.net\/wp-content\/uploads\/2019\/04\/ScreenShot01003-234x300.jpg 234w\" sizes=\"auto, (max-width: 335px) 100vw, 335px\" \/><figcaption class=\"wp-element-caption\">A l&rsquo;entr\u00e9e de l&rsquo;ancienne Poste<\/figcaption><\/figure>\n<\/div>\n\n\n<h2 class=\"has-text-align-center wp-block-heading\" style=\"font-size:60px\">Incendie \u00e0 la Filature<\/h2>\n\n\n\n<p><strong>24 avril 1967<\/strong> 100 tonnes de coton brulent \u00e0 la Filature et Tissage <\/p>\n","protected":false},"excerpt":{"rendered":"<p>Gustave Cuenin acquitt\u00e9 24&nbsp; avril 1897 Le sieur Gustave Cuenin, \u00e2g\u00e9 de 21 ans, originaire de Montreux-Vieux, accus\u00e9 de fabrication de fausse monnaie, est acquitt\u00e9. Sources&nbsp;: Express du 24&nbsp; avril 1897 Visite du G\u00e9n\u00e9ral Franchet d&rsquo;Esperey 24 avril 1916 Visite &hellip; <a href=\"https:\/\/montreux-vieux.net\/?p=16218\">Continuer la lecture <span class=\"meta-nav\">&rarr;<\/span><\/a><\/p>\n","protected":false},"author":1,"featured_media":0,"comment_status":"open","ping_status":"open","sticky":false,"template":"","format":"standard","meta":{"footnotes":""},"categories":[1],"tags":[],"class_list":["post-16218","post","type-post","status-publish","format-standard","hentry","category-liens"],"_links":{"self":[{"href":"https:\/\/montreux-vieux.net\/index.php?rest_route=\/wp\/v2\/posts\/16218","targetHints":{"allow":["GET"]}}],"collection":[{"href":"https:\/\/montreux-vieux.net\/index.php?rest_route=\/wp\/v2\/posts"}],"about":[{"href":"https:\/\/montreux-vieux.net\/index.php?rest_route=\/wp\/v2\/types\/post"}],"author":[{"embeddable":true,"href":"https:\/\/montreux-vieux.net\/index.php?rest_route=\/wp\/v2\/users\/1"}],"replies":[{"embeddable":true,"href":"https:\/\/montreux-vieux.net\/index.php?rest_route=%2Fwp%2Fv2%2Fcomments&post=16218"}],"version-history":[{"count":9,"href":"https:\/\/montreux-vieux.net\/index.php?rest_route=\/wp\/v2\/posts\/16218\/revisions"}],"predecessor-version":[{"id":25773,"href":"https:\/\/montreux-vieux.net\/index.php?rest_route=\/wp\/v2\/posts\/16218\/revisions\/25773"}],"wp:attachment":[{"href":"https:\/\/montreux-vieux.net\/index.php?rest_route=%2Fwp%2Fv2%2Fmedia&parent=16218"}],"wp:term":[{"taxonomy":"category","embeddable":true,"href":"https:\/\/montreux-vieux.net\/index.php?rest_route=%2Fwp%2Fv2%2Fcategories&post=16218"},{"taxonomy":"post_tag","embeddable":true,"href":"https:\/\/montreux-vieux.net\/index.php?rest_route=%2Fwp%2Fv2%2Ftags&post=16218"}],"curies":[{"name":"wp","href":"https:\/\/api.w.org\/{rel}","templated":true}]}}