{"id":16235,"date":"2026-04-27T00:05:00","date_gmt":"2026-04-26T23:05:00","guid":{"rendered":"http:\/\/montreux-vieux.net\/?p=16235"},"modified":"2026-04-06T15:20:59","modified_gmt":"2026-04-06T14:20:59","slug":"que-sest-il-passe-a-montreux-vieux-un-27-avril","status":"publish","type":"post","link":"https:\/\/montreux-vieux.net\/?p=16235","title":{"rendered":"Que s\u2019est-il pass\u00e9 \u00e0 Montreux-Vieux un 27 avril ?"},"content":{"rendered":"\n<div class=\"wp-block-media-text alignfull has-media-on-the-right is-stacked-on-mobile is-vertically-aligned-center is-style-default\" style=\"grid-template-columns:auto 56%\"><div class=\"wp-block-media-text__content\">\n<h2 class=\"wp-block-heading has-text-color\" style=\"color:#000000\"><strong>Une pens\u00e9e pour : <\/strong><\/h2>\n\n\n\n<ul class=\"wp-block-list\">\n<li>Madame DESARD, d\u00e9c\u00e9d\u00e9e le 27 avril 2017.  <\/li>\n\n\n\n<li> Monsieur Rouillon Lucien, d\u00e9c\u00e9d\u00e9 le 27 avril 2019.<\/li>\n<\/ul>\n<\/div><figure class=\"wp-block-media-text__media\"><img loading=\"lazy\" decoding=\"async\" width=\"400\" height=\"290\" src=\"https:\/\/montreux-vieux.net\/montreux-vieux.net\/wp-content\/uploads\/2021\/01\/2536644_16f34-1.jpg\" alt=\"\" class=\"wp-image-22365 size-full\" srcset=\"https:\/\/montreux-vieux.net\/montreux-vieux.net\/wp-content\/uploads\/2021\/01\/2536644_16f34-1.jpg 400w, https:\/\/montreux-vieux.net\/montreux-vieux.net\/wp-content\/uploads\/2021\/01\/2536644_16f34-1-300x218.jpg 300w\" sizes=\"auto, (max-width: 400px) 100vw, 400px\" \/><\/figure><\/div>\n\n\n\n<p><\/p>\n\n\n\n<h2 class=\"wp-block-heading has-text-align-center\" style=\"font-size:60px\">Lev\u00e9e de cr\u00e9ance<\/h2>\n\n\n\n<p><strong>27 avril 1919<\/strong> La proc\u00e9dure de sommation avec d\u00e9fense de&nbsp;payer intent\u00e9e par M. Louis Kuhn, n\u00e9gociant \u00e0&nbsp;Montreux-Vieux,&nbsp;actuellement \u00e0 B\u00e2le, relative&nbsp;aux lettres de gage \u00e0 3 1\/2 p. 100 de la soci\u00e9t\u00e9&nbsp;anonyme du Cr\u00e9dit foncier et communal d\u2019Alsace-Lorraine \u00e0 Strasbourg, s\u00e9rie III, Lit B,&nbsp;nos 3876, 3878. 3881 et 3882, chacune d\u2019une valeur de 1,000 M., est lev\u00e9e. jo 27\/4\/1919 <\/p>\n\n\n\n<p><\/p>\n","protected":false},"excerpt":{"rendered":"<p>Lev\u00e9e de cr\u00e9ance 27 avril 1919 La proc\u00e9dure de sommation avec d\u00e9fense de&nbsp;payer intent\u00e9e par M. Louis Kuhn, n\u00e9gociant \u00e0&nbsp;Montreux-Vieux,&nbsp;actuellement \u00e0 B\u00e2le, relative&nbsp;aux lettres de gage \u00e0 3 1\/2 p. 100 de la soci\u00e9t\u00e9&nbsp;anonyme du Cr\u00e9dit foncier et communal d\u2019Alsace-Lorraine &hellip; <a href=\"https:\/\/montreux-vieux.net\/?p=16235\">Continuer la lecture <span class=\"meta-nav\">&rarr;<\/span><\/a><\/p>\n","protected":false},"author":1,"featured_media":0,"comment_status":"open","ping_status":"open","sticky":false,"template":"","format":"standard","meta":{"footnotes":""},"categories":[1],"tags":[],"class_list":["post-16235","post","type-post","status-publish","format-standard","hentry","category-liens"],"_links":{"self":[{"href":"https:\/\/montreux-vieux.net\/index.php?rest_route=\/wp\/v2\/posts\/16235","targetHints":{"allow":["GET"]}}],"collection":[{"href":"https:\/\/montreux-vieux.net\/index.php?rest_route=\/wp\/v2\/posts"}],"about":[{"href":"https:\/\/montreux-vieux.net\/index.php?rest_route=\/wp\/v2\/types\/post"}],"author":[{"embeddable":true,"href":"https:\/\/montreux-vieux.net\/index.php?rest_route=\/wp\/v2\/users\/1"}],"replies":[{"embeddable":true,"href":"https:\/\/montreux-vieux.net\/index.php?rest_route=%2Fwp%2Fv2%2Fcomments&post=16235"}],"version-history":[{"count":12,"href":"https:\/\/montreux-vieux.net\/index.php?rest_route=\/wp\/v2\/posts\/16235\/revisions"}],"predecessor-version":[{"id":25991,"href":"https:\/\/montreux-vieux.net\/index.php?rest_route=\/wp\/v2\/posts\/16235\/revisions\/25991"}],"wp:attachment":[{"href":"https:\/\/montreux-vieux.net\/index.php?rest_route=%2Fwp%2Fv2%2Fmedia&parent=16235"}],"wp:term":[{"taxonomy":"category","embeddable":true,"href":"https:\/\/montreux-vieux.net\/index.php?rest_route=%2Fwp%2Fv2%2Fcategories&post=16235"},{"taxonomy":"post_tag","embeddable":true,"href":"https:\/\/montreux-vieux.net\/index.php?rest_route=%2Fwp%2Fv2%2Ftags&post=16235"}],"curies":[{"name":"wp","href":"https:\/\/api.w.org\/{rel}","templated":true}]}}