{"id":16279,"date":"2026-05-02T00:05:00","date_gmt":"2026-05-01T23:05:00","guid":{"rendered":"http:\/\/montreux-vieux.net\/?p=16279"},"modified":"2026-04-06T15:36:24","modified_gmt":"2026-04-06T14:36:24","slug":"que-sest-il-passe-a-montreux-vieux-un-2-mai","status":"publish","type":"post","link":"https:\/\/montreux-vieux.net\/?p=16279","title":{"rendered":"Que s\u2019est-il pass\u00e9 \u00e0 Montreux-Vieux un 2 mai ?"},"content":{"rendered":"\n<div class=\"wp-block-media-text alignfull has-media-on-the-right is-stacked-on-mobile is-vertically-aligned-center is-style-default\" style=\"grid-template-columns:auto 56%\"><div class=\"wp-block-media-text__content\">\n<h2 class=\"wp-block-heading has-text-color\" style=\"color:#000000\"><strong>Une pens\u00e9e pour : <\/strong><\/h2>\n\n\n\n<ul class=\"wp-block-list\">\n<li>Monsieur Nacci Roberto, d\u00e9c\u00e9d\u00e9 le 2 mai 2010.<\/li>\n<\/ul>\n<\/div><figure class=\"wp-block-media-text__media\"><img loading=\"lazy\" decoding=\"async\" width=\"400\" height=\"290\" src=\"https:\/\/montreux-vieux.net\/montreux-vieux.net\/wp-content\/uploads\/2021\/01\/2536644_16f34-1.jpg\" alt=\"\" class=\"wp-image-22365 size-full\" srcset=\"https:\/\/montreux-vieux.net\/montreux-vieux.net\/wp-content\/uploads\/2021\/01\/2536644_16f34-1.jpg 400w, https:\/\/montreux-vieux.net\/montreux-vieux.net\/wp-content\/uploads\/2021\/01\/2536644_16f34-1-300x218.jpg 300w\" sizes=\"auto, (max-width: 400px) 100vw, 400px\" \/><\/figure><\/div>\n\n\n\n<p><\/p>\n\n\n\n<h2 class=\"wp-block-heading has-text-align-center\" style=\"font-size:60px\">Vote d&rsquo;un cr\u00e9dit pour le desservant<\/h2>\n\n\n\n<p><strong>Le 2 mai 1840<\/strong> Vu le z\u00e8le empress\u00e9 qu\u2019apporte notre desservant dans l\u2019exercice de son minist\u00e8re et le fruit merveilleux produit depuis l\u2019\u00e9poque qu\u2019il administre la paroisse, le Conseil Municipal voulant et devant donner une preuve de satisfaction et de reconnaissance \u00e0 Monsieur le Cur\u00e9 vote une cr\u00e9dit de 100F et sera maintenu dans les budgets suivants.  <\/p>\n\n\n\n<hr class=\"wp-block-separator has-css-opacity is-style-wide\"\/>\n\n\n\n<h2 class=\"wp-block-heading has-text-align-center\" style=\"font-size:60px\">Coupe de ch\u00eanes<\/h2>\n\n\n\n<p><strong>Le 2 mai 1840<\/strong> Pour r\u00e9gler les travaux de remplacement de diff\u00e9rents ornements \u00e0 l\u2019\u00e9glise le Conseil Municipal d\u00e9cide de couper 40 ch\u00eanes du canton de la \u201cBry\u00e8re\u201d pour les exploiter  <\/p>\n\n\n\n<hr class=\"wp-block-separator has-css-opacity\"\/>\n\n\n\n<h2 class=\"wp-block-heading has-text-align-center\" style=\"font-size:60px\">R\u00e9ouverture de l&rsquo;\u00e9glise<\/h2>\n\n\n\n<p><strong>Le 2 mai 1841<\/strong> r\u00e9ouverture int\u00e9grale de l\u2019\u00e9glise, du clocher, renouvellement \u00e0 neuf des autels collat\u00e9raux us\u00e9s de v\u00e9tust\u00e9s. Co\u00fbt des travaux plus de 2 000F pr\u00e9vus par la coupe extraordinaire de 1ha 60 dans le \u201cHaut Bois\u201d <\/p>\n\n\n\n<hr class=\"wp-block-separator has-css-opacity is-style-wide\"\/>\n\n\n\n<h2 class=\"wp-block-heading has-text-align-center\" style=\"font-size:60px\">Inspection allemande<\/h2>\n\n\n\n<p><strong>02 mai 1896  <\/strong>Des fonctionnaires de la direction g\u00e9n\u00e9rale des chemins de fer allemands, accompagn\u00e9s de plusieurs officiers,  ont inspect\u00e9 hier et aujourd\u2019hui les voies \u00e0 la gare fronti\u00e8re de Montreux-Vieux  <\/p>\n\n\n\n<hr class=\"wp-block-separator has-css-opacity\"\/>\n\n\n\n<h2 class=\"wp-block-heading has-text-align-center\" style=\"font-size:60px\">Cr\u00e9ation de l&rsquo;ASCL<\/h2>\n\n\n\n<h4 class=\"wp-block-heading\"><strong>2 mai 1983<\/strong> Ccr\u00e9ation de l&rsquo;.ASCL Pr\u00e9s. Guy Gad\u00e9a <\/h4>\n\n\n\n<p>Constitu\u00e9e le 2 Mai 1983, son but est la cr\u00e9ation de sections de sports, de cultures et de loisirs<\/p>\n\n\n\n<p>Son si\u00e8ge social est situ\u00e9 12, rue des Lilas \u00e0 Montreux-Vieux Sont \u00e9lus:<\/p>\n\n\n\n<p>Pr\u00e9sident: M. GADEA Guy, Vice-Pr\u00e9sidente: Mme MARADAN Marie-France, Secr\u00e9taire: Mme PILLOT Josiane, Secr\u00e9taire Adjointe: Mme RICHARD Chantal, Tr\u00e9sorier: M. TRABOLD Yves, Tr\u00e9sorier Adjoint: M. WILHELM Patrick, Assesseurs: Mme AUBRY Nicole, M. MARADAN Jo\u00ebl, M. PILLOT Michel, M. WINNINGER Raymond.<\/p>\n\n\n\n<p>La premi\u00e8re action a consist\u00e9 au lancement d\u2019une section de gymnastique volontaire f\u00e9minine qui a r\u00e9uni d\u00e8s le d\u00e9part 60 membres, 68 en D\u00e9cembre 1985.<\/p>\n\n\n\n<p>La seconde, \u00e0 l\u2019organisation d\u2019une section de tennis, d\u2019une cinquantaine de membres s\u2019adonnant \u00e0 cette activit\u00e9 sur le plateau sportif.<\/p>\n\n\n\n<p>La troisi\u00e8me, \u00e0 la cr\u00e9ation d\u2019une section de Ping-pong, 30 membres. En janvier 1985, une nouvelle activit\u00e9 s\u2019est inscrite. La danse \u00ab Modern Jazz \u00bb dont le nombre \u00e9tait d\u2019un quarantaine de jeunes de 6 \u00e0 17 ans.<\/p>\n\n\n\n<p>Depuis le 11 Mai 1990, la section de tennis \u00e9volue sur les deux courts situ\u00e9s au lieu dit \u00ab Bois Jur\u00e9 \u00bb mis \u00e0 la disposition par la Commune.<\/p>\n\n\n\n<h2 class=\"wp-block-heading has-text-align-center\" style=\"font-size:60px\">Am\u00e9nagement de la for\u00eat par l\u2019ASCL<\/h2>\n\n\n\n<h3 class=\"wp-block-heading has-text-align-center\">Am\u00e9nagement de la for\u00eat par l\u2019ASCL<\/h3>\n\n\n\n<figure class=\"wp-block-image\"><img decoding=\"async\" src=\"http:\/\/montreux-vieux.net\/montreux-vieux.net\/wp-content\/uploads\/2017\/05\/Am%C3%A9nagement-de-la-for%C3%AAt-par-lASCL.jpg\" alt=\"Am\u00e9nagement de la for\u00eat par l'ASCL\"\/><\/figure>\n\n\n\n<p>Apr\u00e8s quelques journ\u00e9es de travail, le terrain d\u2019entrainement dans la for\u00eat mise \u00e0 disposition de l\u2019ASCL par la commune de Montreux-Vieux prend forme. La journ\u00e9e du 25 mai&nbsp;devrait permettre de solder l\u2019am\u00e9nagement et le d\u00e9broussaillage.<\/p>\n\n\n\n<h5 class=\"wp-block-heading has-text-align-center\">G\u00e9rard BERCHAT<\/h5>\n\n\n\n<h5 class=\"wp-block-heading has-text-align-center\">03 89 25 38 34<\/h5>\n\n\n\n<p><strong>Les engag\u00e9s volontaires Alsaciens-Lorrains<\/strong><\/p>\n\n\n\n<p>Premi\u00e8re sortie Dimanche dernier, 2 mai, \u00e0 7 h. et demi du matin, un grand nombre le nos engag\u00e9s volontaires, avec leurs familles el invit\u00e9s, s\u2019\u00e9taient donn\u00e9 rendez-vous \u00e0 la gare du chemin de fer d\u00e9partemental, pour participer \u00e2 la sortie que le Comit\u00e9 avait organis\u00e9e.<\/p>\n\n\n\n<p>Rapidement, le tramway d\u00e9partemental les conduisait \u00e0 Vellesot, o\u00f9 ils commenc\u00e8rent la belle promenade matinale \u00e0 travers la campagne fleurie.<\/p>\n\n\n\n<p>Les effluves embaum\u00e9s des bois et le chant des oiseaux  m\u00eame le coucou \u00e9tait venu au rendez-vous \u2014 ne manquaient pas de rehausser la franche ga\u00eet\u00e9 des excursionnistes et c\u2019est de grand app\u00e9tit qu&rsquo;ils remont\u00e8rent leurs forces, pendant une br\u00e8ve halte \u00e0 Chavannes les Grands.<\/p>\n\n\n\n<p>Vers 11 h. et demi, les promeneurs arriv\u00e8rent \u00e0 Montreux-Jeune o\u00f9 le sympathique Maire de Montreux-Vieux, M. Catt\u00e9, pr\u00e9sident du groupe \u00able Montreux-Vieux des engag\u00e9s volontaires et anciens combattants, les attendait avec la musique municipale elles les camarades du groupe de Montreux-Vieux. Musique et drapeaux en t\u00eate, le cort\u00e8ge se rendit au Monument aux Morts o\u00f9 M. Haurez, pr\u00e9sident d&rsquo;honneur de la f\u00e9d\u00e9ration des engag\u00e9s volontaires et pr\u00e9sident du groupe de Belfort, d\u00e9posa une gerbe, en invoquant, en une vibrante allocution, le souvenir de nos braves morts de la Grande Guerre.<\/p>\n\n\n\n<p>Le cort\u00e8ge, toujours pr\u00e9c\u00e9d\u00e9 de la jeune et bonne musique municipale de Montreux-Vieux, continua sa route jusqu\u2019\u00e0 Montreux-Vieux ,au restaurant Heinis, o\u00f9 un banquet bien r\u00e9ussi r\u00e9unissait tous les camarades.<\/p>\n\n\n\n<p>La cuisine de Mme Heinis, particuli\u00e8rement soign\u00e9e, contribua largement \u00e0 la bonne camaraderie qui caract\u00e9risait ce banquet, pr\u00e9sid\u00e9 par M. Catte, Maire de Montreux-Vieux ayant \u00e0 ses c\u00f4t\u00e9s M. Haurez, pr\u00e9sident, MM. Marchai et Nied, vice-pr\u00e9sidents; ainsi que les membres du Comit\u00e9 du groupe de Belfort. et les membres du Comit\u00e9 du groupe de Montreux-Vieux.<\/p>\n\n\n\n<p>M. Catt\u00e9, en sa qualit\u00e9 de Maire et au nom de la population de Montreux-Vieux d&rsquo;abord, et comme pr\u00e9sident des engag\u00e9s volontaires et anciens combattants de Montreux-Vieux ensuite, souhaita, en un discours tr\u00e8s applaudi, la bienvenue aux Belfortains. M. Haurez le remercia vivement, ainsi que la musique municipale et le groupe de Montreux-Vieux, du chaleureux accueil r\u00e9serv\u00e9 au groupe de Belfort. Il exprima l&rsquo;espoir d&rsquo;avoir bient\u00f4t l\u2019honneur et le plaisir \u00able recevoir \u00e0 Belfort le groupe de Montreux-Vieux et il vida son verre \u00e0 la prosp\u00e9rit\u00e9 de ce groupe et \u00e0 la sant\u00e9 de son d\u00e9vou\u00e9 pr\u00e9sident, M. Catt\u00e9.<\/p>\n\n\n\n<p>Apr\u00e8s le dessert, les chansons battirent leur plein, et plus d\u2019un camarade r\u00e9v\u00e9la des talents jusqu\u2019ici insoup\u00e7onn\u00e9s.<\/p>\n\n\n\n<p>Entre temps, les familles des membres de Montreux-Vieux arrivaient et M. Haurez s\u2019empressa de donner le signal de l&rsquo;ouverture de la sauterie, \u00e0 la grande satis\u00adfaction de la jeunesse de 16 \u00e0 65 ans. Cette sauterie termina agr\u00e9ablement une journ\u00e9e inoubliable.<\/p>\n\n\n\n<p>Le train de 8 heures ramena la joyeuse Soci\u00e9t\u00e9 \u00e0 Belfort, ou tout le monde se s\u00e9parait avec le cri du c\u0153ur : \u00abA bient\u00f4t une nouvelle sortie \u00bb. Sources : Le R\u00e9publicain de Belfort,&nbsp;8 mai 1926, p.&nbsp;5\/6<\/p>\n\n\n\n<p><\/p>\n","protected":false},"excerpt":{"rendered":"<p>Vote d&rsquo;un cr\u00e9dit pour le desservant Le 2 mai 1840 Vu le z\u00e8le empress\u00e9 qu\u2019apporte notre desservant dans l\u2019exercice de son minist\u00e8re et le fruit merveilleux produit depuis l\u2019\u00e9poque qu\u2019il administre la paroisse, le Conseil Municipal voulant et devant donner &hellip; <a href=\"https:\/\/montreux-vieux.net\/?p=16279\">Continuer la lecture <span class=\"meta-nav\">&rarr;<\/span><\/a><\/p>\n","protected":false},"author":1,"featured_media":0,"comment_status":"open","ping_status":"open","sticky":false,"template":"","format":"standard","meta":{"footnotes":""},"categories":[1],"tags":[],"class_list":["post-16279","post","type-post","status-publish","format-standard","hentry","category-liens"],"_links":{"self":[{"href":"https:\/\/montreux-vieux.net\/index.php?rest_route=\/wp\/v2\/posts\/16279","targetHints":{"allow":["GET"]}}],"collection":[{"href":"https:\/\/montreux-vieux.net\/index.php?rest_route=\/wp\/v2\/posts"}],"about":[{"href":"https:\/\/montreux-vieux.net\/index.php?rest_route=\/wp\/v2\/types\/post"}],"author":[{"embeddable":true,"href":"https:\/\/montreux-vieux.net\/index.php?rest_route=\/wp\/v2\/users\/1"}],"replies":[{"embeddable":true,"href":"https:\/\/montreux-vieux.net\/index.php?rest_route=%2Fwp%2Fv2%2Fcomments&post=16279"}],"version-history":[{"count":15,"href":"https:\/\/montreux-vieux.net\/index.php?rest_route=\/wp\/v2\/posts\/16279\/revisions"}],"predecessor-version":[{"id":28642,"href":"https:\/\/montreux-vieux.net\/index.php?rest_route=\/wp\/v2\/posts\/16279\/revisions\/28642"}],"wp:attachment":[{"href":"https:\/\/montreux-vieux.net\/index.php?rest_route=%2Fwp%2Fv2%2Fmedia&parent=16279"}],"wp:term":[{"taxonomy":"category","embeddable":true,"href":"https:\/\/montreux-vieux.net\/index.php?rest_route=%2Fwp%2Fv2%2Fcategories&post=16279"},{"taxonomy":"post_tag","embeddable":true,"href":"https:\/\/montreux-vieux.net\/index.php?rest_route=%2Fwp%2Fv2%2Ftags&post=16279"}],"curies":[{"name":"wp","href":"https:\/\/api.w.org\/{rel}","templated":true}]}}