{"id":16839,"date":"2025-06-21T00:05:00","date_gmt":"2025-06-20T23:05:00","guid":{"rendered":"http:\/\/montreux-vieux.net\/?p=16839"},"modified":"2025-05-01T09:03:41","modified_gmt":"2025-05-01T08:03:41","slug":"que-sest-il-passe-a-montreux-vieux-un-21-juin","status":"publish","type":"post","link":"https:\/\/montreux-vieux.net\/?p=16839","title":{"rendered":"Que s\u2019est-il pass\u00e9 \u00e0 Montreux-Vieux un 21 juin ?."},"content":{"rendered":"\n<div class=\"wp-block-media-text alignfull has-media-on-the-right is-stacked-on-mobile is-vertically-aligned-center is-style-default\" style=\"grid-template-columns:auto 56%\"><div class=\"wp-block-media-text__content\">\n<h2 class=\"has-text-color wp-block-heading\" style=\"color:#000000\">Une pens\u00e9e pour : <\/h2>\n\n\n\n<ul class=\"wp-block-list\">\n<li>Monsieur. Cuenin Edouard , d\u00e9c\u00e9d\u00e9 le 21 juin 1977.<\/li>\n\n\n\n<li>Monsieur. Lardellier Michel, d\u00e9c\u00e9d\u00e9 le 21 juin 2002.   <\/li>\n<\/ul>\n<\/div><figure class=\"wp-block-media-text__media\"><img loading=\"lazy\" decoding=\"async\" width=\"400\" height=\"290\" src=\"https:\/\/montreux-vieux.net\/montreux-vieux.net\/wp-content\/uploads\/2021\/01\/2536644_16f34-1.jpg\" alt=\"\" class=\"wp-image-22365 size-full\" srcset=\"https:\/\/montreux-vieux.net\/montreux-vieux.net\/wp-content\/uploads\/2021\/01\/2536644_16f34-1.jpg 400w, https:\/\/montreux-vieux.net\/montreux-vieux.net\/wp-content\/uploads\/2021\/01\/2536644_16f34-1-300x218.jpg 300w\" sizes=\"auto, (max-width: 400px) 100vw, 400px\" \/><\/figure><\/div>\n\n\n\n<p><\/p>\n\n\n\n<h2 class=\"has-text-align-center wp-block-heading\" style=\"font-size:60px\">Le tronc de l&rsquo;\u00e9glise fractur\u00e9<\/h2>\n\n\n\n<p><strong>21 juin 1888 <\/strong>Alt &#8211; M\u00fcnsterol (Montreux &#8211; Vieux), 21 juin.1888 \u2014 Ou nous \u00e9crit: Le tronc de l&rsquo;\u00e9glise de Montreux-Vieux vient d\u2019\u00eatre fractur\u00e9. L auteur de ce crime, un jeune homme do 19 ans a imm\u00e9diatement \u00e9t\u00e9 d\u00e9couvert et arr\u00eat\u00e9. On a retrouv\u00e9 sur lui 9 fausses clefs, 2 pinces et des ciseaux \u00e0 froid. La somme vol\u00e9e n\u2019est pas importante parce que le tronc avait \u00e9t\u00e9 vid\u00e9 la veille par le cur\u00e9. On parle de 25 pf Lr malfaiteur a essay\u00e9 de fracturer une armoire dans laquelle se trouvaient les objets du culte. La serrure de cette porte a r\u00e9sist\u00e9. Le jeune homme n\u2019en est pas \u00e0 son coup d\u2019essai, car une fois d\u00e9j\u00e0, il a de cela 3 ans, il avait fractur\u00e9 le tronc de l\u2019\u00e9glise de Montreux-Vieux. On l\u2019avait envoy\u00e9 pour 9 mois dans une maison de correction.<\/p>\n\n\n\n<p>Sources&nbsp;: Express 29 juin 1888<\/p>\n\n\n\n<hr class=\"wp-block-separator has-alpha-channel-opacity is-style-wide\"\/>\n\n\n\n<h2 class=\"has-text-align-center wp-block-heading\" style=\"font-size:60px\">Inspection<\/h2>\n\n\n\n<p><strong>21 juin 1890<\/strong> Chemins fer Hier soir, \u00e0 7 h., un employ\u00e9 sup\u00e9rieur de la direction g\u00e9n\u00e9rale des chemins de fer, est arriv\u00e9 de Strasbourg par train sp\u00e9cial. Il va entreprendre, accompagn\u00e9 de plusieurs employ\u00e9s, un voyage d\u2019inspection dans notre r\u00e9gion. Il parcourra aujourd\u2019hui la ligne de Montreux-Vieux et ira ensuite tr\u00e8s probablement se rendre compte de l\u2019\u00e9tat des travaux du nouveau tron\u00e7on de ligne d Altkirch \u00e0 Ferette. Il &nbsp;est en droit d\u2019esp\u00e9rer que les travaux qui n&rsquo;avancent pas aussi rapidement qu\u2019il serait d\u00e9sirable, seront pouss\u00e9s plus activement apr\u00e8s cette visite. Sources&nbsp;: Express 21 juin 1890<\/p>\n\n\n\n<hr class=\"wp-block-separator has-alpha-channel-opacity is-style-wide\"\/>\n\n\n\n<h2 class=\"has-text-align-center wp-block-heading\" style=\"font-size:60px\">Fermeture tardive<\/h2>\n\n\n\n<p><strong>21 juin 1926<\/strong> MONTREUX-VIEUX. \u2014 Fermeture tardive. -\u2014 A minuit 20, 150 consommateurs ou danseurs se trouvaient encore au caf\u00e9 Heinis \u00e0 Montreux-Vieux. Le cafetier a \u00e9t\u00e9 verbalis\u00e9. Sources&nbsp;: L\u2019Express de Mulhouse 21 juin 1926<\/p>\n","protected":false},"excerpt":{"rendered":"<p>Le tronc de l&rsquo;\u00e9glise fractur\u00e9 21 juin 1888 Alt &#8211; M\u00fcnsterol (Montreux &#8211; Vieux), 21 juin.1888 \u2014 Ou nous \u00e9crit: Le tronc de l&rsquo;\u00e9glise de Montreux-Vieux vient d\u2019\u00eatre fractur\u00e9. L auteur de ce crime, un jeune homme do 19 ans &hellip; <a href=\"https:\/\/montreux-vieux.net\/?p=16839\">Continuer la lecture <span class=\"meta-nav\">&rarr;<\/span><\/a><\/p>\n","protected":false},"author":1,"featured_media":0,"comment_status":"open","ping_status":"open","sticky":false,"template":"","format":"standard","meta":{"footnotes":""},"categories":[1],"tags":[],"class_list":["post-16839","post","type-post","status-publish","format-standard","hentry","category-liens"],"_links":{"self":[{"href":"https:\/\/montreux-vieux.net\/index.php?rest_route=\/wp\/v2\/posts\/16839","targetHints":{"allow":["GET"]}}],"collection":[{"href":"https:\/\/montreux-vieux.net\/index.php?rest_route=\/wp\/v2\/posts"}],"about":[{"href":"https:\/\/montreux-vieux.net\/index.php?rest_route=\/wp\/v2\/types\/post"}],"author":[{"embeddable":true,"href":"https:\/\/montreux-vieux.net\/index.php?rest_route=\/wp\/v2\/users\/1"}],"replies":[{"embeddable":true,"href":"https:\/\/montreux-vieux.net\/index.php?rest_route=%2Fwp%2Fv2%2Fcomments&post=16839"}],"version-history":[{"count":11,"href":"https:\/\/montreux-vieux.net\/index.php?rest_route=\/wp\/v2\/posts\/16839\/revisions"}],"predecessor-version":[{"id":28206,"href":"https:\/\/montreux-vieux.net\/index.php?rest_route=\/wp\/v2\/posts\/16839\/revisions\/28206"}],"wp:attachment":[{"href":"https:\/\/montreux-vieux.net\/index.php?rest_route=%2Fwp%2Fv2%2Fmedia&parent=16839"}],"wp:term":[{"taxonomy":"category","embeddable":true,"href":"https:\/\/montreux-vieux.net\/index.php?rest_route=%2Fwp%2Fv2%2Fcategories&post=16839"},{"taxonomy":"post_tag","embeddable":true,"href":"https:\/\/montreux-vieux.net\/index.php?rest_route=%2Fwp%2Fv2%2Ftags&post=16839"}],"curies":[{"name":"wp","href":"https:\/\/api.w.org\/{rel}","templated":true}]}}