{"id":17169,"date":"2025-08-12T00:05:00","date_gmt":"2025-08-11T23:05:00","guid":{"rendered":"http:\/\/montreux-vieux.net\/?p=17169"},"modified":"2025-08-01T15:05:32","modified_gmt":"2025-08-01T14:05:32","slug":"que-sest-il-passe-a-montreux-vieux-un-12-aout","status":"publish","type":"post","link":"https:\/\/montreux-vieux.net\/?p=17169","title":{"rendered":"Que s\u2019est-il pass\u00e9 \u00e0 Montreux-Vieux un 12 ao\u00fbt ?"},"content":{"rendered":"\n<div class=\"wp-block-media-text alignfull has-media-on-the-right is-stacked-on-mobile is-vertically-aligned-center is-style-default\" style=\"grid-template-columns:auto 56%\"><div class=\"wp-block-media-text__content\">\n<h2 class=\"wp-block-heading has-text-color\" style=\"color:#000000\">Une pens\u00e9e pour : <\/h2>\n\n\n\n<p class=\"has-text-color\" style=\"color:#636363;font-size:17px;line-height:1.1\">Monsieur Daniel Barbier, d\u00e9c\u00e9d\u00e9 le 12 ao\u00fbt 2021.<\/p>\n<\/div><figure class=\"wp-block-media-text__media\"><img loading=\"lazy\" decoding=\"async\" width=\"400\" height=\"290\" src=\"https:\/\/montreux-vieux.net\/montreux-vieux.net\/wp-content\/uploads\/2021\/01\/2536644_16f34-1.jpg\" alt=\"\" class=\"wp-image-22365 size-full\" srcset=\"https:\/\/montreux-vieux.net\/montreux-vieux.net\/wp-content\/uploads\/2021\/01\/2536644_16f34-1.jpg 400w, https:\/\/montreux-vieux.net\/montreux-vieux.net\/wp-content\/uploads\/2021\/01\/2536644_16f34-1-300x218.jpg 300w\" sizes=\"auto, (max-width: 400px) 100vw, 400px\" \/><\/figure><\/div>\n\n\n\n<p><\/p>\n\n\n\n<h2 class=\"wp-block-heading has-text-align-center\" style=\"font-size:60px\">D\u00e9part vers les Am\u00e9riques<\/h2>\n\n\n\n<p><strong>12 ao\u00fbt 1862<\/strong>  D\u00e9part vers les Am\u00e9riques de Jung C\u00e9lestine n\u00e9e Pr\u00e9vot Modeste, Vve Pr\u00e9vot n\u00e9e Dietrich Anne Marie.<\/p>\n\n\n\n<hr class=\"wp-block-separator has-alpha-channel-opacity is-style-wide\"\/>\n\n\n\n<h2 class=\"wp-block-heading has-text-align-center\" style=\"font-size:60px\">Raisins du midi<\/h2>\n\n\n\n<p><strong>12 ao\u00fbt 1900<\/strong> Montreux-Vieux, 10 ao\u00fbt. \u2014 De nombreuses exp\u00e9ditions de raisins de table arrivent du Midi de la France \u00e0 destination de Berlin et de Munich. Hier, apr\u00e8s-midi, au train de Belfort, \u00e9tait accroch\u00e9 un wagon complet d\u2019argent monnay\u00e9 \u00e0 destination de la Suisse. Sources&nbsp;: Express 12 ao\u00fbt 1900<\/p>\n\n\n\n<hr class=\"wp-block-separator has-alpha-channel-opacity is-style-wide\"\/>\n\n\n\n<h2 class=\"wp-block-heading has-text-align-center\" style=\"font-size:60px\">R\u00e9tablissement de l&rsquo;heure<\/h2>\n\n\n\n<p><strong> 12 ao\u00fbt 1914.<\/strong> R\u00e9tablissement de l&rsquo;heure. A Montreux-Vieux durant la p\u00e9riode de 1871 \u00e0 1914 l\u2019heure locale allemande est en avance de 26 minutes sur l\u2019heure fran\u00e7aise. L\u2019heure allemande calcul\u00e9e sur le m\u00e9ridien de Berlin est en avance de 40 minutes sur l\u2019heure fran\u00e7aise. Elle a \u00e9t\u00e9 r\u00e9tablie le 12 ao\u00fbt 1914. <\/p>\n\n\n\n<hr class=\"wp-block-separator has-alpha-channel-opacity is-style-wide\"\/>\n\n\n\n<h2 class=\"wp-block-heading has-text-align-center\" style=\"font-size:60px\">Retour en France de soldats<\/h2>\n\n\n\n<p><strong>12 ao\u00fbt 1914 <\/strong> Beaucoup d&rsquo;infanterie et de cavalerie est rentr\u00e9e en France. Hommes et chevaux paraissaient tr\u00e8s fatigu\u00e9s. Par contre des troupes fra\u00eeches tr\u00e8s nombreuses aussi sont arriv\u00e9es de l&rsquo;int\u00e9rieur. Aujourd&rsquo;hui a \u00e9t\u00e9 introduite l&rsquo;heure fran\u00e7aise.<\/p>\n\n\n\n<hr class=\"wp-block-separator has-alpha-channel-opacity is-style-wide\"\/>\n\n\n\n<h2 class=\"wp-block-heading has-text-align-center\" style=\"font-size:60px\">Les otages rapatri\u00e9s<\/h2>\n\n\n\n<p><strong>12 ao\u00fbt 1915<\/strong> LES OTAGES RAPATRIES On sait qu\u2019un convoi de 285 prisonniers civils allemands, venant de France, est arriv\u00e9 vendredi dernier \u00e0 Singen, par Gen\u00e8ve et Zurich. Presque tous \u00e9taient des otages emmen\u00e9s par les Fran\u00e7ais dans les communes de Haute-Alsace occup\u00e9es par eux, \u00e0 titre de repr\u00e9sailles contre les innombrables d\u00e9portations d\u2019otages accomplies par les Allemands dans les provinces fran\u00e7aises envahies. Le rapatriement de ces intern\u00e9s civils est du, \u00e0 ce qu&rsquo;annonce la presse alsacienne, aux efforts du Bureau pour les otages civils, \u00e0 B\u00e2le, qui s\u2019emploie avec beaucoup de Z\u00e8le en faveur des otages allemands en France. 75 de ces otages sont des ressortissants de Montreux-Vieux et une cinquantaine proviennent de Dannemarie<\/p>\n\n\n\n<p>Sources&nbsp;:M\u00e9morial de la Loire et de la Haute Loire 12 ao\u00fbt 1915<\/p>\n\n\n\n<hr class=\"wp-block-separator has-alpha-channel-opacity is-style-wide\"\/>\n\n\n\n<h2 class=\"wp-block-heading has-text-align-center\" style=\"font-size:60px\">Deux belles carpes<\/h2>\n\n\n\n<p><strong>12 ao\u00fbt 1933 <\/strong>MONTREUX- VIEUX Deux belles carpes. \u2014 Pr\u00e8s de Montreux-Vieux, dans le canal du Rh\u00f4ne-au-Rhin, M. Maillard, un fervent de la gaule, a p\u00e9ch\u00e9 l\u2019autre matin deux superbes carpes pesant respectivement 6 et 8 livres. \u2014 Elles sont si belles, a-t-il d\u00e9clar\u00e9, que je n\u2019aurai pas besoin de mentir en parlant d&rsquo;elles<\/p>\n\n\n\n<p>Sources&nbsp;: L\u2019Express de Mulhouse 12 ao\u00fbt 1933<\/p>\n","protected":false},"excerpt":{"rendered":"<p>Une pens\u00e9e pour : Monsieur Daniel Barbier, d\u00e9c\u00e9d\u00e9 le 12 ao\u00fbt 2021. D\u00e9part vers les Am\u00e9riques 12 ao\u00fbt 1862 D\u00e9part vers les Am\u00e9riques de Jung C\u00e9lestine n\u00e9e Pr\u00e9vot Modeste, Vve Pr\u00e9vot n\u00e9e Dietrich Anne Marie. Raisins du midi 12 ao\u00fbt &hellip; <a href=\"https:\/\/montreux-vieux.net\/?p=17169\">Continuer la lecture <span class=\"meta-nav\">&rarr;<\/span><\/a><\/p>\n","protected":false},"author":1,"featured_media":0,"comment_status":"open","ping_status":"open","sticky":false,"template":"","format":"standard","meta":{"footnotes":""},"categories":[1],"tags":[],"class_list":["post-17169","post","type-post","status-publish","format-standard","hentry","category-liens"],"_links":{"self":[{"href":"https:\/\/montreux-vieux.net\/index.php?rest_route=\/wp\/v2\/posts\/17169","targetHints":{"allow":["GET"]}}],"collection":[{"href":"https:\/\/montreux-vieux.net\/index.php?rest_route=\/wp\/v2\/posts"}],"about":[{"href":"https:\/\/montreux-vieux.net\/index.php?rest_route=\/wp\/v2\/types\/post"}],"author":[{"embeddable":true,"href":"https:\/\/montreux-vieux.net\/index.php?rest_route=\/wp\/v2\/users\/1"}],"replies":[{"embeddable":true,"href":"https:\/\/montreux-vieux.net\/index.php?rest_route=%2Fwp%2Fv2%2Fcomments&post=17169"}],"version-history":[{"count":9,"href":"https:\/\/montreux-vieux.net\/index.php?rest_route=\/wp\/v2\/posts\/17169\/revisions"}],"predecessor-version":[{"id":26091,"href":"https:\/\/montreux-vieux.net\/index.php?rest_route=\/wp\/v2\/posts\/17169\/revisions\/26091"}],"wp:attachment":[{"href":"https:\/\/montreux-vieux.net\/index.php?rest_route=%2Fwp%2Fv2%2Fmedia&parent=17169"}],"wp:term":[{"taxonomy":"category","embeddable":true,"href":"https:\/\/montreux-vieux.net\/index.php?rest_route=%2Fwp%2Fv2%2Fcategories&post=17169"},{"taxonomy":"post_tag","embeddable":true,"href":"https:\/\/montreux-vieux.net\/index.php?rest_route=%2Fwp%2Fv2%2Ftags&post=17169"}],"curies":[{"name":"wp","href":"https:\/\/api.w.org\/{rel}","templated":true}]}}