{"id":17173,"date":"2025-08-13T06:39:29","date_gmt":"2025-08-13T05:39:29","guid":{"rendered":"http:\/\/montreux-vieux.net\/?p=17173"},"modified":"2025-08-13T06:39:29","modified_gmt":"2025-08-13T05:39:29","slug":"que-sest-il-passe-a-montreux-vieux-un-13-aout","status":"publish","type":"post","link":"https:\/\/montreux-vieux.net\/?p=17173","title":{"rendered":"Que s\u2019est-il pass\u00e9 \u00e0 Montreux-Vieux un 13 ao\u00fbt ?"},"content":{"rendered":"\n<h2 class=\"wp-block-heading has-text-align-center\" style=\"font-size:60px\">La bataille du 13 ao\u00fbt<\/h2>\n\n\n\n<p><strong>13 ao\u00fbt 1914<\/strong> l\u2019instituteur et greffier Monsieur Pierrot fut emmen\u00e9 (on ne dit pas ou ?). Ce n\u2019est que le 29 novembre 1914 que rouvrirent les \u00e9coles. Les locaux scolaires \u00e9tant occup\u00e9s par des soldats, un instituteur militaire r\u00e9unissait les gar\u00e7ons dans la grande salle de l\u2019auberge Lorentz (en face de la gare) . Il avait \u00e0 c\u00f4t\u00e9 de lui un jeune du village faisait office d\u2019interpr\u00e8te puisque les \u00e9coliers parlaient allemand. Au Temple Protestant deux jeunes filles faisaient classe aux filles sous la surveillance d\u2019un soldat-instituteur <\/p>\n\n\n\n<p><strong>13 ao\u00fbt 1914 <\/strong>Deux nouveaux incidents caract\u00e9ristiques&nbsp;viennent de se produire \u00e0 la gare allemande&nbsp;de&nbsp;Montreux-Vieux.&nbsp;Un honorable n\u00e9gociant de Belfort, que ses affaires obligent \u00e0 se rendre fr\u00e9quemment en Alsace, s&rsquo;\u00e9tait pourvu du passeport obligatoire et, une fois en r\u00e8gle avec&nbsp;le d\u00e9cret du prince de Hohenlobe, prit le train&nbsp;pour l&rsquo;Alsace. Arriv\u00e9 \u00e0&nbsp;Montreux-Vieux,&nbsp;il&nbsp; exhiba son passeport et re\u00e7ut pour toute r\u00e9ponse&nbsp;du commissaire sp\u00e9cial de reprendre et son passeport et le train pour Belfort, sans qu&rsquo;on&nbsp;lui expliqu\u00e2t les motifs de cette d\u00e9cision.&nbsp;&nbsp;Le second incident est encore plus odieux ;&nbsp; une jeune fille, M Guinot, modiste \u00e0 Belfort, dont la famille habite l&rsquo;Alsace, ayant \u00e9t\u00e9 avis\u00e9e du d\u00e9c\u00e8s du p\u00e8re voulut se rendre aupr\u00e8s du lit mortuaire et assister aux fun\u00e9railles le commissaire, malgr\u00e9 les supplications touchantes de la jeune fille tout en larmes refusa&nbsp;de la laisser passer et, finalement, la fit brutalement saisir parles gendarmes qui la jet\u00e8rent, dans le premier compartiment venu d&rsquo;un train&nbsp;qui se dirigeait sur Belfort. Mais, \u00e0&nbsp;Montreux-Vieux&nbsp;<\/p>\n\n\n\n<p>Photo d\u2019une maison bombard\u00e9e \u00e0 Montreux-Vieux le 13 ao\u00fbt 1914. Cliquez sur ce lien: <a rel=\"noreferrer noopener\" aria-label=\"http:\/\/montreux-vieux.net\/?page_id=11137 (s\u2019ouvre dans un nouvel onglet)\" href=\"http:\/\/montreux-vieux.net\/?page_id=11137\" target=\"_blank\">http:\/\/montreux-vieux.net\/?page_id=11137<\/a><\/p>\n\n\n\n<p><strong>13 ao\u00fbt 1914<\/strong> Vers 9 heures des coups de fusils isol\u00e9s se firent entendre dans le lointain. On y pr\u00eata d&rsquo;abord aucune attention. Les soldats \u00e9taient en train de pr\u00e9parer le repas sur la route. Tout \u00e0 coup une pluie d&rsquo;\u00e9clats et de balles : deux obus avaient \u00e9clat\u00e9s en l&rsquo;air. Les soldats coururent aux armes et partirent dans la direction du combat. Une douille d&rsquo;obus p\u00e9n\u00e9tra dans une maison appartenant \u00e0 M. Catt\u00e9 et habit\u00e9e par une dame Ginsheim. Vers 3 heures de l&rsquo;apr\u00e8s midi l&rsquo;artillerie en position \u00e0 Montreux-Vieux, se mit \u00e0 mugir \u00e0 son tour et la fusillade se rapprocha  ; on dirait jusque dans les rues. Un obus allemand mit le feu \u00e0 la maison Martin qui abritait 10 familles et la d\u00e9truisit de fond en comble ; un autre tomba sur le toit de la sacristie brisant un vitrail de la nef , un troisi\u00e8me sur une corniche, pr\u00e8s de la tour  trouant les abat-sons, un quatri\u00e8me sur le mur du jardin  de la cure. Le combat ne s&rsquo;arr\u00eata qu&rsquo;\u00e0 la tomb\u00e9e de la nuit. Un capitaine et un soldats mortellement bless\u00e9s furent transport\u00e9s \u00e0 la cure, ou ils expir\u00e8rent ; deux autres soldats succomb\u00e8rent de m\u00eame. Beaucoup de maison avaient \u00e9t\u00e9 endommag\u00e9es.<\/p>\n\n\n\n<div class=\"wp-block-media-text alignfull has-media-on-the-right is-stacked-on-mobile is-vertically-aligned-center is-style-default\" style=\"grid-template-columns:auto 56%\"><div class=\"wp-block-media-text__content\">\n<h2 class=\"wp-block-heading has-text-color\" style=\"color:#000000\">Une pens\u00e9e pour : <\/h2>\n\n\n\n<ul class=\"wp-block-list\">\n<li>Monsieur &nbsp;CUENIN Paul; d\u00e9c\u00e9d\u00e9 le 13 ao\u00fbt 2022.<\/li>\n<\/ul>\n<\/div><figure class=\"wp-block-media-text__media\"><img loading=\"lazy\" decoding=\"async\" width=\"400\" height=\"290\" src=\"https:\/\/montreux-vieux.net\/montreux-vieux.net\/wp-content\/uploads\/2021\/01\/2536644_16f34-1.jpg\" alt=\"\" class=\"wp-image-22365 size-full\" srcset=\"https:\/\/montreux-vieux.net\/montreux-vieux.net\/wp-content\/uploads\/2021\/01\/2536644_16f34-1.jpg 400w, https:\/\/montreux-vieux.net\/montreux-vieux.net\/wp-content\/uploads\/2021\/01\/2536644_16f34-1-300x218.jpg 300w\" sizes=\"auto, (max-width: 400px) 100vw, 400px\" \/><\/figure><\/div>\n\n\n\n<p><\/p>\n","protected":false},"excerpt":{"rendered":"<p>La bataille du 13 ao\u00fbt 13 ao\u00fbt 1914 l\u2019instituteur et greffier Monsieur Pierrot fut emmen\u00e9 (on ne dit pas ou ?). Ce n\u2019est que le 29 novembre 1914 que rouvrirent les \u00e9coles. Les locaux scolaires \u00e9tant occup\u00e9s par des soldats, &hellip; <a href=\"https:\/\/montreux-vieux.net\/?p=17173\">Continuer la lecture <span class=\"meta-nav\">&rarr;<\/span><\/a><\/p>\n","protected":false},"author":1,"featured_media":0,"comment_status":"open","ping_status":"open","sticky":false,"template":"","format":"standard","meta":{"footnotes":""},"categories":[1],"tags":[],"class_list":["post-17173","post","type-post","status-publish","format-standard","hentry","category-liens"],"_links":{"self":[{"href":"https:\/\/montreux-vieux.net\/index.php?rest_route=\/wp\/v2\/posts\/17173","targetHints":{"allow":["GET"]}}],"collection":[{"href":"https:\/\/montreux-vieux.net\/index.php?rest_route=\/wp\/v2\/posts"}],"about":[{"href":"https:\/\/montreux-vieux.net\/index.php?rest_route=\/wp\/v2\/types\/post"}],"author":[{"embeddable":true,"href":"https:\/\/montreux-vieux.net\/index.php?rest_route=\/wp\/v2\/users\/1"}],"replies":[{"embeddable":true,"href":"https:\/\/montreux-vieux.net\/index.php?rest_route=%2Fwp%2Fv2%2Fcomments&post=17173"}],"version-history":[{"count":6,"href":"https:\/\/montreux-vieux.net\/index.php?rest_route=\/wp\/v2\/posts\/17173\/revisions"}],"predecessor-version":[{"id":26092,"href":"https:\/\/montreux-vieux.net\/index.php?rest_route=\/wp\/v2\/posts\/17173\/revisions\/26092"}],"wp:attachment":[{"href":"https:\/\/montreux-vieux.net\/index.php?rest_route=%2Fwp%2Fv2%2Fmedia&parent=17173"}],"wp:term":[{"taxonomy":"category","embeddable":true,"href":"https:\/\/montreux-vieux.net\/index.php?rest_route=%2Fwp%2Fv2%2Fcategories&post=17173"},{"taxonomy":"post_tag","embeddable":true,"href":"https:\/\/montreux-vieux.net\/index.php?rest_route=%2Fwp%2Fv2%2Ftags&post=17173"}],"curies":[{"name":"wp","href":"https:\/\/api.w.org\/{rel}","templated":true}]}}