{"id":17235,"date":"2025-08-29T00:05:00","date_gmt":"2025-08-28T23:05:00","guid":{"rendered":"http:\/\/montreux-vieux.net\/?p=17235"},"modified":"2025-09-15T10:05:51","modified_gmt":"2025-09-15T09:05:51","slug":"que-sest-il-passe-a-montreux-vieux-un-29-aout","status":"publish","type":"post","link":"https:\/\/montreux-vieux.net\/?p=17235","title":{"rendered":"Que s\u2019est-il pass\u00e9 \u00e0 Montreux-Vieux un 29 ao\u00fbt ?"},"content":{"rendered":"\n<h2 class=\"wp-block-heading has-text-align-center\" style=\"font-size:60px\">Election du maire <\/h2>\n\n\n\n<p><strong>29 ao\u00fbt 1896<\/strong> &nbsp;Election du maire de la commune de Montreux-Vieux alors \u00ab Alt Munsterol \u00bb  Laible Wilhelm Il \u00e9tait maire jusqu&rsquo;au  05 mars 1912 date de son d\u00e9c\u00e8s. de 1912 au 16 mars 1915 c&rsquo;\u00e9tait son fr\u00e8re  LAIBLE&nbsp;Wilhelm Gerhard, dit Willy qui succ\u00e9da. <\/p>\n\n\n\n<hr class=\"wp-block-separator has-alpha-channel-opacity is-style-wide\"\/>\n\n\n\n<h2 class=\"wp-block-heading has-text-align-center\" style=\"font-size:60px\">La famine s&rsquo;installe<\/h2>\n\n\n\n<p><strong>29 ao\u00fbt 1914 <\/strong>La vie devient de moins en moins agr\u00e9able. Tout commence \u00e0 manquer. Les commer\u00e7ants ont presque tout vendu. Une bonne partie des pommes de terres et des l\u00e9gumes a \u00e9t\u00e9 rafl\u00e9e par les soldats ; la bl\u00e9 a \u00e9t\u00e9 pi\u00e9tin\u00e9 et mal rentr\u00e9 ; la viande devient rare, ainsi que le lait. Les paysans manquent de chevaux pour les labours. Depuis le 13 on ne sonne plus les cloches, les cordes ont \u00e9t\u00e9 enlev\u00e9es et port\u00e9es \u00e0 la mairie. <\/p>\n\n\n\n<p><\/p>\n\n\n\n<p><\/p>\n\n\n\n<p><strong>Aux Ren\u00e9gats. la Bourgeoisie reconnaissante ! <\/strong><\/p>\n\n\n\n<p>Le cartelliste (avant la lettre), Gaston Frossard \u2014 le fr\u00e8re de l\u2019autre : \u00ab Ludowic-Oscar \u00bb \u2014 a re\u00e7u son petit Bureau de tabac \u00e0 Foussemagne. On lui devait bien \u00e7a pour ses services pendant la campagne \u00e9lectorale de mai 1924.<\/p>\n\n\n\n<p>Il a assez geul\u00e9 apr\u00e8s les communistes aux r\u00e9unions de Montreux et de Foussemagne, devant les deux d\u00e9put\u00e9s et le s\u00e9nateur, pour m\u00e9riter celte petite r\u00e9compense qui stimulera son z\u00e8le. Aussi, vient-il, pour m\u00e9riter mieux, de constituer, \u00e0 Montreux-Vieux (Alsace), une section socialiste S. F. I. O. de 40 membres, dont, parait-il, M. Catt\u00e9, C\u00e9lestin, nouveau maire enrichi, serait le tr\u00e9sorier tr\u00e8s radical et M. le Cur\u00e9, le secr\u00e9taire tr\u00e8s catholique. Niez, apr\u00e8s cela, que cette doublure n&rsquo;est pas le digne \u00e9l\u00e8ve du frangin qui sait accommoder \u00e0 la m\u00eame sauce les Internationales Blanche et Noire. Sources : Le Semeur,&nbsp;29 ao\u00fbt 1925, p.&nbsp;2\/2<\/p>\n\n\n\n<blockquote class=\"wp-block-quote is-layout-flow wp-block-quote-is-layout-flow\">\n<p><strong>29 ao\u00fbt 2025 81\u00e8 anniversaire de Mme Lambert Mery<\/strong><\/p>\n<\/blockquote>\n\n\n\n<p><\/p>\n","protected":false},"excerpt":{"rendered":"<p>Election du maire 29 ao\u00fbt 1896 &nbsp;Election du maire de la commune de Montreux-Vieux alors \u00ab Alt Munsterol \u00bb Laible Wilhelm Il \u00e9tait maire jusqu&rsquo;au 05 mars 1912 date de son d\u00e9c\u00e8s. de 1912 au 16 mars 1915 c&rsquo;\u00e9tait son &hellip; <a href=\"https:\/\/montreux-vieux.net\/?p=17235\">Continuer la lecture <span class=\"meta-nav\">&rarr;<\/span><\/a><\/p>\n","protected":false},"author":1,"featured_media":0,"comment_status":"open","ping_status":"open","sticky":false,"template":"","format":"standard","meta":{"footnotes":""},"categories":[1],"tags":[],"class_list":["post-17235","post","type-post","status-publish","format-standard","hentry","category-liens"],"_links":{"self":[{"href":"https:\/\/montreux-vieux.net\/index.php?rest_route=\/wp\/v2\/posts\/17235","targetHints":{"allow":["GET"]}}],"collection":[{"href":"https:\/\/montreux-vieux.net\/index.php?rest_route=\/wp\/v2\/posts"}],"about":[{"href":"https:\/\/montreux-vieux.net\/index.php?rest_route=\/wp\/v2\/types\/post"}],"author":[{"embeddable":true,"href":"https:\/\/montreux-vieux.net\/index.php?rest_route=\/wp\/v2\/users\/1"}],"replies":[{"embeddable":true,"href":"https:\/\/montreux-vieux.net\/index.php?rest_route=%2Fwp%2Fv2%2Fcomments&post=17235"}],"version-history":[{"count":7,"href":"https:\/\/montreux-vieux.net\/index.php?rest_route=\/wp\/v2\/posts\/17235\/revisions"}],"predecessor-version":[{"id":28293,"href":"https:\/\/montreux-vieux.net\/index.php?rest_route=\/wp\/v2\/posts\/17235\/revisions\/28293"}],"wp:attachment":[{"href":"https:\/\/montreux-vieux.net\/index.php?rest_route=%2Fwp%2Fv2%2Fmedia&parent=17235"}],"wp:term":[{"taxonomy":"category","embeddable":true,"href":"https:\/\/montreux-vieux.net\/index.php?rest_route=%2Fwp%2Fv2%2Fcategories&post=17235"},{"taxonomy":"post_tag","embeddable":true,"href":"https:\/\/montreux-vieux.net\/index.php?rest_route=%2Fwp%2Fv2%2Ftags&post=17235"}],"curies":[{"name":"wp","href":"https:\/\/api.w.org\/{rel}","templated":true}]}}