{"id":17242,"date":"2025-08-31T08:54:00","date_gmt":"2025-08-31T07:54:00","guid":{"rendered":"http:\/\/montreux-vieux.net\/?p=17242"},"modified":"2025-08-01T15:24:34","modified_gmt":"2025-08-01T14:24:34","slug":"que-sest-il-passe-a-montreux-vieux-un-31-aout","status":"publish","type":"post","link":"https:\/\/montreux-vieux.net\/?p=17242","title":{"rendered":"Que s\u2019est-il pass\u00e9 \u00e0 Montreux-Vieux un 31 ao\u00fbt ?"},"content":{"rendered":"\n<h2 class=\"wp-block-heading has-text-align-center\" style=\"font-size:60px\">Une patrouille fran\u00e7aise partie venger des \u00e9claireurs<\/h2>\n\n\n\n<p><strong>31 ao\u00fbt 1914<\/strong> Une patrouille fran\u00e7aise partie pour venger des \u00e9claireurs tomb\u00e9s ces jours ci tua un officier et un soldat  allemands et \u00e0 fait un bless\u00e9. <\/p>\n\n\n\n<hr class=\"wp-block-separator has-alpha-channel-opacity is-style-wide\"\/>\n\n\n\n<h2 class=\"wp-block-heading has-text-align-center\" style=\"font-size:60px\">Un m\u00e9canicien br\u00fbl\u00e9 vif<\/h2>\n\n\n\n<p><strong>31 ao\u00fbt 1920<\/strong>  <\/p>\n\n\n\n<h3 class=\"wp-block-heading has-text-align-center\">Entre Chavannes-sur-l\u2019Etang et&nbsp;Montreux-Vieux un m\u00e9canicien d\u2019avion brul\u00e9 vif<\/h3>\n\n\n<div class=\"wp-block-image\">\n<figure class=\"aligncenter\"><img decoding=\"async\" src=\"http:\/\/montreux-vieux.net\/montreux-vieux.net\/wp-content\/uploads\/2018\/10\/ScreenShot1363.jpg\" alt=\"\"\/><\/figure>\n<\/div>\n\n\n<p>Un avion, pilot\u00e9 par M. Desoubes, mar\u00e9chal&nbsp;des logis \u00e0 l\u2019escadrille 201 du 12\u2033 r\u00e9giment&nbsp;d\u2019aviation, accompagn\u00e9 du m\u00e9canicien Charton, fut oblig\u00e9, par une panne de .moteur,&nbsp;d\u2019atterrir dans les champs entre Chavannes-sur-l\u2019Etang et&nbsp;Montreux-Vieux en ao\u00fbt 1920<\/p>\n\n\n\n<p>Arriv\u00e9 \u00e0 quelques m\u00e8tres du sol, l\u2019appareil&nbsp;tomba brusquement et prit feu.&nbsp;Le mar\u00e9chal des logis sauta de l\u2019avion \u00e0&nbsp;cinq m\u00e9tr\u00e9s du sol. Le m\u00e9canicien, rest\u00e9&nbsp;dans l\u2019appareil, fut carbonis\u00e9.<\/p>\n\n\n\n<h6 class=\"wp-block-heading\">Sources: L\u2019Humanit\u00e9 : journal socialiste quotidien&nbsp;Parti communiste fran\u00e7ais 31 ao\u00fbt 1920<\/h6>\n\n\n\n<p><\/p>\n","protected":false},"excerpt":{"rendered":"<p>Une patrouille fran\u00e7aise partie venger des \u00e9claireurs 31 ao\u00fbt 1914 Une patrouille fran\u00e7aise partie pour venger des \u00e9claireurs tomb\u00e9s ces jours ci tua un officier et un soldat allemands et \u00e0 fait un bless\u00e9. Un m\u00e9canicien br\u00fbl\u00e9 vif 31 ao\u00fbt &hellip; <a href=\"https:\/\/montreux-vieux.net\/?p=17242\">Continuer la lecture <span class=\"meta-nav\">&rarr;<\/span><\/a><\/p>\n","protected":false},"author":1,"featured_media":0,"comment_status":"open","ping_status":"open","sticky":false,"template":"","format":"standard","meta":{"footnotes":""},"categories":[1],"tags":[],"class_list":["post-17242","post","type-post","status-publish","format-standard","hentry","category-liens"],"_links":{"self":[{"href":"https:\/\/montreux-vieux.net\/index.php?rest_route=\/wp\/v2\/posts\/17242","targetHints":{"allow":["GET"]}}],"collection":[{"href":"https:\/\/montreux-vieux.net\/index.php?rest_route=\/wp\/v2\/posts"}],"about":[{"href":"https:\/\/montreux-vieux.net\/index.php?rest_route=\/wp\/v2\/types\/post"}],"author":[{"embeddable":true,"href":"https:\/\/montreux-vieux.net\/index.php?rest_route=\/wp\/v2\/users\/1"}],"replies":[{"embeddable":true,"href":"https:\/\/montreux-vieux.net\/index.php?rest_route=%2Fwp%2Fv2%2Fcomments&post=17242"}],"version-history":[{"count":5,"href":"https:\/\/montreux-vieux.net\/index.php?rest_route=\/wp\/v2\/posts\/17242\/revisions"}],"predecessor-version":[{"id":26112,"href":"https:\/\/montreux-vieux.net\/index.php?rest_route=\/wp\/v2\/posts\/17242\/revisions\/26112"}],"wp:attachment":[{"href":"https:\/\/montreux-vieux.net\/index.php?rest_route=%2Fwp%2Fv2%2Fmedia&parent=17242"}],"wp:term":[{"taxonomy":"category","embeddable":true,"href":"https:\/\/montreux-vieux.net\/index.php?rest_route=%2Fwp%2Fv2%2Fcategories&post=17242"},{"taxonomy":"post_tag","embeddable":true,"href":"https:\/\/montreux-vieux.net\/index.php?rest_route=%2Fwp%2Fv2%2Ftags&post=17242"}],"curies":[{"name":"wp","href":"https:\/\/api.w.org\/{rel}","templated":true}]}}