{"id":17303,"date":"2025-09-01T00:09:00","date_gmt":"2025-08-31T23:09:00","guid":{"rendered":"http:\/\/montreux-vieux.net\/?p=17303"},"modified":"2025-08-02T12:30:41","modified_gmt":"2025-08-02T11:30:41","slug":"que-sest-il-passe-a-montreux-vieux-un-1er-septembre","status":"publish","type":"post","link":"https:\/\/montreux-vieux.net\/?p=17303","title":{"rendered":"Que s\u2019est-il pass\u00e9 \u00e0 Montreux-Vieux un 1er septembre ?"},"content":{"rendered":"\n<div class=\"wp-block-media-text alignfull has-media-on-the-right is-stacked-on-mobile is-vertically-aligned-center is-style-default\" style=\"grid-template-columns:auto 56%\"><div class=\"wp-block-media-text__content\">\n<h2 class=\"wp-block-heading has-text-color\" style=\"color:#000000\">Une pens\u00e9e pour : <\/h2>\n\n\n\n<ul class=\"has-text-color wp-block-list\" style=\"color:#636363;font-size:17px\">\n<li>Monsieur Notter Lucien, d\u00e9c\u00e9d\u00e9 le 01 septembre 1988.<\/li>\n\n\n\n<li>Monsieur Jean Garcia, d\u00e9c\u00e9d\u00e9 le 01 septembre 2017.  <\/li>\n<\/ul>\n<\/div><figure class=\"wp-block-media-text__media\"><img loading=\"lazy\" decoding=\"async\" width=\"400\" height=\"290\" src=\"https:\/\/montreux-vieux.net\/montreux-vieux.net\/wp-content\/uploads\/2021\/01\/2536644_16f34-1.jpg\" alt=\"\" class=\"wp-image-22365 size-full\" srcset=\"https:\/\/montreux-vieux.net\/montreux-vieux.net\/wp-content\/uploads\/2021\/01\/2536644_16f34-1.jpg 400w, https:\/\/montreux-vieux.net\/montreux-vieux.net\/wp-content\/uploads\/2021\/01\/2536644_16f34-1-300x218.jpg 300w\" sizes=\"auto, (max-width: 400px) 100vw, 400px\" \/><\/figure><\/div>\n\n\n\n<p><\/p>\n\n\n\n<h2 class=\"wp-block-heading has-text-align-center\" style=\"font-size:60px\">L\u2019Observatoire de Montreux-Vieux<\/h2>\n\n\n\n<p>1 er septembre 1877. C\u2019est avec une curiosit\u00e9 toujours en \u00e9veil que les Allemands suivent la manifestation des sentiments patriotiques qui animent toutes ces vaillantes populations et surtout progression des \u0153uvres quelles accomplissent; car, \u00e0 vingt kilom\u00e8tres de l\u00e0, dans le premier village qui leur appartient, \u00e0 Montreux-Vieux, ils ont fait \u00e9difier un mauvais observatoire en charpente, sorte de carcasse de gu\u00e9rite, et, chaque semaine, ils envoient des officiers d\u2019\u00e9tat-major qui s\u2019installent dans cet appareil et qui, munis de longues-vues et d\u2019instruments d\u2019optique, examinent, pendant de longues heures, les travaux de fortification de la trou\u00e9e.<\/p>\n\n\n\n<p>Pour faire savoir que ce sol leur appartient , il n\u2019est point de carrefour de routes, de coin de chemin ou de sellier, qu\u2019ils n\u2019aient muni d\u2019un poteau, orn\u00e9 en spirale des couleurs de la Conf\u00e9d\u00e9ration germanique, blanc, rouge et noir, et surmont\u00e9 d\u2019un placard couvert d\u2019une \u00e9criture gothique, indiquant que clans ce lieu c\u2019est l\u2019empereur Guillaume qui gouverne.<\/p>\n\n\n\n<p>Sources&nbsp;; l\u2019Ev\u00e9nement 1<sup>er<\/sup>&nbsp;septembre 1877<\/p>\n\n\n\n<hr class=\"wp-block-separator has-alpha-channel-opacity is-style-wide\"\/>\n\n\n\n<h2 class=\"wp-block-heading has-text-align-center\" style=\"font-size:60px\">Le corps du soldat Camille Augier transport\u00e9 \u00e0 l&rsquo;\u00e9glise<\/h2>\n\n\n\n<p><strong>01 septembre 1914 <\/strong>Le corps du soldat Camille Augier, d\u00e9c\u00e9d\u00e9 \u00e0 Suarce a \u00e9t\u00e9 transport\u00e9 \u00e0 l\u2019\u00e9glise Saint Alban de Montreux-Vieux. Le 2 septembre 1914 a eu l\u2019enterrement. Il fut grandiose; une foule importante de soldats \u00e9tait pr\u00e9sente mais aussi trois colonels ainsi qu\u2019un escadron de Dragons venu de Montreux-Ch\u00e2teau. Au cimeti\u00e8re le Colonel Richard a pris la parole. Son nom figure sur le monument aux morts ainsi que sur le vitrail Sainte Jeanne d\u2019Arc de l\u2019\u00e9glise de Montreux-Vieux <\/p>\n\n\n\n<hr class=\"wp-block-separator has-alpha-channel-opacity is-style-wide\"\/>\n\n\n\n<h2 class=\"wp-block-heading has-text-align-center\" style=\"font-size:60px\">Construction d&rsquo;une ligne de chemin de fer Montreux-Vieux-Lauw<\/h2>\n\n\n\n<p><strong>01 septembre 1916<\/strong> Une ligne de chemin de fer \u00e0 voie unique reliant&nbsp; Montreux-Vieux et Lauw a \u00e9t\u00e9 construite par l\u2019arm\u00e9e. Les troupes s\u00e9n\u00e9galaises ont commenc\u00e9 \u00e0 travailler sur une ligne \u00e0 voie normale le 22 f\u00e9vrier 1916,&nbsp;&nbsp;Elle a \u00e9t\u00e9 mise en service le 1er septembre 1916 pour assurer le ravitaillement des troupes fran\u00e7aises.&nbsp;La section Lauw \u2013 Montreux-Vieux d\u2019une longueur de 20 Km a \u00e9t\u00e9 ferm\u00e9e au trafic \u00e0 la fin du conflit mondial en 1918 <\/p>\n\n\n\n<hr class=\"wp-block-separator has-alpha-channel-opacity is-style-wide\"\/>\n\n\n\n<h2 class=\"wp-block-heading has-text-align-center\" style=\"font-size:60px\">Accident du garde-champ\u00eatre Besan\u00e7on Edmond<\/h2>\n\n\n\n<p><strong>1er septembre 1922<\/strong> Notre garde-champ\u00eatre, Besan\u00e7on Edmond&nbsp; 34 ans, p\u00e8re de deux enfants, est tomb\u00e9 d\u2019un wagon de foin qu&rsquo;il \u00e9tait eu train de charger \u00e0 la gare, Comme le chargement \u00e9tait presque&nbsp; termin\u00e9, c\u2019est&nbsp; d&rsquo;une hauteur consid\u00e9rable qu\u2019il&nbsp; est tomb\u00e9 sur la t\u00eate&nbsp; et s&rsquo;est fait de graves l\u00e9sions. Les m\u00e9decins doutent qu\u2019il&nbsp; puisse \u00eatre sauv\u00e9. Dans tout le village on prend une vive part au malheur qui trappe la famille. Sources&nbsp;: L\u2019Express de Mulhouse 1<sup>er<\/sup> septembre 1922<\/p>\n\n\n\n<hr class=\"wp-block-separator has-alpha-channel-opacity is-style-wide\"\/>\n\n\n\n<h2 class=\"wp-block-heading has-text-align-center\" style=\"font-size:60px\">Acte de sauvetage<\/h2>\n\n\n\n<p><strong>1er septembre 1936<\/strong> MONTREUX-VIEUX Acte de sauvetage. \u2014 L\u2019autre jour, un enfant joua sur le pont au-dessus du canal du Rh\u00f4ne-au-Rhin. S\u2019\u00e9tant trop pench\u00e9, il perdit l\u2019\u00e9quilibre et tomba a l\u2019eau. Il se serait certainement noy\u00e9 sans l\u2019intervention de Mme Schwob. qui jeta \u00e0 l\u2019enfant une canne de p\u00eache se trouvant \u00e0 sa port\u00e9e. L\u2019enfant s\u2019y agrippa et&nbsp; put \u00eatre tir\u00e9 au sec. Nos f\u00e9licitations \u00e0 Mme Schwob. Sources&nbsp;: L\u2019Express de Mulhouse 1<sup>er<\/sup> septembre 1936<\/p>\n\n\n\n<p><\/p>\n","protected":false},"excerpt":{"rendered":"<p>L\u2019Observatoire de Montreux-Vieux 1 er septembre 1877. C\u2019est avec une curiosit\u00e9 toujours en \u00e9veil que les Allemands suivent la manifestation des sentiments patriotiques qui animent toutes ces vaillantes populations et surtout progression des \u0153uvres quelles accomplissent; car, \u00e0 vingt kilom\u00e8tres &hellip; <a href=\"https:\/\/montreux-vieux.net\/?p=17303\">Continuer la lecture <span class=\"meta-nav\">&rarr;<\/span><\/a><\/p>\n","protected":false},"author":1,"featured_media":0,"comment_status":"open","ping_status":"open","sticky":false,"template":"","format":"standard","meta":{"footnotes":""},"categories":[1],"tags":[],"class_list":["post-17303","post","type-post","status-publish","format-standard","hentry","category-liens"],"_links":{"self":[{"href":"https:\/\/montreux-vieux.net\/index.php?rest_route=\/wp\/v2\/posts\/17303","targetHints":{"allow":["GET"]}}],"collection":[{"href":"https:\/\/montreux-vieux.net\/index.php?rest_route=\/wp\/v2\/posts"}],"about":[{"href":"https:\/\/montreux-vieux.net\/index.php?rest_route=\/wp\/v2\/types\/post"}],"author":[{"embeddable":true,"href":"https:\/\/montreux-vieux.net\/index.php?rest_route=\/wp\/v2\/users\/1"}],"replies":[{"embeddable":true,"href":"https:\/\/montreux-vieux.net\/index.php?rest_route=%2Fwp%2Fv2%2Fcomments&post=17303"}],"version-history":[{"count":10,"href":"https:\/\/montreux-vieux.net\/index.php?rest_route=\/wp\/v2\/posts\/17303\/revisions"}],"predecessor-version":[{"id":26125,"href":"https:\/\/montreux-vieux.net\/index.php?rest_route=\/wp\/v2\/posts\/17303\/revisions\/26125"}],"wp:attachment":[{"href":"https:\/\/montreux-vieux.net\/index.php?rest_route=%2Fwp%2Fv2%2Fmedia&parent=17303"}],"wp:term":[{"taxonomy":"category","embeddable":true,"href":"https:\/\/montreux-vieux.net\/index.php?rest_route=%2Fwp%2Fv2%2Fcategories&post=17303"},{"taxonomy":"post_tag","embeddable":true,"href":"https:\/\/montreux-vieux.net\/index.php?rest_route=%2Fwp%2Fv2%2Ftags&post=17303"}],"curies":[{"name":"wp","href":"https:\/\/api.w.org\/{rel}","templated":true}]}}