{"id":17335,"date":"2025-09-07T09:09:38","date_gmt":"2025-09-07T08:09:38","guid":{"rendered":"http:\/\/montreux-vieux.net\/?p=17335"},"modified":"2025-09-07T09:09:38","modified_gmt":"2025-09-07T08:09:38","slug":"que-sest-il-passe-a-montreux-vieux-un-7-septembre","status":"publish","type":"post","link":"https:\/\/montreux-vieux.net\/?p=17335","title":{"rendered":"Que s\u2019est-il pass\u00e9 \u00e0 Montreux-Vieux un 7 septembre ?"},"content":{"rendered":"\n<h2 class=\"wp-block-heading has-text-align-center\" style=\"font-size:60px\">Le Chol\u00e9ra<\/h2>\n\n\n\n<p><strong>7 septembre 1892<\/strong> le cholera <a rel=\"noreferrer noopener\" href=\"http:\/\/montreux-vieux.net\/?page_id=11852\" target=\"_blank\">http:\/\/montreux-vieux.net\/?page_id=11852<\/a><\/p>\n\n\n\n<hr class=\"wp-block-separator has-alpha-channel-opacity is-style-wide\"\/>\n\n\n\n<h2 class=\"wp-block-heading has-text-align-center\" style=\"font-size:60px\">Construction d&rsquo;un foyer du soldat<\/h2>\n\n\n\n<p><strong>07 septembre 1918<\/strong> Sur le pr\u00e9 \u00e0 c\u00f4t\u00e9 du jardin de la cure, on construit une baraque qui servira de foyer du soldat et de salle de cin\u00e9ma.<\/p>\n\n\n\n<hr class=\"wp-block-separator has-alpha-channel-opacity is-style-wide\"\/>\n\n\n\n<div class=\"wp-block-media-text alignfull has-media-on-the-right is-stacked-on-mobile is-vertically-aligned-center is-style-default\" style=\"grid-template-columns:auto 56%\"><div class=\"wp-block-media-text__content\">\n<h2 class=\"wp-block-heading has-text-color\" style=\"color:#000000\">Une pens\u00e9e pour : <\/h2>\n\n\n\n<ul style=\"color:#636363;font-size:17px\" class=\"wp-block-list has-text-color\">\n<li>Monsieur Albert Geiss, d\u00e9c\u00e9d\u00e9 le 07 septembre 2012.<\/li>\n<\/ul>\n<\/div><figure class=\"wp-block-media-text__media\"><img loading=\"lazy\" decoding=\"async\" width=\"400\" height=\"290\" src=\"https:\/\/montreux-vieux.net\/montreux-vieux.net\/wp-content\/uploads\/2021\/01\/2536644_16f34-1.jpg\" alt=\"\" class=\"wp-image-22365 size-full\" srcset=\"https:\/\/montreux-vieux.net\/montreux-vieux.net\/wp-content\/uploads\/2021\/01\/2536644_16f34-1.jpg 400w, https:\/\/montreux-vieux.net\/montreux-vieux.net\/wp-content\/uploads\/2021\/01\/2536644_16f34-1-300x218.jpg 300w\" sizes=\"auto, (max-width: 400px) 100vw, 400px\" \/><\/figure><\/div>\n\n\n\n<div class=\"wp-block-media-text alignfull has-media-on-the-right is-stacked-on-mobile is-vertically-aligned-center is-style-default\" style=\"grid-template-columns:auto 56%\"><div class=\"wp-block-media-text__content\">\n<h2 class=\"wp-block-heading has-text-color\" style=\"color:#000000\">Une pens\u00e9e pour : <\/h2>\n\n\n\n<p><\/p>\n\n\n\n<ul style=\"color:#636363;font-size:17px\" class=\"wp-block-list has-text-color\">\n<li>Madame Stantina n\u00e9e Groshenny Antoinette, d\u00e9c\u00e9d\u00e9e le 07 septembre 2006.<\/li>\n<\/ul>\n<\/div><figure class=\"wp-block-media-text__media\"><img loading=\"lazy\" decoding=\"async\" width=\"400\" height=\"290\" src=\"https:\/\/montreux-vieux.net\/montreux-vieux.net\/wp-content\/uploads\/2021\/01\/2536644_16f34-1.jpg\" alt=\"\" class=\"wp-image-22365 size-full\" srcset=\"https:\/\/montreux-vieux.net\/montreux-vieux.net\/wp-content\/uploads\/2021\/01\/2536644_16f34-1.jpg 400w, https:\/\/montreux-vieux.net\/montreux-vieux.net\/wp-content\/uploads\/2021\/01\/2536644_16f34-1-300x218.jpg 300w\" sizes=\"auto, (max-width: 400px) 100vw, 400px\" \/><\/figure><\/div>\n\n\n\n<p><\/p>\n\n\n\n<p><strong>07 septembre  2012 <\/strong> d\u00e9c\u00e8s de Mr  Geiss Albert.  <a href=\"http:\/\/montreux-vieux.net\/?page_id=5242\" target=\"_blank\" rel=\"noreferrer noopener\" aria-label=\"http:\/\/montreux-vieux.net\/?page_id=5242  (s\u2019ouvre dans un nouvel onglet)\">http:\/\/montreux-vieux.net\/?page_id=5242 <\/a><\/p>\n","protected":false},"excerpt":{"rendered":"<p>Le Chol\u00e9ra 7 septembre 1892 le cholera http:\/\/montreux-vieux.net\/?page_id=11852 Construction d&rsquo;un foyer du soldat 07 septembre 1918 Sur le pr\u00e9 \u00e0 c\u00f4t\u00e9 du jardin de la cure, on construit une baraque qui servira de foyer du soldat et de salle de &hellip; <a href=\"https:\/\/montreux-vieux.net\/?p=17335\">Continuer la lecture <span class=\"meta-nav\">&rarr;<\/span><\/a><\/p>\n","protected":false},"author":1,"featured_media":0,"comment_status":"open","ping_status":"open","sticky":false,"template":"","format":"standard","meta":{"footnotes":""},"categories":[1],"tags":[],"class_list":["post-17335","post","type-post","status-publish","format-standard","hentry","category-liens"],"_links":{"self":[{"href":"https:\/\/montreux-vieux.net\/index.php?rest_route=\/wp\/v2\/posts\/17335","targetHints":{"allow":["GET"]}}],"collection":[{"href":"https:\/\/montreux-vieux.net\/index.php?rest_route=\/wp\/v2\/posts"}],"about":[{"href":"https:\/\/montreux-vieux.net\/index.php?rest_route=\/wp\/v2\/types\/post"}],"author":[{"embeddable":true,"href":"https:\/\/montreux-vieux.net\/index.php?rest_route=\/wp\/v2\/users\/1"}],"replies":[{"embeddable":true,"href":"https:\/\/montreux-vieux.net\/index.php?rest_route=%2Fwp%2Fv2%2Fcomments&post=17335"}],"version-history":[{"count":8,"href":"https:\/\/montreux-vieux.net\/index.php?rest_route=\/wp\/v2\/posts\/17335\/revisions"}],"predecessor-version":[{"id":26516,"href":"https:\/\/montreux-vieux.net\/index.php?rest_route=\/wp\/v2\/posts\/17335\/revisions\/26516"}],"wp:attachment":[{"href":"https:\/\/montreux-vieux.net\/index.php?rest_route=%2Fwp%2Fv2%2Fmedia&parent=17335"}],"wp:term":[{"taxonomy":"category","embeddable":true,"href":"https:\/\/montreux-vieux.net\/index.php?rest_route=%2Fwp%2Fv2%2Fcategories&post=17335"},{"taxonomy":"post_tag","embeddable":true,"href":"https:\/\/montreux-vieux.net\/index.php?rest_route=%2Fwp%2Fv2%2Ftags&post=17335"}],"curies":[{"name":"wp","href":"https:\/\/api.w.org\/{rel}","templated":true}]}}