{"id":17346,"date":"2025-09-10T00:05:00","date_gmt":"2025-09-09T23:05:00","guid":{"rendered":"http:\/\/montreux-vieux.net\/?p=17346"},"modified":"2025-08-02T12:43:05","modified_gmt":"2025-08-02T11:43:05","slug":"que-sest-il-passe-a-montreux-vieux-un-10-septembre","status":"publish","type":"post","link":"https:\/\/montreux-vieux.net\/?p=17346","title":{"rendered":"Que s\u2019est-il pass\u00e9 \u00e0 Montreux-Vieux un 10 septembre ?"},"content":{"rendered":"\n<h2 class=\"wp-block-heading has-text-align-center\" style=\"font-size:60px\">M\u00e9daille coloniale pour Louis Baptiste Fabry<\/h2>\n\n\n\n<h4 class=\"wp-block-heading\"><strong>  (10 septembre 1916)<\/strong> \u00ab&nbsp;Louis&nbsp;\u00bb Baptiste FABRY &nbsp;m\u00e9daille coloniale, histoire:  <a rel=\"noreferrer noopener\" aria-label=\"http:\/\/montreux-vieux.net\/?p=16988  (s\u2019ouvre dans un nouvel onglet)\" href=\"http:\/\/montreux-vieux.net\/?p=16988\" target=\"_blank\">http:\/https:\/\/montreux-vieux.net\/?page_id=11319\/montreux-vieux.net\/?p=16988 <\/a><\/h4>\n\n\n\n<hr class=\"wp-block-separator has-alpha-channel-opacity is-style-wide\"\/>\n\n\n\n<h2 class=\"wp-block-heading has-text-align-center\" style=\"font-size:60px\">Nomination d&rsquo;officiers chez les pompiers<\/h2>\n\n\n\n<p><strong>10 septembre 1930<\/strong> NOMINATION D\u2019OFFICIERS DE POMPIERS Par d\u00e9cret en date du 10 septembre 1930 ont \u00e9t\u00e9 nomm\u00e9s aux grades ci-apr\u00e8s dans les corps des sapeurs-pompiers communaux du Haut-Rhin :<\/p>\n\n\n\n<p>Huggenberger Th\u00e9ophile, lieutenant \u00e0 Montreux-Vieux; Widemann Etienne, sous-lieutenant \u00e0 Montreux-Vieux;<a href=\"http:\/\/montreux-vieux.net\/?page_id=6014\" target=\"_blank\" rel=\"noreferrer noopener\">http:\/\/montreux-vieux.net\/?page_id=6014<\/a> Sources&nbsp;: L\u2019Express de Mulhouse 13 octobre 1930<\/p>\n\n\n\n<p><\/p>\n","protected":false},"excerpt":{"rendered":"<p>M\u00e9daille coloniale pour Louis Baptiste Fabry (10 septembre 1916) \u00ab&nbsp;Louis&nbsp;\u00bb Baptiste FABRY &nbsp;m\u00e9daille coloniale, histoire: http:\/https:\/\/montreux-vieux.net\/?page_id=11319\/montreux-vieux.net\/?p=16988 Nomination d&rsquo;officiers chez les pompiers 10 septembre 1930 NOMINATION D\u2019OFFICIERS DE POMPIERS Par d\u00e9cret en date du 10 septembre 1930 ont \u00e9t\u00e9 nomm\u00e9s aux &hellip; <a href=\"https:\/\/montreux-vieux.net\/?p=17346\">Continuer la lecture <span class=\"meta-nav\">&rarr;<\/span><\/a><\/p>\n","protected":false},"author":1,"featured_media":0,"comment_status":"open","ping_status":"open","sticky":false,"template":"","format":"standard","meta":{"footnotes":""},"categories":[1],"tags":[],"class_list":["post-17346","post","type-post","status-publish","format-standard","hentry","category-liens"],"_links":{"self":[{"href":"https:\/\/montreux-vieux.net\/index.php?rest_route=\/wp\/v2\/posts\/17346","targetHints":{"allow":["GET"]}}],"collection":[{"href":"https:\/\/montreux-vieux.net\/index.php?rest_route=\/wp\/v2\/posts"}],"about":[{"href":"https:\/\/montreux-vieux.net\/index.php?rest_route=\/wp\/v2\/types\/post"}],"author":[{"embeddable":true,"href":"https:\/\/montreux-vieux.net\/index.php?rest_route=\/wp\/v2\/users\/1"}],"replies":[{"embeddable":true,"href":"https:\/\/montreux-vieux.net\/index.php?rest_route=%2Fwp%2Fv2%2Fcomments&post=17346"}],"version-history":[{"count":13,"href":"https:\/\/montreux-vieux.net\/index.php?rest_route=\/wp\/v2\/posts\/17346\/revisions"}],"predecessor-version":[{"id":26133,"href":"https:\/\/montreux-vieux.net\/index.php?rest_route=\/wp\/v2\/posts\/17346\/revisions\/26133"}],"wp:attachment":[{"href":"https:\/\/montreux-vieux.net\/index.php?rest_route=%2Fwp%2Fv2%2Fmedia&parent=17346"}],"wp:term":[{"taxonomy":"category","embeddable":true,"href":"https:\/\/montreux-vieux.net\/index.php?rest_route=%2Fwp%2Fv2%2Fcategories&post=17346"},{"taxonomy":"post_tag","embeddable":true,"href":"https:\/\/montreux-vieux.net\/index.php?rest_route=%2Fwp%2Fv2%2Ftags&post=17346"}],"curies":[{"name":"wp","href":"https:\/\/api.w.org\/{rel}","templated":true}]}}