{"id":17390,"date":"2025-09-13T00:05:00","date_gmt":"2025-09-12T23:05:00","guid":{"rendered":"http:\/\/montreux-vieux.net\/?p=17390"},"modified":"2025-08-02T12:45:19","modified_gmt":"2025-08-02T11:45:19","slug":"que-sest-il-passe-a-montreux-vieux-un-13-septembre","status":"publish","type":"post","link":"https:\/\/montreux-vieux.net\/?p=17390","title":{"rendered":"Que s\u2019est-il pass\u00e9 \u00e0 Montreux-Vieux un 13 septembre ?"},"content":{"rendered":"\n<h2 class=\"wp-block-heading has-text-align-center\" style=\"font-size:60px\">Un \u00e9v\u00eaque,  fils d&rsquo;un instituteur de Montreux-Vieux<\/h2>\n\n\n\n<p><strong>13 septembre 1740<\/strong> Marc Antoine (Ev\u00eaque)le 13 septembre 1740  <a rel=\"noreferrer noopener\" aria-label=\"http:\/\/montreux-vieux.net\/?page_id=11112  (s\u2019ouvre dans un nouvel onglet)\" href=\"http:\/\/montreux-vieux.net\/?page_id=11112\" target=\"_blank\">http:\/\/montreux-vieux.net\/?page_id=11112 <\/a><\/p>\n\n\n\n<hr class=\"wp-block-separator has-alpha-channel-opacity is-style-wide\"\/>\n\n\n\n<h2 class=\"wp-block-heading has-text-align-center\" style=\"font-size:60px\">Invasion de loups <\/h2>\n\n\n\n<p><strong>13 septembre 1885<\/strong> Invasion de loups 13\/9\/1885  <a rel=\"noreferrer noopener\" aria-label=\"http:\/\/montreux-vieux.net\/?page_id=2518  (s\u2019ouvre dans un nouvel onglet)\" href=\"http:\/\/montreux-vieux.net\/?page_id=2518\" target=\"_blank\">http:\/\/montreux-vieux.net\/?page_id=2518 <\/a><\/p>\n\n\n\n<hr class=\"wp-block-separator has-alpha-channel-opacity is-style-wide\"\/>\n\n\n\n<h2 class=\"wp-block-heading has-text-align-center\" style=\"font-size:60px\">Visite du G\u00e9n\u00e9ral P\u00e9tain<\/h2>\n\n\n\n<p><strong>13 septembre 1917 <\/strong>La visite du G\u00e9n\u00e9ral P\u00e9tain le 13 septembre 1917  <a rel=\"noreferrer noopener\" aria-label=\"http:\/\/montreux-vieux.net\/?page_id=4941  (s\u2019ouvre dans un nouvel onglet)\" href=\"http:\/\/montreux-vieux.net\/?page_id=4941\" target=\"_blank\">http:\/\/montreux-vieux.net\/?page_id=4941 <\/a><\/p>\n\n\n\n<hr class=\"wp-block-separator has-alpha-channel-opacity is-style-wide\"\/>\n\n\n\n<h2 class=\"wp-block-heading has-text-align-center\" style=\"font-size:60px\">Remplacement de r\u00e9giment<\/h2>\n\n\n\n<p><strong>13 septembre 1917<\/strong> L&rsquo;\u00e9tat-major du 33\u00e8 Corps avec le G\u00e9n\u00e9ral Lecomte remplace le 18\u00e8<\/p>\n\n\n\n<hr class=\"wp-block-separator has-alpha-channel-opacity is-style-wide\"\/>\n\n\n\n<h2 class=\"wp-block-heading has-text-align-center\" style=\"font-size:60px\">D\u00e9part de l&rsquo;Etat major Am\u00e9ricain.<\/h2>\n\n\n\n<p><strong>13 septembre 1918 <\/strong>L&rsquo;\u00e9tat -major Am\u00e9ricain est parti. On \u00e9vacue les habitants de Gildwiller, Falkwiller, Hecken, et Dieffmatten ; ils sont dirig\u00e9s sur la Haute-Sa\u00f4ne. Le 40\u00e8 Corps va revenir.<\/p>\n\n\n\n<hr class=\"wp-block-separator has-alpha-channel-opacity is-style-wide\"\/>\n\n\n\n<h2 class=\"wp-block-heading has-text-align-center\" style=\"font-size:60px\">Inauguration des installations sportives rue des Pr\u00e9s<\/h2>\n\n\n\n<p>L&rsquo;inauguration des installations sportives, situ\u00e9es rue des Pr\u00e9s, a \u00e9t\u00e9  organis\u00e9e par l&rsquo;Association \u00ab\u00a0La Boule Montreusienne\u00a0\u00bb Vendredi 13 septembre 2019 \u00e0 11 h en pr\u00e9sence de M. Joseph Cantarelli, Pr\u00e9sident de la f\u00e9d\u00e9ration fran\u00e7aise de p\u00e9tanque et de jeu proven\u00e7al.<\/p>\n\n\n\n<p><\/p>\n","protected":false},"excerpt":{"rendered":"<p>Un \u00e9v\u00eaque, fils d&rsquo;un instituteur de Montreux-Vieux 13 septembre 1740 Marc Antoine (Ev\u00eaque)le 13 septembre 1740 http:\/\/montreux-vieux.net\/?page_id=11112 Invasion de loups 13 septembre 1885 Invasion de loups 13\/9\/1885 http:\/\/montreux-vieux.net\/?page_id=2518 Visite du G\u00e9n\u00e9ral P\u00e9tain 13 septembre 1917 La visite du G\u00e9n\u00e9ral P\u00e9tain &hellip; <a href=\"https:\/\/montreux-vieux.net\/?p=17390\">Continuer la lecture <span class=\"meta-nav\">&rarr;<\/span><\/a><\/p>\n","protected":false},"author":1,"featured_media":0,"comment_status":"open","ping_status":"open","sticky":false,"template":"","format":"standard","meta":{"footnotes":""},"categories":[1],"tags":[],"class_list":["post-17390","post","type-post","status-publish","format-standard","hentry","category-liens"],"_links":{"self":[{"href":"https:\/\/montreux-vieux.net\/index.php?rest_route=\/wp\/v2\/posts\/17390","targetHints":{"allow":["GET"]}}],"collection":[{"href":"https:\/\/montreux-vieux.net\/index.php?rest_route=\/wp\/v2\/posts"}],"about":[{"href":"https:\/\/montreux-vieux.net\/index.php?rest_route=\/wp\/v2\/types\/post"}],"author":[{"embeddable":true,"href":"https:\/\/montreux-vieux.net\/index.php?rest_route=\/wp\/v2\/users\/1"}],"replies":[{"embeddable":true,"href":"https:\/\/montreux-vieux.net\/index.php?rest_route=%2Fwp%2Fv2%2Fcomments&post=17390"}],"version-history":[{"count":12,"href":"https:\/\/montreux-vieux.net\/index.php?rest_route=\/wp\/v2\/posts\/17390\/revisions"}],"predecessor-version":[{"id":26136,"href":"https:\/\/montreux-vieux.net\/index.php?rest_route=\/wp\/v2\/posts\/17390\/revisions\/26136"}],"wp:attachment":[{"href":"https:\/\/montreux-vieux.net\/index.php?rest_route=%2Fwp%2Fv2%2Fmedia&parent=17390"}],"wp:term":[{"taxonomy":"category","embeddable":true,"href":"https:\/\/montreux-vieux.net\/index.php?rest_route=%2Fwp%2Fv2%2Fcategories&post=17390"},{"taxonomy":"post_tag","embeddable":true,"href":"https:\/\/montreux-vieux.net\/index.php?rest_route=%2Fwp%2Fv2%2Ftags&post=17390"}],"curies":[{"name":"wp","href":"https:\/\/api.w.org\/{rel}","templated":true}]}}