{"id":17803,"date":"2025-10-19T09:13:59","date_gmt":"2025-10-19T08:13:59","guid":{"rendered":"http:\/\/montreux-vieux.net\/?p=17803"},"modified":"2025-10-19T09:13:59","modified_gmt":"2025-10-19T08:13:59","slug":"que-sest-il-passe-a-montreux-vieux-un-19-octobre","status":"publish","type":"post","link":"https:\/\/montreux-vieux.net\/?p=17803","title":{"rendered":"Que s\u2019est-il pass\u00e9 \u00e0 Montreux-Vieux un 19 octobre ?"},"content":{"rendered":"\n<h2 class=\"wp-block-heading has-text-align-center\" style=\"font-size:60px\">D\u00e9c\u00e8s du p\u00e8re Genevois<\/h2>\n\n\n\n<p><strong>19 octobre 1833 <\/strong>Le 19 octobre 1833 d\u00e9c\u00e8s du p\u00e8re Genevois. L\u2019allocation qui lui \u00e9tait attribu\u00e9e est vers\u00e9e pour des r\u00e9parations de la Sous-Pr\u00e9fecture de Belfort <\/p>\n\n\n\n<hr class=\"wp-block-separator has-alpha-channel-opacity is-style-wide\"\/>\n\n\n\n<h2 class=\"wp-block-heading has-text-align-center\" style=\"font-size:60px\">Nomination de M. Eyss\u00e9ric (Henri-Eug\u00e8ne-Joseph)<\/h2>\n\n\n\n<h4 class=\"wp-block-heading\"><strong>19 octobre 1921<\/strong>  M. Eyss\u00e9ric (Henri-Eug\u00e8nie-Joseph) nomm\u00e9 Officier d\u2019Administration dans l\u2019arm\u00e9e territoriale  <a href=\"http:\/\/montreux-vieux.net\/?page_id=11804\">http:\/\/montreux-vi<\/a><a rel=\"noreferrer noopener\" aria-label=\"eux.net\/?page_id=11804  (s\u2019ouvre dans un nouvel onglet)\" href=\"http:\/\/montreux-vieux.net\/?page_id=11804\" target=\"_blank\">eux.net\/?page_id=11804 <\/a><\/h4>\n\n\n\n<hr class=\"wp-block-separator has-alpha-channel-opacity is-style-wide\"\/>\n\n\n\n<h2 class=\"wp-block-heading has-text-align-center\" style=\"font-size:60px\">Feu au d\u00e9p\u00f4t de carburants de la Jeanne d&rsquo;Arc<\/h2>\n\n\n<div class=\"wp-block-image\">\n<figure class=\"aligncenter\"><img loading=\"lazy\" decoding=\"async\" width=\"659\" height=\"435\" src=\"http:\/\/montreux-vieux.net\/montreux-vieux.net\/wp-content\/uploads\/2019\/10\/zzScreen-Shot-10-16-19-at-11.39-AM_InPixio.png\" alt=\"\" class=\"wp-image-18077\" srcset=\"https:\/\/montreux-vieux.net\/montreux-vieux.net\/wp-content\/uploads\/2019\/10\/zzScreen-Shot-10-16-19-at-11.39-AM_InPixio.png 659w, https:\/\/montreux-vieux.net\/montreux-vieux.net\/wp-content\/uploads\/2019\/10\/zzScreen-Shot-10-16-19-at-11.39-AM_InPixio-300x198.png 300w, https:\/\/montreux-vieux.net\/montreux-vieux.net\/wp-content\/uploads\/2019\/10\/zzScreen-Shot-10-16-19-at-11.39-AM_InPixio-600x396.png 600w\" sizes=\"auto, (max-width: 659px) 100vw, 659px\" \/><\/figure>\n<\/div>\n\n\n<p><strong>19 octobre 1949<\/strong> Une partie du d\u00e9p\u00f4t de carburants de la Soci\u00e9t\u00e9 Jeanne d&rsquo;Arc, environ 120 000 l br\u00fblent 2 r\u00e9servoirs d&rsquo;essence explosent et 9 autres \u00e9chappent de peu aux flammes  <\/p>\n\n\n\n<p>Cliquez sur les liens suivants pour plus d&rsquo;infos. <a href=\"http:\/\/montreux-vieux.net\/?p=19569\" target=\"_blank\" rel=\"noreferrer noopener\">I<\/a><a href=\"http:\/\/montreux-vieux.net\/?p=19569\">ncendie au d\u00e9p\u00f4t de carburants et \u00e9vacuation des \u00e9coles<\/a><\/p>\n\n\n\n<p><\/p>\n\n\n\n<h1 class=\"wp-block-heading\">1.790.000 litres d\u2019essence ont failli flamber \u00e0 Montreux-Vieux<\/h1>\n\n\n\n<p>Publi\u00e9 le&nbsp;<a href=\"https:\/\/montreux-vieux.net\/?p=19511\">2 juin 2020<\/a>&nbsp;par&nbsp;<a href=\"https:\/\/montreux-vieux.net\/?author=1\">admin<\/a><\/p>\n\n\n\n<p>LE COURAGE D\u2019UN EMPLOY\u00c9 \u00c9VITE DE JUSTESSE LA CATASTROPHE<\/p>\n\n\n\n<p>U incendie s\u2019est d\u00e9clar\u00e9 ce matin \u00e0 8 h. 30 au d\u00e9p\u00f4t d\u2019essence et de gazole de la Soci\u00e9t\u00e9 d\u2019Alimentation G\u00e9n\u00e9rale Jeanne d\u2019Arc, \u00e0&nbsp;<strong>Montreux-Vieux<\/strong>&nbsp;(Haut-Rhin), \u00e0 15 km. de Belfort.<\/p>\n\n\n\n<p>A l\u2019instant o\u00f9 il mettait en marche le moteur de la station de pompage du d\u00e9p\u00f4t, un employ\u00e9. M. Schultz, fut aveugl\u00e9 par une flamme qui jaillit soudain.<\/p>\n\n\n\n<p>Le feu embrasa, rapidement la salle des machines o\u00f9 \u00e9taient entrepos\u00e9s des f\u00fbts d\u2019essence dont le remplissage avait \u00e9t\u00e9 termin\u00e9 la veille.<\/p>\n\n\n\n<p>M. Schultz ne perdait heureusement pas son sang-froid et, bien que br\u00fbl\u00e9 assez gri\u00e8vement surtout le corps. il ferma les vannes et conduites emmenant le liquide aux diff\u00e9rents r\u00e9servoirs.<\/p>\n\n\n\n<p>Cette pr\u00e9sence d\u2019esprit \u00e9vita une v\u00e9ritable catastrophe, car une conduite \u00e9tait reli\u00e9e \u00e0 un r\u00e9servoir de 1.790.000 litres qui avait \u00e9t\u00e9 rempli quelques jours auparavant.<\/p>\n\n\n\n<p>L\u2019alarme fut donn\u00e9e. Deux petits r\u00e9servoirs,! des f\u00fbts d\u2019essence et de gazole<br>aux abords m\u00eame de la salle d\u00e8s machines prenaient feu et explosaient.<\/p>\n\n\n\n<p>Des flammes gigantesques obscurcissaient le. campagne. Les pompiers des villages environnants, de Belfort, d\u2019Altkirch et de Mulhouse, arriv\u00e8rent sans tarder.<\/p>\n\n\n\n<p>Apr\u00e8s deux heures d\u2019efforts tout danger \u00e9tait \u00e9cart\u00e9 et le sinistre \u00e9tait circonscrit. Les habitants des maisons voisines craignant le pire avaient rapidement \u00e9vacu\u00e9 leurs demeures, mais ont pu revenir vers midi. Les services de la S.N.C.F avait m\u00eame pr\u00e9vu, devant le danger, d\u2019interrompre compl\u00e8tement le trafic sur la ligne internationale Paris-B\u00e2le qui passe 150 m\u00e8tres du d\u00e9p\u00f4t.<\/p>\n\n\n\n<p>Sources: Ce Soir du 20 octobre 1949<\/p>\n\n\n<div class=\"wp-block-image\">\n<figure class=\"aligncenter\"><img loading=\"lazy\" decoding=\"async\" width=\"209\" height=\"596\" src=\"http:\/\/montreux-vieux.net\/montreux-vieux.net\/wp-content\/uploads\/2020\/06\/image-1.png\" alt=\"\" class=\"wp-image-19566\" srcset=\"https:\/\/montreux-vieux.net\/montreux-vieux.net\/wp-content\/uploads\/2020\/06\/image-1.png 209w, https:\/\/montreux-vieux.net\/montreux-vieux.net\/wp-content\/uploads\/2020\/06\/image-1-105x300.png 105w\" sizes=\"auto, (max-width: 209px) 100vw, 209px\" \/><\/figure>\n<\/div>\n\n<div class=\"wp-block-image\">\n<figure class=\"aligncenter\"><img loading=\"lazy\" decoding=\"async\" width=\"579\" height=\"127\" src=\"http:\/\/montreux-vieux.net\/montreux-vieux.net\/wp-content\/uploads\/2020\/06\/image-2.png\" alt=\"\" class=\"wp-image-19567\" srcset=\"https:\/\/montreux-vieux.net\/montreux-vieux.net\/wp-content\/uploads\/2020\/06\/image-2.png 579w, https:\/\/montreux-vieux.net\/montreux-vieux.net\/wp-content\/uploads\/2020\/06\/image-2-300x66.png 300w\" sizes=\"auto, (max-width: 579px) 100vw, 579px\" \/><\/figure>\n<\/div>\n\n\n<p><a rel=\"noreferrer noopener\" href=\"https:\/\/montreux-vieux.net\/?p=19511\" target=\"_blank\"> 1.790.000 litres d\u2019essence ont failli flamber \u00e0 Montreux-Vieux<\/a><\/p>\n\n\n\n<figure class=\"wp-block-image size-large is-resized\"><img loading=\"lazy\" decoding=\"async\" width=\"829\" height=\"714\" src=\"https:\/\/montreux-vieux.net\/montreux-vieux.net\/wp-content\/uploads\/2021\/07\/Paul-Specht.jpg\" alt=\"\" class=\"wp-image-23287\" style=\"width:612px;height:527px\" srcset=\"https:\/\/montreux-vieux.net\/montreux-vieux.net\/wp-content\/uploads\/2021\/07\/Paul-Specht.jpg 829w, https:\/\/montreux-vieux.net\/montreux-vieux.net\/wp-content\/uploads\/2021\/07\/Paul-Specht-300x258.jpg 300w, https:\/\/montreux-vieux.net\/montreux-vieux.net\/wp-content\/uploads\/2021\/07\/Paul-Specht-768x661.jpg 768w\" sizes=\"auto, (max-width: 829px) 100vw, 829px\" \/><figcaption class=\"wp-element-caption\">Photo magazine Radar\u00a0\u00bb du 30 octobre 1949<\/figcaption><\/figure>\n\n\n\n<div class=\"wp-block-media-text alignfull has-media-on-the-right is-stacked-on-mobile is-vertically-aligned-center is-style-default\" style=\"grid-template-columns:auto 56%\"><div class=\"wp-block-media-text__content\">\n<h2 class=\"wp-block-heading has-text-color\" style=\"color:#000000\">Grand anniversaire<\/h2>\n\n\n\n<p class=\"has-text-color\" style=\"color:#636363;font-size:17px;line-height:1.1\">Monsieur Dietrich Michel f\u00eate aujourd&rsquo;hui ses 91 ans<\/p>\n<\/div><figure class=\"wp-block-media-text__media\"><img loading=\"lazy\" decoding=\"async\" width=\"555\" height=\"536\" src=\"https:\/\/montreux-vieux.net\/montreux-vieux.net\/wp-content\/uploads\/2019\/10\/zzScreenShot691_InPixio.jpg\" alt=\"\" class=\"wp-image-18065 size-full\" srcset=\"https:\/\/montreux-vieux.net\/montreux-vieux.net\/wp-content\/uploads\/2019\/10\/zzScreenShot691_InPixio.jpg 555w, https:\/\/montreux-vieux.net\/montreux-vieux.net\/wp-content\/uploads\/2019\/10\/zzScreenShot691_InPixio-300x290.jpg 300w\" sizes=\"auto, (max-width: 555px) 100vw, 555px\" \/><\/figure><\/div>\n\n\n\n<p><\/p>\n","protected":false},"excerpt":{"rendered":"<p>D\u00e9c\u00e8s du p\u00e8re Genevois 19 octobre 1833 Le 19 octobre 1833 d\u00e9c\u00e8s du p\u00e8re Genevois. L\u2019allocation qui lui \u00e9tait attribu\u00e9e est vers\u00e9e pour des r\u00e9parations de la Sous-Pr\u00e9fecture de Belfort Nomination de M. Eyss\u00e9ric (Henri-Eug\u00e8ne-Joseph) 19 octobre 1921 M. Eyss\u00e9ric &hellip; <a href=\"https:\/\/montreux-vieux.net\/?p=17803\">Continuer la lecture <span class=\"meta-nav\">&rarr;<\/span><\/a><\/p>\n","protected":false},"author":1,"featured_media":0,"comment_status":"open","ping_status":"open","sticky":false,"template":"","format":"standard","meta":{"footnotes":""},"categories":[1],"tags":[],"class_list":["post-17803","post","type-post","status-publish","format-standard","hentry","category-liens"],"_links":{"self":[{"href":"https:\/\/montreux-vieux.net\/index.php?rest_route=\/wp\/v2\/posts\/17803","targetHints":{"allow":["GET"]}}],"collection":[{"href":"https:\/\/montreux-vieux.net\/index.php?rest_route=\/wp\/v2\/posts"}],"about":[{"href":"https:\/\/montreux-vieux.net\/index.php?rest_route=\/wp\/v2\/types\/post"}],"author":[{"embeddable":true,"href":"https:\/\/montreux-vieux.net\/index.php?rest_route=\/wp\/v2\/users\/1"}],"replies":[{"embeddable":true,"href":"https:\/\/montreux-vieux.net\/index.php?rest_route=%2Fwp%2Fv2%2Fcomments&post=17803"}],"version-history":[{"count":19,"href":"https:\/\/montreux-vieux.net\/index.php?rest_route=\/wp\/v2\/posts\/17803\/revisions"}],"predecessor-version":[{"id":28243,"href":"https:\/\/montreux-vieux.net\/index.php?rest_route=\/wp\/v2\/posts\/17803\/revisions\/28243"}],"wp:attachment":[{"href":"https:\/\/montreux-vieux.net\/index.php?rest_route=%2Fwp%2Fv2%2Fmedia&parent=17803"}],"wp:term":[{"taxonomy":"category","embeddable":true,"href":"https:\/\/montreux-vieux.net\/index.php?rest_route=%2Fwp%2Fv2%2Fcategories&post=17803"},{"taxonomy":"post_tag","embeddable":true,"href":"https:\/\/montreux-vieux.net\/index.php?rest_route=%2Fwp%2Fv2%2Ftags&post=17803"}],"curies":[{"name":"wp","href":"https:\/\/api.w.org\/{rel}","templated":true}]}}