{"id":17809,"date":"2025-10-20T08:23:33","date_gmt":"2025-10-20T07:23:33","guid":{"rendered":"http:\/\/montreux-vieux.net\/?p=17809"},"modified":"2025-10-20T08:23:33","modified_gmt":"2025-10-20T07:23:33","slug":"que-sest-il-passe-a-montreux-vieux-un-20-octobre","status":"publish","type":"post","link":"https:\/\/montreux-vieux.net\/?p=17809","title":{"rendered":"Que s\u2019est-il pass\u00e9 \u00e0 Montreux-Vieux un 20 octobre ?"},"content":{"rendered":"\n<h2 class=\"wp-block-heading has-text-align-center\" style=\"font-size:60px\">Etudes topographiques le long de la fronti\u00e8re<\/h2>\n\n\n\n<p><strong>20 octobre 1890<\/strong> LA FRONTI\u00c8RE Montreux-Vieux, 20 octobre. Les officiers de l\u2019\u00e9tat-major du 1er corps, sous la direction d&rsquo;un officier du grand \u00e9tat-major de Berlin, font en ce moment des \u00e9tudes topographiques tout le long de la fronti\u00e8re fran\u00e7aise. Ils \u00e9taient ce matin A Altkirch et \u00e0 Dannemarie et ont pouss\u00e9 jusqu\u2019\u00e0 l\u2019extr\u00eame fronti\u00e8re. Sources&nbsp;: La France 22 octobre 1890<\/p>\n\n\n\n<div class=\"wp-block-media-text alignfull has-media-on-the-right is-stacked-on-mobile is-vertically-aligned-center is-style-default\" style=\"grid-template-columns:auto 56%\"><div class=\"wp-block-media-text__content\">\n<h2 class=\"wp-block-heading has-text-color\" style=\"color:#000000\"><strong>Une pens\u00e9e pour : <\/strong><\/h2>\n\n\n\n<p class=\"has-text-color\" style=\"color:#636363;font-size:17px;line-height:1.1\">Mme  Sutter Maria \u00e0 l&rsquo;\u00e2ge de 100 ans, le 20 octobre 2008<\/p>\n<\/div><figure class=\"wp-block-media-text__media\"><img loading=\"lazy\" decoding=\"async\" width=\"400\" height=\"290\" src=\"https:\/\/montreux-vieux.net\/montreux-vieux.net\/wp-content\/uploads\/2021\/01\/2536644_16f34-1.jpg\" alt=\"\" class=\"wp-image-22365 size-full\" srcset=\"https:\/\/montreux-vieux.net\/montreux-vieux.net\/wp-content\/uploads\/2021\/01\/2536644_16f34-1.jpg 400w, https:\/\/montreux-vieux.net\/montreux-vieux.net\/wp-content\/uploads\/2021\/01\/2536644_16f34-1-300x218.jpg 300w\" sizes=\"auto, (max-width: 400px) 100vw, 400px\" \/><\/figure><\/div>\n\n\n\n<p><\/p>\n","protected":false},"excerpt":{"rendered":"<p>Etudes topographiques le long de la fronti\u00e8re 20 octobre 1890 LA FRONTI\u00c8RE Montreux-Vieux, 20 octobre. Les officiers de l\u2019\u00e9tat-major du 1er corps, sous la direction d&rsquo;un officier du grand \u00e9tat-major de Berlin, font en ce moment des \u00e9tudes topographiques tout &hellip; <a href=\"https:\/\/montreux-vieux.net\/?p=17809\">Continuer la lecture <span class=\"meta-nav\">&rarr;<\/span><\/a><\/p>\n","protected":false},"author":1,"featured_media":0,"comment_status":"open","ping_status":"open","sticky":false,"template":"","format":"standard","meta":{"footnotes":""},"categories":[1],"tags":[],"class_list":["post-17809","post","type-post","status-publish","format-standard","hentry","category-liens"],"_links":{"self":[{"href":"https:\/\/montreux-vieux.net\/index.php?rest_route=\/wp\/v2\/posts\/17809","targetHints":{"allow":["GET"]}}],"collection":[{"href":"https:\/\/montreux-vieux.net\/index.php?rest_route=\/wp\/v2\/posts"}],"about":[{"href":"https:\/\/montreux-vieux.net\/index.php?rest_route=\/wp\/v2\/types\/post"}],"author":[{"embeddable":true,"href":"https:\/\/montreux-vieux.net\/index.php?rest_route=\/wp\/v2\/users\/1"}],"replies":[{"embeddable":true,"href":"https:\/\/montreux-vieux.net\/index.php?rest_route=%2Fwp%2Fv2%2Fcomments&post=17809"}],"version-history":[{"count":7,"href":"https:\/\/montreux-vieux.net\/index.php?rest_route=\/wp\/v2\/posts\/17809\/revisions"}],"predecessor-version":[{"id":26173,"href":"https:\/\/montreux-vieux.net\/index.php?rest_route=\/wp\/v2\/posts\/17809\/revisions\/26173"}],"wp:attachment":[{"href":"https:\/\/montreux-vieux.net\/index.php?rest_route=%2Fwp%2Fv2%2Fmedia&parent=17809"}],"wp:term":[{"taxonomy":"category","embeddable":true,"href":"https:\/\/montreux-vieux.net\/index.php?rest_route=%2Fwp%2Fv2%2Fcategories&post=17809"},{"taxonomy":"post_tag","embeddable":true,"href":"https:\/\/montreux-vieux.net\/index.php?rest_route=%2Fwp%2Fv2%2Ftags&post=17809"}],"curies":[{"name":"wp","href":"https:\/\/api.w.org\/{rel}","templated":true}]}}