{"id":17811,"date":"2025-10-21T08:06:00","date_gmt":"2025-10-21T07:06:00","guid":{"rendered":"http:\/\/montreux-vieux.net\/?p=17811"},"modified":"2025-08-02T15:17:35","modified_gmt":"2025-08-02T14:17:35","slug":"que-sest-il-passe-a-montreux-vieux-un-21-octobre","status":"publish","type":"post","link":"https:\/\/montreux-vieux.net\/?p=17811","title":{"rendered":"Que s\u2019est-il pass\u00e9 \u00e0 Montreux-Vieux un 21 octobre ?"},"content":{"rendered":"\n<h2 class=\"wp-block-heading has-text-align-center\" style=\"font-size:60px\">Rappel \u00e0 l&rsquo;ordre du cur\u00e9<\/h2>\n\n\n\n<p><strong>21\/10\/1692<\/strong> Rappel \u00e0 l\u2019ordre du cur\u00e9, d\u00e9tail:  <a rel=\"noreferrer noopener\" aria-label=\" (s\u2019ouvre dans un nouvel onglet)\" href=\"http:\/\/montreux-vieux.net\/?page_id=11262\" target=\"_blank\">http:\/\/montreux-vieux.net\/?page_id=11262<\/a> <\/p>\n\n\n\n<hr class=\"wp-block-separator has-alpha-channel-opacity is-style-wide\"\/>\n\n\n\n<h2 class=\"wp-block-heading has-text-align-center\" style=\"font-size:60px\">L&rsquo;enterrement du chef de gare allemand<\/h2>\n\n\n\n<p><strong>Le 21 octobre 189<\/strong>0 a eu lieu l\u2019enterrement du chef de gare allemand de Montreux-Vieux . Une d\u00e9l\u00e9gation des employ\u00e9s de la gare de Petit-Croix assistait aux obs\u00e8ques. Apr\u00e8s la c\u00e9r\u00e9monie, les employ\u00e9s allemands ont accompagn\u00e9, musique en t\u00eate, les employ\u00e9s fran\u00e7ais jusqu\u2019\u00e0 la fronti\u00e8re  <a rel=\"noreferrer noopener\" aria-label=\" (s\u2019ouvre dans un nouvel onglet)\" href=\"http:\/\/montreux-vieux.net\/?page_id=4888\" target=\"_blank\">http:\/\/montreux-vieux.net\/?page_id=4888<\/a> <\/p>\n\n\n\n<p>Sources&nbsp;: Express 19 octobre 1890<\/p>\n\n\n\n<hr class=\"wp-block-separator has-alpha-channel-opacity is-style-wide\"\/>\n\n\n\n<h2 class=\"wp-block-heading has-text-align-center\" style=\"font-size:60px\">Am\u00e9lioration des relations sur la fronti\u00e8re fran\u00e7aise<\/h2>\n\n\n\n<p>Alt Munsterol. (Montreux Vieux). \u2014\u2022 On nous \u00e9crit : Nous avons pu constater, la semaine derni\u00e8re, que l\u2019am\u00e9lioration des relations sur la fronti\u00e8re fran\u00e7aise n\u2019est pas un vain mot. On a enterr\u00e9 le chef de gare Berhold et parmi ceux qui ont rendu les derniers devoirs \u00e0 ce fonctionnaire, nous avons remarqu\u00e9 les chefs de gare de Belfort, Petit Croix, Ch\u00e8vremont, avec une vingtaine d&#8217;employ\u00e9s de la compagnie de l\u2019Est, en grand uniforme. L\u2019accueil fait par les employ\u00e9s allemands \u00e0 leurs &nbsp;coll\u00e8gues fran\u00e7ais a \u00e9t\u00e9 des plus cordiaux.<\/p>\n\n\n\n<p>Sources&nbsp;: Express 19 octobre 1890<\/p>\n\n\n\n<hr class=\"wp-block-separator has-alpha-channel-opacity is-style-wide\"\/>\n\n\n\n<h2 class=\"wp-block-heading has-text-align-center\" style=\"font-size:60px\">Arrestation d&rsquo;un individu<\/h2>\n\n\n\n<p>Montreux-Vieux, 21 octobre. \u2014 On a arr\u00eat\u00e9, \u00e0 Montreux-Vieux, dans un train venant de Belfort, un individu aux dehors suspects, qui a \u00e9t\u00e9 reconnu pour \u00eatre un malfaiteur de Mulhouse qui s\u2019\u00e9tait soustrait par la fuite \u00e0 une condamnation correctionnelle. Cet individu dormait sur le plancher du compartiment \u00e0 l&rsquo;arr\u00eat du train. R\u00e9veill\u00e9 et invit\u00e9 \u00e0 passer \u00e0 la douane, il se crut \u00e0 Belfort et voulut s\u2019esquiver, mais un gendarme le mit aussit\u00f4t en \u00e9tat d\u2019arrestation et, apr\u00e8s avoir \u00e9tabli son identit\u00e9, le conduisit \u00e0 la prison de Dannemarie.<\/p>\n\n\n\n<p>Sources&nbsp;: Express 23 octobre 1900<\/p>\n\n\n\n<hr class=\"wp-block-separator has-alpha-channel-opacity is-style-wide\"\/>\n\n\n\n<h2 class=\"wp-block-heading has-text-align-center\" style=\"font-size:60px\">Nouvelle \u00e9cole protestante<\/h2>\n\n\n\n<p>Montreux-Vieux, 19 oct. \u2014 La nouvelle \u00e9cole protestante sera ouverte dans les premiers jours de novembre. Elle a d\u00e9j\u00e0 un noyau de 35 \u00e9l\u00e8ves, enfants de fonctionnaires et d&#8217;employ\u00e9s la plupart. C\u2019est la premi\u00e8re \u00e9cole protestante \u00e9rig\u00e9e dans l\u2019arrondissement d\u2019Altkircb. Un temple a \u00e9t\u00e9 construit \u00e0 c\u00f4t\u00e9 de la maison d\u2019\u00e9cole. Le service y est fait par M. le pasteur d\u2019Altkircb.<\/p>\n\n\n\n<p>Sources&nbsp;: Express 21 octobre 1902<\/p>\n\n\n\n<p><strong>Altm\u00fcnsterol (Montreux-Vieux), 21 octobre. Incendie d&rsquo;usine. <\/strong><\/p>\n\n\n\n<p>L&rsquo;atelier de tissage \u00ab M. T. C. \u00bb situ\u00e9 \u00e0 la sortie du village a \u00e9t\u00e9 compl\u00e8tement ravag\u00e9 par un incendie hier soir vers 18 heures. Certaines machines et autres \u00e9quipements pourraient encore \u00eatre sauv\u00e9s. Les d\u00e9g\u00e2ts mat\u00e9riels sont importants.<\/p>\n\n\n\n<p>Sources : Der Republikaner,\u00a022 oct. 1927, p.\u00a03\/12<\/p>\n\n\n<div class=\"wp-block-image\">\n<figure class=\"aligncenter size-full\"><img loading=\"lazy\" decoding=\"async\" width=\"933\" height=\"570\" src=\"https:\/\/montreux-vieux.net\/montreux-vieux.net\/wp-content\/uploads\/2024\/10\/image-5.png\" alt=\"\" class=\"wp-image-26817\" srcset=\"https:\/\/montreux-vieux.net\/montreux-vieux.net\/wp-content\/uploads\/2024\/10\/image-5.png 933w, https:\/\/montreux-vieux.net\/montreux-vieux.net\/wp-content\/uploads\/2024\/10\/image-5-300x183.png 300w, https:\/\/montreux-vieux.net\/montreux-vieux.net\/wp-content\/uploads\/2024\/10\/image-5-768x469.png 768w\" sizes=\"auto, (max-width: 933px) 100vw, 933px\" \/><\/figure>\n<\/div>","protected":false},"excerpt":{"rendered":"<p>Rappel \u00e0 l&rsquo;ordre du cur\u00e9 21\/10\/1692 Rappel \u00e0 l\u2019ordre du cur\u00e9, d\u00e9tail: http:\/\/montreux-vieux.net\/?page_id=11262 L&rsquo;enterrement du chef de gare allemand Le 21 octobre 1890 a eu lieu l\u2019enterrement du chef de gare allemand de Montreux-Vieux . Une d\u00e9l\u00e9gation des employ\u00e9s de &hellip; <a href=\"https:\/\/montreux-vieux.net\/?p=17811\">Continuer la lecture <span class=\"meta-nav\">&rarr;<\/span><\/a><\/p>\n","protected":false},"author":1,"featured_media":0,"comment_status":"open","ping_status":"open","sticky":false,"template":"","format":"standard","meta":{"footnotes":""},"categories":[1],"tags":[],"class_list":["post-17811","post","type-post","status-publish","format-standard","hentry","category-liens"],"_links":{"self":[{"href":"https:\/\/montreux-vieux.net\/index.php?rest_route=\/wp\/v2\/posts\/17811","targetHints":{"allow":["GET"]}}],"collection":[{"href":"https:\/\/montreux-vieux.net\/index.php?rest_route=\/wp\/v2\/posts"}],"about":[{"href":"https:\/\/montreux-vieux.net\/index.php?rest_route=\/wp\/v2\/types\/post"}],"author":[{"embeddable":true,"href":"https:\/\/montreux-vieux.net\/index.php?rest_route=\/wp\/v2\/users\/1"}],"replies":[{"embeddable":true,"href":"https:\/\/montreux-vieux.net\/index.php?rest_route=%2Fwp%2Fv2%2Fcomments&post=17811"}],"version-history":[{"count":15,"href":"https:\/\/montreux-vieux.net\/index.php?rest_route=\/wp\/v2\/posts\/17811\/revisions"}],"predecessor-version":[{"id":26818,"href":"https:\/\/montreux-vieux.net\/index.php?rest_route=\/wp\/v2\/posts\/17811\/revisions\/26818"}],"wp:attachment":[{"href":"https:\/\/montreux-vieux.net\/index.php?rest_route=%2Fwp%2Fv2%2Fmedia&parent=17811"}],"wp:term":[{"taxonomy":"category","embeddable":true,"href":"https:\/\/montreux-vieux.net\/index.php?rest_route=%2Fwp%2Fv2%2Fcategories&post=17811"},{"taxonomy":"post_tag","embeddable":true,"href":"https:\/\/montreux-vieux.net\/index.php?rest_route=%2Fwp%2Fv2%2Ftags&post=17811"}],"curies":[{"name":"wp","href":"https:\/\/api.w.org\/{rel}","templated":true}]}}