{"id":17813,"date":"2025-10-23T09:27:16","date_gmt":"2025-10-23T08:27:16","guid":{"rendered":"http:\/\/montreux-vieux.net\/?p=17813"},"modified":"2025-10-23T09:27:16","modified_gmt":"2025-10-23T08:27:16","slug":"que-sest-il-passe-a-montreux-vieux-un-23-octobre","status":"publish","type":"post","link":"https:\/\/montreux-vieux.net\/?p=17813","title":{"rendered":"Que s\u2019est-il pass\u00e9 \u00e0 Montreux-Vieux un 23 octobre ?"},"content":{"rendered":"\n<h2 class=\"wp-block-heading has-text-align-center\" style=\"font-size:60px\">Faits divers industriels<\/h2>\n\n\n\n<p><strong>FAITS DIVERS INDUSTRIELS<\/strong><\/p>\n\n\n\n<p>Manufacture de coton incendi\u00e9e \u2014 Le feu a d\u00e9truit presque enti\u00e8rement, \u00e0 Montreux-Vieux, la manufacture de coton de M. Xavier Burkley. On croit que le sinistre fut occasionn\u00e9 par un court-circuit. Les d\u00e9g\u00e2ts s\u2019\u00e9l\u00e8veraient \u00e0 environ un million.&nbsp;<\/p>\n\n\n\n<p>Sources&nbsp;: La journ\u00e9e Industrielle 23 octobre 1927<\/p>\n\n\n\n<hr class=\"wp-block-separator has-alpha-channel-opacity is-style-wide\"\/>\n\n\n\n<h2 class=\"wp-block-heading has-text-align-center\" style=\"font-size:60px\">M. Catt\u00e9 un maire qui avait de la poigne<\/h2>\n\n\n\n<p>M. Catt\u00e9 un maire qui avait de la poigne<\/p>\n\n\n\n<p>Montreux-Vieux \u2013 Rixe \u2013Dimanche dernier<strong> 23 octobre 1927 <\/strong>apr\u00e8s de nombreuses libations en commun des vanniers ambulants de Montreux-Vieux et Manspach en vinrent aux mains dans un caf\u00e9 de la localit\u00e9 et ils \u00e9chang\u00e8rent des horizons et des coups de couteau.<\/p>\n\n\n\n<p>Les visiteurs de Manspach le p\u00e8re, la m\u00e8re &nbsp;et le fils, craignant pour leur peau, se sauv\u00e8rent a la gare ou ils se barricad\u00e8rent dans les salles d\u2019attente. Mais leurs adversaires enfonc\u00e8rent les portes et cas\u00e8rent les carreaux : le combat recommen\u00e7a de plus belle. A un moment donn\u00e9 le plus vieux sortit son couteau et sournoisement en porta un coup au bas ventre d\u2019un d ses agresseurs qui tomba aussit\u00f4t.<\/p>\n\n\n\n<p>L\u2019affaire en \u00e9tait la, lorsque, par miracle, l\u2019arme disparut. O\u00f9 \u00e9tait-elle ? Personne n\u2019en savait rien ! Heureusement, M. Catt\u00e9, maire de la commune, pr\u00e9venu, arriva sur les lieux. D\u2019une violente bourrade, il envoya \u00e0 terre nos chevaliers du surin. Ceux ci en furent r\u00e9ellement sid\u00e9r\u00e9s. Puis, proc\u00e9dant \u00e0 une enqu\u00eate sommaire, il finit par d\u00e9couvrir le couteau dans le parapluie de la vieille romanichelle. Myst\u00e8re et &nbsp;prestidigitation ! !<\/p>\n\n\n\n<p>Les gendarmes de Dannemarie, alert\u00e9s, arriv\u00e8rent \u00e0 leur tour et, apr\u00e8s une laborieuse enqu\u00eate, \u00e9tablirent les responsabilit\u00e9s ; les coupables lurent appr\u00e9hend\u00e9s et mis sous les verrous. Quant- au bless\u00e9 son \u00e9tat est grave.<\/p>\n\n\n\n<p>Pour terminer, merci a notre maire pour sa vigoureuse intervention. Gr\u00e2ce \u00e0 lui, l\u2019ordre fut promptement r\u00e9tabli. Ce n\u2019est du reste pas la premi\u00e8re fois et ce ne sera pas probablement la derni\u00e8re, car avec les \u00e9l\u00e9ments disparates oui constituent une partie de la population actuelle, il faut ce que nous avons heureusement, un homme \u00e0 poigne \u00e0 notre t\u00eate et qui ne craint pas de payer de sa personne, ce que certains semblent oublier.<\/p>\n\n\n\n<p>Sources&nbsp;: Le R\u00e9publicain de Belfort 29 octobre 1927<\/p>\n\n\n\n<hr class=\"wp-block-separator has-alpha-channel-opacity is-style-wide\"\/>\n\n\n\n<h2 class=\"wp-block-heading has-text-align-center\" style=\"font-size:60px\">En correctionnelle<\/h2>\n\n\n\n<p>En correctionnelle. \u2014<strong> Le 23 octobre 1932 <\/strong>, les gendarmes Cachot et Coquard, de la brigade de Montreux-Ch\u00e2teau, passaient pr\u00e8s du caf\u00e9 de la Gare, lorsque leur attention fut attir\u00e9e par cinq jeunes gens de la localit\u00e9 de Montreux-Vieux, dont les chants et les cris troublaient la tranquillit\u00e9 des habitants du quartier.<\/p>\n\n\n\n<p>Les gendarmes s\u2019approch\u00e8rent et les invit\u00e8rent \u00e0 cesser leur vacarme. Quatre d\u2019entre eux s\u2019ex\u00e9cut\u00e8rent, mais le cinqui\u00e8me. Ancel Pierre, 30 ans, domestique de &nbsp;culture, r\u00e9pondit qu\u2019\u00e0 Montreux-Vieux, on avait le miroir de chanter jusqu\u2019a minuit. Et il continua de crier.<\/p>\n\n\n\n<p>Le gendarme Cachot s\u2019approcha et lui demanda son identit\u00e9. Ancel r\u00e9pondit par des coups de poing. Le gendarme Coquard ayant voulu pr\u00eater main forte \u00e0 son coll\u00e8gue, fut \u00e0 son tour malmen\u00e9 par un autre. Armand Burkard, 20 ans. ma\u0153uvre \u00e0 la Cie des chemins de fer d\u2019A. L.<\/p>\n\n\n\n<p>Ancel et Burkard ont comparu vendredi en correctionnelle \u00e0 Belfort et ont \u00e9t\u00e9 condamn\u00e9s \u00e0 six mois de prison chacun. Ils r\u00e9coltent en outre 11 francs d\u2019amende pour la contravention de tapage nocturne.<\/p>\n\n\n\n<p>Sources&nbsp;: Le R\u00e9publicain de Belfort 9 novembre 1932:<\/p>\n\n\n\n<div class=\"wp-block-media-text alignfull has-media-on-the-right is-stacked-on-mobile is-vertically-aligned-center is-style-default\" style=\"grid-template-columns:auto 56%\"><div class=\"wp-block-media-text__content\">\n<h2 class=\"wp-block-heading has-text-color\" style=\"color:#000000\">Une pens\u00e9e pour : <\/h2>\n\n\n\n<ul style=\"color:#636363;font-size:17px\" class=\"wp-block-list has-text-color\">\n<li>Madame  Moreth Josette n\u00e9e Barbier, d\u00e9c\u00e9d\u00e9e le 23 octobre 1999<\/li>\n<\/ul>\n<\/div><figure class=\"wp-block-media-text__media\"><img loading=\"lazy\" decoding=\"async\" width=\"400\" height=\"290\" src=\"https:\/\/montreux-vieux.net\/montreux-vieux.net\/wp-content\/uploads\/2021\/01\/2536644_16f34-1.jpg\" alt=\"\" class=\"wp-image-22365 size-full\" srcset=\"https:\/\/montreux-vieux.net\/montreux-vieux.net\/wp-content\/uploads\/2021\/01\/2536644_16f34-1.jpg 400w, https:\/\/montreux-vieux.net\/montreux-vieux.net\/wp-content\/uploads\/2021\/01\/2536644_16f34-1-300x218.jpg 300w\" sizes=\"auto, (max-width: 400px) 100vw, 400px\" \/><\/figure><\/div>\n\n\n\n<p>MONTREUX-VIEUX V En juillet dernier Mme Fiegenwald, de Montreux-Vieux, employa \u00e0 son service la femme R., sa voisine. Ce- temps derniers Mme Fiegenvvald remarqua que son ancienne domestique portait un tablier ressemblant au sien. Et voil\u00e0, elle constata. que le sien avait disparu. Plainte fut port\u00e9e et le tablier, objet du litige fut pr\u00e9sent\u00e9 \u00e0 Mine Fivgenwald, qui l&rsquo;a reconnu  Cependant elle constata qu\u2019il n\u2019avait pas comme le sien, une garniture pos\u00e9e sur le bras en zigzag. Mais y regardant d&rsquo;un peu plus pr\u00e8s, elle remarqua que la garniture avait \u00e9t\u00e9 enlev\u00e9e r\u00e9cemment et que le fil adh\u00e9rait encore. Mme R..  nie les faits. Sources : L&rsquo;Express de Mulhouse,\u00a023 oct. 1924, p.\u00a02\/4<\/p>\n\n\n\n<p><\/p>\n","protected":false},"excerpt":{"rendered":"<p>Faits divers industriels FAITS DIVERS INDUSTRIELS Manufacture de coton incendi\u00e9e \u2014 Le feu a d\u00e9truit presque enti\u00e8rement, \u00e0 Montreux-Vieux, la manufacture de coton de M. Xavier Burkley. On croit que le sinistre fut occasionn\u00e9 par un court-circuit. Les d\u00e9g\u00e2ts s\u2019\u00e9l\u00e8veraient &hellip; <a href=\"https:\/\/montreux-vieux.net\/?p=17813\">Continuer la lecture <span class=\"meta-nav\">&rarr;<\/span><\/a><\/p>\n","protected":false},"author":1,"featured_media":0,"comment_status":"open","ping_status":"open","sticky":false,"template":"","format":"standard","meta":{"footnotes":""},"categories":[1],"tags":[],"class_list":["post-17813","post","type-post","status-publish","format-standard","hentry","category-liens"],"_links":{"self":[{"href":"https:\/\/montreux-vieux.net\/index.php?rest_route=\/wp\/v2\/posts\/17813","targetHints":{"allow":["GET"]}}],"collection":[{"href":"https:\/\/montreux-vieux.net\/index.php?rest_route=\/wp\/v2\/posts"}],"about":[{"href":"https:\/\/montreux-vieux.net\/index.php?rest_route=\/wp\/v2\/types\/post"}],"author":[{"embeddable":true,"href":"https:\/\/montreux-vieux.net\/index.php?rest_route=\/wp\/v2\/users\/1"}],"replies":[{"embeddable":true,"href":"https:\/\/montreux-vieux.net\/index.php?rest_route=%2Fwp%2Fv2%2Fcomments&post=17813"}],"version-history":[{"count":13,"href":"https:\/\/montreux-vieux.net\/index.php?rest_route=\/wp\/v2\/posts\/17813\/revisions"}],"predecessor-version":[{"id":26880,"href":"https:\/\/montreux-vieux.net\/index.php?rest_route=\/wp\/v2\/posts\/17813\/revisions\/26880"}],"wp:attachment":[{"href":"https:\/\/montreux-vieux.net\/index.php?rest_route=%2Fwp%2Fv2%2Fmedia&parent=17813"}],"wp:term":[{"taxonomy":"category","embeddable":true,"href":"https:\/\/montreux-vieux.net\/index.php?rest_route=%2Fwp%2Fv2%2Fcategories&post=17813"},{"taxonomy":"post_tag","embeddable":true,"href":"https:\/\/montreux-vieux.net\/index.php?rest_route=%2Fwp%2Fv2%2Ftags&post=17813"}],"curies":[{"name":"wp","href":"https:\/\/api.w.org\/{rel}","templated":true}]}}