{"id":17822,"date":"2025-10-28T09:49:19","date_gmt":"2025-10-28T08:49:19","guid":{"rendered":"http:\/\/montreux-vieux.net\/?p=17822"},"modified":"2025-10-28T09:49:19","modified_gmt":"2025-10-28T08:49:19","slug":"que-sest-il-passe-a-montreux-vieux-un-28-octobre","status":"publish","type":"post","link":"https:\/\/montreux-vieux.net\/?p=17822","title":{"rendered":"Que s\u2019est-il pass\u00e9 \u00e0 Montreux-Vieux un 28 octobre ?"},"content":{"rendered":"\n<h2 class=\"wp-block-heading has-text-align-center\" style=\"font-size:60px\">L&rsquo;armement des gardes nationaux livr\u00e9 \u00e0 l&rsquo;arsenal<\/h2>\n\n\n\n<p><strong>28 octobre 1847<\/strong> Un courrier du Maire Patat de Montreux-Vieux adress\u00e9 au Sous Pr\u00e9fet le 28 octobre 1847 indique que les 13 fusils et 3 sabres formant l\u2019armement sa commune ont \u00e9t\u00e9 livr\u00e9s le 22 octobre 1847 \u00e0 l\u2019arsenal de Belfort. <\/p>\n\n\n\n<hr class=\"wp-block-separator has-alpha-channel-opacity is-style-wide\"\/>\n\n\n\n<h2 class=\"wp-block-heading has-text-align-center\" style=\"font-size:60px\">Tribunal correctionnel. \u2014 Audience du 18 f\u00e9vrier 1884 <\/h2>\n\n\n\n<p><strong>28 octobre 1883<\/strong> <\/p>\n\n\n\n<p>Tribunal correctionnel. \u2014 Audience du 18 f\u00e9vrier 1884 :<\/p>\n\n\n\n<p>L\u2019accident qui a eu lieu le 28 octobre 1883 \u00e0 la gare de Montreux-Vieux am\u00e8ne \u00e0 la chambre correctionnelle le nomm\u00e9 Jean H&#8230;., man\u0153uvre \u00e0 cette gare, le sieur Ferv\u00e9e, sous-chef de gare au m\u00eame lieu et le sieur Lewy, conducteur de locomotive, en stationnement \u00e0 Muhouse. A aujour indiqu\u00e9, un fourgon de la poste, qui devait \u00eatre d\u00e9tach\u00e9 du train \u00e0 la gare de Montreux-Vieux, lut repouss\u00e9 par la locomotive avec une force telle qu&rsquo;il alla se heurter contre une locomotive de la Compagnie de l\u2019Est ce qui endommagea cette derni\u00e8re&nbsp; aussi bien que le fourgon. Des deux employ\u00e9s de la poste, qui se trouvaient dans le fourgon, l\u2019un en fut quitte pour la peur ; mais l\u2019autre fut violemment jet\u00e9 par la fen\u00eatre et re\u00e7ut ainsi diverses blessures. Si le frein, fix\u00e9 au fourgon, avait \u00e9t\u00e9 serr\u00e9, l\u2019accident n&rsquo;aurait pas pu avoir lieu. Cette n\u00e9gligence, attribu\u00e9e au man\u0153uvre, lui vaut huit jours de prison, tandis que les deux autres pr\u00e9venus sont renvoy\u00e9s de- fins de la plainte.<\/p>\n\n\n\n<p>Sources&nbsp;: Express 20 f\u00e9vrier 1884<\/p>\n\n\n\n<hr class=\"wp-block-separator has-alpha-channel-opacity is-style-wide\"\/>\n\n\n\n<h2 class=\"wp-block-heading has-text-align-center\" style=\"font-size:60px\">Histoire d&rsquo;une famille <\/h2>\n\n\n\n<p><strong>28 octobre 1898 <\/strong>Ad\u00e8le Specht&nbsp;; n\u00e9e le 1 3 1871 Barr ; d\u00e9c\u00e9d\u00e9e le &nbsp;10 7 1949 Brazey en Plaine (21) ; mari\u00e9e le 28 10 1898 \u00e0 Montreux Vieux avec Th\u00e9odore Senninger,  <a rel=\"noreferrer noopener\" aria-label=\" (s\u2019ouvre dans un nouvel onglet)\" href=\"http:\/\/montreux-vieux.net\/?page_id=11183\" target=\"_blank\">http:\/\/montreux-vieux.net\/?page_id=11183<\/a> <\/p>\n\n\n\n<hr class=\"wp-block-separator has-alpha-channel-opacity is-style-wide\"\/>\n\n\n\n<h2 class=\"wp-block-heading has-text-align-center\" style=\"font-size:60px\">Incendie \u00e0 Reppe<\/h2>\n\n\n\n<p><strong>28 octobre 1925<\/strong> Les Sapeurs Pompiers  de Mx-Vx sont sortis pour une Incendie d&rsquo;une ferme \u00e0 Reppe appartenant \u00e0 la famille Montavon. 2 chevaux quatre vaches et d&rsquo;autres animaux p\u00e9rissent dans la brasier <\/p>\n\n\n\n<hr class=\"wp-block-separator has-alpha-channel-opacity is-style-wide\"\/>\n\n\n\n<h2 class=\"wp-block-heading has-text-align-center\" style=\"font-size:60px\">Accus\u00e9 de bigamie <\/h2>\n\n\n\n<p><strong>28 octobre 1927<\/strong> Accus\u00e9e de bigamie <a href=\"http:\/\/montreux-vieux.net\/?page_id=19971\">http:\/\/montreux-vieux.net\/?page_id=19971<\/a><\/p>\n\n\n\n<hr class=\"wp-block-separator has-alpha-channel-opacity is-style-wide\"\/>\n\n\n\n<h2 class=\"wp-block-heading has-text-align-center\" style=\"font-size:60px\">Le nouveau pont sur le canal (nouveau bras)<\/h2>\n\n\n\n<p><strong>28 octobre 1936<\/strong> MONTREUX-VIEUX Le nouveau pont sur le canal. \u2014 On sait qu\u2019un pont doit relier prochainement les deux rives du canal, \u00e0 la sortie nord de Montreux-Vieux et faciliter ainsi les communications entre deux r\u00e9gions jusqu\u2019alors s\u00e9par\u00e9 par une barri\u00e8re qu\u2019on ne pouvait franchir qu\u2019au prix d\u2019un important d\u00e9tour.<\/p>\n\n\n\n<p>Les travaux de constructions sont commenc\u00e9s et d\u00e9j\u00e0 des deux c\u00f4t\u00e9s des piliers d\u00e9j\u00e0 dress\u00e9s dans le canal, s\u2019\u00e9l\u00e8vent des \u00e9chafaudages qui marquent la silhouette approximative de la nouvelle construction. Souhaitons que celle-ci soit achev\u00e9e le plus vite possible<\/p>\n\n\n\n<p>Sources&nbsp;: L\u2019Express de Mulhouse <strong>28 octobre 1936<\/strong><\/p>\n","protected":false},"excerpt":{"rendered":"<p>L&rsquo;armement des gardes nationaux livr\u00e9 \u00e0 l&rsquo;arsenal 28 octobre 1847 Un courrier du Maire Patat de Montreux-Vieux adress\u00e9 au Sous Pr\u00e9fet le 28 octobre 1847 indique que les 13 fusils et 3 sabres formant l\u2019armement sa commune ont \u00e9t\u00e9 livr\u00e9s &hellip; <a href=\"https:\/\/montreux-vieux.net\/?p=17822\">Continuer la lecture <span class=\"meta-nav\">&rarr;<\/span><\/a><\/p>\n","protected":false},"author":1,"featured_media":0,"comment_status":"open","ping_status":"open","sticky":false,"template":"","format":"standard","meta":{"footnotes":""},"categories":[1],"tags":[],"class_list":["post-17822","post","type-post","status-publish","format-standard","hentry","category-liens"],"_links":{"self":[{"href":"https:\/\/montreux-vieux.net\/index.php?rest_route=\/wp\/v2\/posts\/17822","targetHints":{"allow":["GET"]}}],"collection":[{"href":"https:\/\/montreux-vieux.net\/index.php?rest_route=\/wp\/v2\/posts"}],"about":[{"href":"https:\/\/montreux-vieux.net\/index.php?rest_route=\/wp\/v2\/types\/post"}],"author":[{"embeddable":true,"href":"https:\/\/montreux-vieux.net\/index.php?rest_route=\/wp\/v2\/users\/1"}],"replies":[{"embeddable":true,"href":"https:\/\/montreux-vieux.net\/index.php?rest_route=%2Fwp%2Fv2%2Fcomments&post=17822"}],"version-history":[{"count":10,"href":"https:\/\/montreux-vieux.net\/index.php?rest_route=\/wp\/v2\/posts\/17822\/revisions"}],"predecessor-version":[{"id":26180,"href":"https:\/\/montreux-vieux.net\/index.php?rest_route=\/wp\/v2\/posts\/17822\/revisions\/26180"}],"wp:attachment":[{"href":"https:\/\/montreux-vieux.net\/index.php?rest_route=%2Fwp%2Fv2%2Fmedia&parent=17822"}],"wp:term":[{"taxonomy":"category","embeddable":true,"href":"https:\/\/montreux-vieux.net\/index.php?rest_route=%2Fwp%2Fv2%2Fcategories&post=17822"},{"taxonomy":"post_tag","embeddable":true,"href":"https:\/\/montreux-vieux.net\/index.php?rest_route=%2Fwp%2Fv2%2Ftags&post=17822"}],"curies":[{"name":"wp","href":"https:\/\/api.w.org\/{rel}","templated":true}]}}