{"id":17837,"date":"2025-11-03T08:23:26","date_gmt":"2025-11-03T07:23:26","guid":{"rendered":"http:\/\/montreux-vieux.net\/?p=17837"},"modified":"2025-11-04T09:22:31","modified_gmt":"2025-11-04T08:22:31","slug":"que-sest-il-passe-a-montreux-vieux-un-3-novembre","status":"publish","type":"post","link":"https:\/\/montreux-vieux.net\/?p=17837","title":{"rendered":"Que s\u2019est-il pass\u00e9 \u00e0 Montreux-Vieux un 3 novembre ?"},"content":{"rendered":"\n<h2 class=\"wp-block-heading has-text-align-center\" style=\"font-size:60px\">Transports pommes, choux et d&rsquo;argent vers la Suisse<\/h2>\n\n\n\n<p><strong>3 novembre 1895<\/strong> Montreux-Vieux. \u2014 On nous \u00e9crit : Il &nbsp;se fait actuellement un grand \u00e9change denr\u00e9es entre&nbsp; l\u2019Allemagne et la France.&nbsp; Cette derni\u00e8re nous envoie des wagons complets de pommes qu\u2019on lui retourne charg\u00e9s de choux destin\u00e9s \u00e0 la manufacture de choucroute de Belfort. Il a pass\u00e9&nbsp; aussi, ces jours-ci, plusieurs wagons&nbsp; complets d\u2019argent monnay\u00e9 venant de Paris \u00e0 destination de la Suisse.<\/p>\n\n\n\n<p>Sources&nbsp;:L\u2019Express 3 novembre 1895<\/p>\n\n\n\n<p><\/p>\n\n\n\n<h2 class=\"wp-block-heading has-text-align-center\" style=\"font-size:60px\">La monture du Capitaine Courodin accident\u00e9e<\/h2>\n\n\n\n<p>THANN. Nous avions annonc\u00e9, il y a 8 jours, la pr\u00e9sente de troupes et d&rsquo;officiers, sup\u00e9rieurs \u00e0 Thann. Signalons que parmi les officiers g\u00e9n\u00e9raux se trouva M. le g\u00e9n\u00e9ral Nudant. &nbsp;un de nos grands chefs pondant la guerre. En 1917 commandant du secteur de Montreux-Vieux, le g\u00e9n\u00e9ral Nudant a \u00e9t\u00e9 charg\u00e9 de la p\u00e9nible t\u00e2che de surveiller en Allemagne l\u2019ex\u00e9cution des clauses de l&rsquo;armistice. \u2014 Un f\u00e2cheux accident est arriv\u00e9 pendant le s\u00e9jour de nos, braves &lt; bleu-orizon :&gt; \u00e0 Thann les ordonnances des officiers promenaient leurs chevaux sur la, route de Thann \u00e0 Cernay, quand un camion-automobile survint qui tua le pauvre \u00ab&nbsp;Ram-d&rsquo;Or&nbsp;\u00bb, monture du capitaine Courodin du 12e R.I La pauvre b\u00eate renvers\u00e9e sous les roues du camion, eut le canon de l\u2019ant\u00e9rieur gauche cass\u00e9 de sorte quelle a d\u00fb \u00eatre abattue bient\u00f4t apr\u00e8s le f\u00e2cheux accident. Une enqu\u00eate de la gendarmerie cherche \u00e0 \u00e9tablir les responsabilit\u00e9s.<\/p>\n\n\n\n<p>Sources&nbsp;: L\u2019Express de Mulhouse 3 novembre 1921<\/p>\n\n\n\n<hr class=\"wp-block-separator has-alpha-channel-opacity is-style-wide\"\/>\n\n\n\n<h2 class=\"wp-block-heading has-text-align-center\" style=\"font-size:60px\">Condamnation du boucher<\/h2>\n\n\n\n<p><strong>03 novembre 1927<\/strong> Par jugement en date du 3 novembre 1927. M. le juge du Tribunal de maillage. si\u00e9geant comme pr\u00e9sident du Tribunal de simple police, a condamn\u00e9 \u00e0 trois francs d&rsquo;amende et un franc de dommages et int\u00e9r\u00eats (somme r\u00e9clam\u00e9e par la partie civile). M. Munch Paul, boucher \u00e0 Montreux-Vieux pour injures et diffamation par paroles publiques \u00e0 l&rsquo;\u00e9gard du maire de la localit\u00e9. Sources R\u00e9publicain de Belfort &nbsp;26 novembre 1927<\/p>\n\n\n\n<hr class=\"wp-block-separator has-alpha-channel-opacity is-style-wide\"\/>\n\n\n\n<h2 class=\"wp-block-heading has-text-align-center\" style=\"font-size:60px\">d\u00e9c\u00e8s de Mr Emile Schott<\/h2>\n\n\n\n<p><strong>03 novembre 1978 <\/strong>D\u00e9c\u00e8s de M. Emile Schott <a href=\"http:\/\/montreux-vieux.net\/?page_id=18229\" target=\"_blank\" rel=\"noreferrer noopener\">http:\/\/montreux-vieux.net\/?page_id=18229<\/a><\/p>\n\n\n\n<h2 class=\"wp-block-heading has-text-align-center\" style=\"font-size:60px\">Constitution de la Chorale Ste C\u00e9cile<\/h2>\n\n\n\n<p><strong>3 Novembre 1988,<\/strong> Constitu\u00e9e le 3 Novembre 1988, la nouvelle Chorale Ste C\u00e9cile est Pr\u00e9sid\u00e9e par Monsieur. Sinniger G\u00e9rard <a rel=\"noreferrer noopener\" href=\"http:\/\/montreux-vieux.net\/?page_id=4614\" target=\"_blank\">http:\/\/montreux-vieux.net\/?page_id=4614<\/a><\/p>\n\n\n\n<div class=\"wp-block-media-text alignfull has-media-on-the-right is-stacked-on-mobile is-vertically-aligned-center is-style-default\" style=\"grid-template-columns:auto 56%\"><div class=\"wp-block-media-text__content\">\n<h2 class=\"wp-block-heading has-text-color\" style=\"color:#000000\">Une pens\u00e9e pour :<\/h2>\n\n\n\n<ul style=\"color:#636363;font-size:17px\" class=\"wp-block-list has-text-color\">\n<li>Mr Daller Auguste, d\u00e9c\u00e9d\u00e9 le 3 novembre 1995.<\/li>\n\n\n\n<li>Monsieur G\u00e9rard Sutter d\u00e9c\u00e9d\u00e9 le 03 novembre 2025<\/li>\n<\/ul>\n<\/div><figure class=\"wp-block-media-text__media\"><img loading=\"lazy\" decoding=\"async\" width=\"400\" height=\"290\" src=\"https:\/\/montreux-vieux.net\/montreux-vieux.net\/wp-content\/uploads\/2021\/01\/2536644_16f34-1.jpg\" alt=\"\" class=\"wp-image-22365 size-full\" srcset=\"https:\/\/montreux-vieux.net\/montreux-vieux.net\/wp-content\/uploads\/2021\/01\/2536644_16f34-1.jpg 400w, https:\/\/montreux-vieux.net\/montreux-vieux.net\/wp-content\/uploads\/2021\/01\/2536644_16f34-1-300x218.jpg 300w\" sizes=\"auto, (max-width: 400px) 100vw, 400px\" \/><\/figure><\/div>\n\n\n\n<p><\/p>\n\n\n\n<div class=\"wp-block-media-text alignfull is-stacked-on-mobile is-vertically-aligned-center is-style-default\" style=\"grid-template-columns:56% auto\"><figure class=\"wp-block-media-text__media\"><img loading=\"lazy\" decoding=\"async\" width=\"555\" height=\"536\" src=\"https:\/\/montreux-vieux.net\/montreux-vieux.net\/wp-content\/uploads\/2019\/10\/zzScreenShot691_InPixio.jpg\" alt=\"\" class=\"wp-image-18065 size-full\" srcset=\"https:\/\/montreux-vieux.net\/montreux-vieux.net\/wp-content\/uploads\/2019\/10\/zzScreenShot691_InPixio.jpg 555w, https:\/\/montreux-vieux.net\/montreux-vieux.net\/wp-content\/uploads\/2019\/10\/zzScreenShot691_InPixio-300x290.jpg 300w\" sizes=\"auto, (max-width: 555px) 100vw, 555px\" \/><\/figure><div class=\"wp-block-media-text__content\">\n<h2 class=\"wp-block-heading has-text-color\" style=\"color:#000000\"><strong>Grand anniversaire<\/strong><\/h2>\n\n\n\n<ul style=\"color:#636363;font-size:17px\" class=\"wp-block-list has-text-color\">\n<li>Madame Noris Gacon, f\u00eate aujourd&rsquo;hui ses 99 ans.<\/li>\n<\/ul>\n<\/div><\/div>\n\n\n\n<p><\/p>\n","protected":false},"excerpt":{"rendered":"<p>Transports pommes, choux et d&rsquo;argent vers la Suisse 3 novembre 1895 Montreux-Vieux. \u2014 On nous \u00e9crit : Il &nbsp;se fait actuellement un grand \u00e9change denr\u00e9es entre&nbsp; l\u2019Allemagne et la France.&nbsp; Cette derni\u00e8re nous envoie des wagons complets de pommes qu\u2019on &hellip; <a href=\"https:\/\/montreux-vieux.net\/?p=17837\">Continuer la lecture <span class=\"meta-nav\">&rarr;<\/span><\/a><\/p>\n","protected":false},"author":1,"featured_media":0,"comment_status":"open","ping_status":"open","sticky":false,"template":"","format":"standard","meta":{"footnotes":""},"categories":[1],"tags":[],"class_list":["post-17837","post","type-post","status-publish","format-standard","hentry","category-liens"],"_links":{"self":[{"href":"https:\/\/montreux-vieux.net\/index.php?rest_route=\/wp\/v2\/posts\/17837","targetHints":{"allow":["GET"]}}],"collection":[{"href":"https:\/\/montreux-vieux.net\/index.php?rest_route=\/wp\/v2\/posts"}],"about":[{"href":"https:\/\/montreux-vieux.net\/index.php?rest_route=\/wp\/v2\/types\/post"}],"author":[{"embeddable":true,"href":"https:\/\/montreux-vieux.net\/index.php?rest_route=\/wp\/v2\/users\/1"}],"replies":[{"embeddable":true,"href":"https:\/\/montreux-vieux.net\/index.php?rest_route=%2Fwp%2Fv2%2Fcomments&post=17837"}],"version-history":[{"count":19,"href":"https:\/\/montreux-vieux.net\/index.php?rest_route=\/wp\/v2\/posts\/17837\/revisions"}],"predecessor-version":[{"id":28362,"href":"https:\/\/montreux-vieux.net\/index.php?rest_route=\/wp\/v2\/posts\/17837\/revisions\/28362"}],"wp:attachment":[{"href":"https:\/\/montreux-vieux.net\/index.php?rest_route=%2Fwp%2Fv2%2Fmedia&parent=17837"}],"wp:term":[{"taxonomy":"category","embeddable":true,"href":"https:\/\/montreux-vieux.net\/index.php?rest_route=%2Fwp%2Fv2%2Fcategories&post=17837"},{"taxonomy":"post_tag","embeddable":true,"href":"https:\/\/montreux-vieux.net\/index.php?rest_route=%2Fwp%2Fv2%2Ftags&post=17837"}],"curies":[{"name":"wp","href":"https:\/\/api.w.org\/{rel}","templated":true}]}}