{"id":17854,"date":"2025-11-08T06:58:00","date_gmt":"2025-11-08T05:58:00","guid":{"rendered":"http:\/\/montreux-vieux.net\/?p=17854"},"modified":"2025-11-08T08:56:24","modified_gmt":"2025-11-08T07:56:24","slug":"que-sest-il-passe-a-montreux-vieux-un-8-novembre","status":"publish","type":"post","link":"https:\/\/montreux-vieux.net\/?p=17854","title":{"rendered":"Que s\u2019est-il pass\u00e9 \u00e0 Montreux-Vieux un 8 novembre ?"},"content":{"rendered":"\n<h2 class=\"wp-block-heading has-text-align-center\" style=\"font-size:60px\">D\u00e9mission du garde champ\u00eatre<\/h2>\n\n\n\n<p><strong>8\/11\/1838<\/strong> d\u00e9mission de Grosjean Louis garde champ\u00eatre remplac\u00e9 par&nbsp; Patat Pierre Mickel, salaire annuel&nbsp; 38F<\/p>\n\n\n\n<hr class=\"wp-block-separator has-alpha-channel-opacity is-style-wide\"\/>\n\n\n\n<h2 class=\"wp-block-heading has-text-align-center\" style=\"font-size:60px\">Arrestation d&rsquo;un jeune incorpor\u00e9<\/h2>\n\n\n\n<p><strong>8 novembre 1898 <\/strong>Enfin, on me t\u00e9l\u00e9graphie, aujourd&rsquo;hui m\u00eame de Mulhouse qu\u2019un jeune Mulhousien incorpor\u00e9 il y a un mois dans un r\u00e9giment en garnison \u00e0 Mayence \u00e9tait parvenu \u00e0 fuir; mais arr\u00eate \u00e0 Montreux-Vieux, dans le train en partance pour Belfort, il a \u00e9t\u00e9 ramen\u00e9 \u00e0 Mulhouse menottes aux mains.<\/p>\n\n\n\n<p>Sources&nbsp;: 8 novembre 1889<\/p>\n\n\n\n<hr class=\"wp-block-separator has-alpha-channel-opacity is-style-wide\"\/>\n\n\n\n<h2 class=\"wp-block-heading has-text-align-center\" style=\"font-size:60px\">Un suicide<\/h2>\n\n\n\n<p><strong>08 novembre 1910<\/strong> Un suicide<a rel=\"noreferrer noopener\" href=\"http:\/\/montreux-vieux.net\/?page_id=20417\" target=\"_blank\"> http:\/\/montreux-vieux.net\/?page_id=20417<\/a><\/p>\n\n\n\n<hr class=\"wp-block-separator has-alpha-channel-opacity is-style-wide\"\/>\n\n\n\n<h2 class=\"wp-block-heading has-text-align-center\" style=\"font-size:60px\">Remise de la fourrag\u00e8re au 2\u00e8 RMTM<\/h2>\n\n\n\n<p><strong>8 novembre 1918<\/strong> Il y a juste un si\u00e8cle aujourd&rsquo;hui 8 novembre 1918 : remise de la fourrag\u00e8re aux couleurs de la croix de guerre au 2\u00e8 RMTM par le G\u00e9n\u00e9ral De Castelnau  \u00e0 Montreux-Vieux  <a rel=\"noreferrer noopener\" aria-label=\" (s\u2019ouvre dans un nouvel onglet)\" href=\"http:\/\/montreux-vieux.net\/?page_id=17692\" target=\"_blank\">http:\/\/montreux-vieux.net\/?page_id=17692<\/a> <\/p>\n\n\n\n<hr class=\"wp-block-separator has-alpha-channel-opacity is-style-wide\"\/>\n\n\n\n<h2 class=\"wp-block-heading has-text-align-center\" style=\"font-size:60px\">Inscription au registre de commerce.<\/h2>\n\n\n\n<p><strong>8 novembre 1931<\/strong> Inscription au registre de commerce. A 9169: Joseph LABRELL, Salon de coiffure a Montreux-Vieux.<\/p>\n\n\n\n<p>Sources&nbsp;: L\u2019Express 8 novembre 1931<\/p>\n\n\n\n<h2 class=\"wp-block-heading\"><strong>Monsieur Jo\u00ebl Berchtold f\u00eate aujourd&rsquo;hui  8 novembre 2025 ses 80 ans. Joyeux anniversaire Jo\u00ebl.<\/strong><\/h2>\n\n\n\n<p><\/p>\n","protected":false},"excerpt":{"rendered":"<p>D\u00e9mission du garde champ\u00eatre 8\/11\/1838 d\u00e9mission de Grosjean Louis garde champ\u00eatre remplac\u00e9 par&nbsp; Patat Pierre Mickel, salaire annuel&nbsp; 38F Arrestation d&rsquo;un jeune incorpor\u00e9 8 novembre 1898 Enfin, on me t\u00e9l\u00e9graphie, aujourd&rsquo;hui m\u00eame de Mulhouse qu\u2019un jeune Mulhousien incorpor\u00e9 il y &hellip; <a href=\"https:\/\/montreux-vieux.net\/?p=17854\">Continuer la lecture <span class=\"meta-nav\">&rarr;<\/span><\/a><\/p>\n","protected":false},"author":1,"featured_media":0,"comment_status":"open","ping_status":"open","sticky":false,"template":"","format":"standard","meta":{"footnotes":""},"categories":[1],"tags":[],"class_list":["post-17854","post","type-post","status-publish","format-standard","hentry","category-liens"],"_links":{"self":[{"href":"https:\/\/montreux-vieux.net\/index.php?rest_route=\/wp\/v2\/posts\/17854","targetHints":{"allow":["GET"]}}],"collection":[{"href":"https:\/\/montreux-vieux.net\/index.php?rest_route=\/wp\/v2\/posts"}],"about":[{"href":"https:\/\/montreux-vieux.net\/index.php?rest_route=\/wp\/v2\/types\/post"}],"author":[{"embeddable":true,"href":"https:\/\/montreux-vieux.net\/index.php?rest_route=\/wp\/v2\/users\/1"}],"replies":[{"embeddable":true,"href":"https:\/\/montreux-vieux.net\/index.php?rest_route=%2Fwp%2Fv2%2Fcomments&post=17854"}],"version-history":[{"count":13,"href":"https:\/\/montreux-vieux.net\/index.php?rest_route=\/wp\/v2\/posts\/17854\/revisions"}],"predecessor-version":[{"id":28370,"href":"https:\/\/montreux-vieux.net\/index.php?rest_route=\/wp\/v2\/posts\/17854\/revisions\/28370"}],"wp:attachment":[{"href":"https:\/\/montreux-vieux.net\/index.php?rest_route=%2Fwp%2Fv2%2Fmedia&parent=17854"}],"wp:term":[{"taxonomy":"category","embeddable":true,"href":"https:\/\/montreux-vieux.net\/index.php?rest_route=%2Fwp%2Fv2%2Fcategories&post=17854"},{"taxonomy":"post_tag","embeddable":true,"href":"https:\/\/montreux-vieux.net\/index.php?rest_route=%2Fwp%2Fv2%2Ftags&post=17854"}],"curies":[{"name":"wp","href":"https:\/\/api.w.org\/{rel}","templated":true}]}}