{"id":17856,"date":"2025-11-09T08:31:23","date_gmt":"2025-11-09T07:31:23","guid":{"rendered":"http:\/\/montreux-vieux.net\/?p=17856"},"modified":"2025-11-09T08:31:23","modified_gmt":"2025-11-09T07:31:23","slug":"que-sest-il-passe-a-montreux-vieux-un-9-novembre","status":"publish","type":"post","link":"https:\/\/montreux-vieux.net\/?p=17856","title":{"rendered":"Que s\u2019est-il pass\u00e9 \u00e0 Montreux-Vieux un 9 novembre ?"},"content":{"rendered":"\n<h2 class=\"wp-block-heading has-text-align-center\" style=\"font-size:60px\">Chauffage des trains<\/h2>\n\n\n\n<p><strong>9 novembre 1897<\/strong> Montreux-Vieux. \u2014 La Compagnie des chemins de fer de l\u2019Est a donn\u00e9 des ordres pour le chauffage des compartiments des voitures circulant de jour et de nuit.<\/p>\n\n\n\n<p>Sources&nbsp;: Express 9 novembre 1897<\/p>\n\n\n\n<hr class=\"wp-block-separator has-alpha-channel-opacity is-style-wide\"\/>\n\n\n\n<h2 class=\"wp-block-heading has-text-align-center\" style=\"font-size:60px\">Condamn\u00e9 pour arme prohib\u00e9e<\/h2>\n\n\n\n<p><strong>9 novembre 1912<\/strong> L\u2019invalide Jean-Baptiste Kreder, \u00e0 Illkirch, fut trouv\u00e9 porteur d\u2019un revolver, le 9 ao\u00fbt, \u00e0 Montreux-Vieux. Il est condamn\u00e9 pour port d\u2019arme prohib\u00e9e \u00e0 5 M. d\u2019amende ou 1 jour de prison. Le revolver est confisqu\u00e9.<\/p>\n\n\n\n<p>Sources&nbsp;: Express 9 novembre 1912<\/p>\n\n\n\n<div class=\"wp-block-media-text alignfull has-media-on-the-right is-stacked-on-mobile is-vertically-aligned-center is-style-default\" style=\"grid-template-columns:auto 56%\"><div class=\"wp-block-media-text__content\">\n<h2 class=\"wp-block-heading has-text-color\" style=\"color:#000000\">Une pens\u00e9e pour : <\/h2>\n\n\n\n<ul class=\"wp-block-list\">\n<li>Monsieur Holbein Albert, d\u00e9c\u00e9d\u00e9 le 09 novembre 1998. Il \u00e9tait n\u00e9 le 09 novembre 1915<\/li>\n<\/ul>\n<\/div><figure class=\"wp-block-media-text__media\"><img loading=\"lazy\" decoding=\"async\" width=\"400\" height=\"290\" src=\"https:\/\/montreux-vieux.net\/montreux-vieux.net\/wp-content\/uploads\/2021\/01\/2536644_16f34-1.jpg\" alt=\"\" class=\"wp-image-22365 size-full\" srcset=\"https:\/\/montreux-vieux.net\/montreux-vieux.net\/wp-content\/uploads\/2021\/01\/2536644_16f34-1.jpg 400w, https:\/\/montreux-vieux.net\/montreux-vieux.net\/wp-content\/uploads\/2021\/01\/2536644_16f34-1-300x218.jpg 300w\" sizes=\"auto, (max-width: 400px) 100vw, 400px\" \/><\/figure><\/div>\n\n\n\n<p><\/p>\n\n\n\n<p>En correctionnelle. \u2014 Le 23 octobre, les gendarmes Cachot et Coquard, le la brigade de Montreux-Ch\u00e2teau, passaient pr\u00e8s du caf\u00e9 de la Gare, lorsque leur attention fut attir\u00e9e par cinq jeunes gens de la localit\u00e9 de Montreux-Vieux, dont les chants et les cris troublaient la tranquillit\u00e9 des habitants du quartier.<\/p>\n\n\n\n<p>Les gendarmes s\u2019approch\u00e8rent et les invit\u00e8rent \u00e0 cesser leur vacarme. quatre d\u2019entre eux s\u2019ex\u00e9cut\u00e8rent, mais le cinqui\u00e8me. Ancel Pierre, 30 ans. domestique de  culture, r\u00e9pondit qu\u2019\u00e0 Montreux-Vieux, on avait le droit de  chanter jusqu\u2019\u00e0 minuit. Et il continua de crier.<\/p>\n\n\n\n<p>Le gendarme Cachot s\u2019approcha et lui demanda son identit\u00e9. Ancel r\u00e9pondit par des coups de poing. Le gendarme Coquard ayant voulu pr\u00eater main forte \u00e0 son coll\u00e8gue, fut \u00e0 son tour malmen\u00e9 par un autre. Armand Burkard, 20 ans. ma\u0153uvre \u00e0 la Cie des chemins de fer d\u2019A. L.<\/p>\n\n\n\n<p>Ancel et Burkard ont comparu vendredi en correctionnelle \u00e0 Belfort et ont \u00e9t\u00e9 condamn\u00e9s \u00e0 six mois de prison chacun. Ils r\u00e9coltent en outre 11 francs d\u2019amende pour la contravention de tapage nocturne.<\/p>\n\n\n\n<p>Sources : Le R\u00e9publicain de Belfort,&nbsp;9 nov. 1932, p.&nbsp;3\/4<\/p>\n","protected":false},"excerpt":{"rendered":"<p>Chauffage des trains 9 novembre 1897 Montreux-Vieux. \u2014 La Compagnie des chemins de fer de l\u2019Est a donn\u00e9 des ordres pour le chauffage des compartiments des voitures circulant de jour et de nuit. Sources&nbsp;: Express 9 novembre 1897 Condamn\u00e9 pour &hellip; <a href=\"https:\/\/montreux-vieux.net\/?p=17856\">Continuer la lecture <span class=\"meta-nav\">&rarr;<\/span><\/a><\/p>\n","protected":false},"author":1,"featured_media":0,"comment_status":"open","ping_status":"open","sticky":false,"template":"","format":"standard","meta":{"footnotes":""},"categories":[1],"tags":[],"class_list":["post-17856","post","type-post","status-publish","format-standard","hentry","category-liens"],"_links":{"self":[{"href":"https:\/\/montreux-vieux.net\/index.php?rest_route=\/wp\/v2\/posts\/17856","targetHints":{"allow":["GET"]}}],"collection":[{"href":"https:\/\/montreux-vieux.net\/index.php?rest_route=\/wp\/v2\/posts"}],"about":[{"href":"https:\/\/montreux-vieux.net\/index.php?rest_route=\/wp\/v2\/types\/post"}],"author":[{"embeddable":true,"href":"https:\/\/montreux-vieux.net\/index.php?rest_route=\/wp\/v2\/users\/1"}],"replies":[{"embeddable":true,"href":"https:\/\/montreux-vieux.net\/index.php?rest_route=%2Fwp%2Fv2%2Fcomments&post=17856"}],"version-history":[{"count":11,"href":"https:\/\/montreux-vieux.net\/index.php?rest_route=\/wp\/v2\/posts\/17856\/revisions"}],"predecessor-version":[{"id":28371,"href":"https:\/\/montreux-vieux.net\/index.php?rest_route=\/wp\/v2\/posts\/17856\/revisions\/28371"}],"wp:attachment":[{"href":"https:\/\/montreux-vieux.net\/index.php?rest_route=%2Fwp%2Fv2%2Fmedia&parent=17856"}],"wp:term":[{"taxonomy":"category","embeddable":true,"href":"https:\/\/montreux-vieux.net\/index.php?rest_route=%2Fwp%2Fv2%2Fcategories&post=17856"},{"taxonomy":"post_tag","embeddable":true,"href":"https:\/\/montreux-vieux.net\/index.php?rest_route=%2Fwp%2Fv2%2Ftags&post=17856"}],"curies":[{"name":"wp","href":"https:\/\/api.w.org\/{rel}","templated":true}]}}