{"id":17859,"date":"2025-11-10T00:05:00","date_gmt":"2025-11-09T23:05:00","guid":{"rendered":"http:\/\/montreux-vieux.net\/?p=17859"},"modified":"2025-08-03T14:34:45","modified_gmt":"2025-08-03T13:34:45","slug":"que-sest-il-passe-a-montreux-vieux-un-10-novembre","status":"publish","type":"post","link":"https:\/\/montreux-vieux.net\/?p=17859","title":{"rendered":"Que s\u2019est-il pass\u00e9 \u00e0 Montreux-Vieux un 10 novembre ?"},"content":{"rendered":"\n<h2 class=\"wp-block-heading has-text-align-center\" style=\"font-size:60px\">La for\u00eat du Breuleux est mis en vente<\/h2>\n\n\n\n<p><strong>Le 10 novembre 1820<\/strong> la for\u00eat du Breuleux est mis en vente en 16 \u201cportions\u201d par la famille Reinach de Foussemagne. La vente fut annul\u00e9e, le Conseil Municipal en date du 10 novembre 1820 s\u2019\u00e9tant oppos\u00e9&nbsp; \u00e0 celle-ci consid\u00e9rant que cette for\u00eat \u00e9tait investie par la commune d\u2019un droit de \u201cp\u00e2turage\u201d <\/p>\n\n\n\n<hr class=\"wp-block-separator has-alpha-channel-opacity is-style-wide\"\/>\n\n\n\n<h2 class=\"wp-block-heading has-text-align-center\" style=\"font-size:60px\">M. H\u00e9g\u00e9l\u00e9 L\u00e9on ordonn\u00e9 pr\u00eatre<\/h2>\n\n\n\n<p><strong>le 10 novembre 1985.<\/strong>  Mgr H\u00e9g\u00e9l\u00e9 Ordonn\u00e9 Ev\u00eaque titulaire d\u2019Utique et auxiliaire de Strasbourg le 16 septembre 1985; ordonn\u00e9 \u00e9v\u00eaque en la cath\u00e9drale de Strasbourg   <a rel=\"noreferrer noopener\" aria-label=\" (s\u2019ouvre dans un nouvel onglet)\" href=\"http:\/\/montreux-vieux.net\/?page_id=4735\" target=\"_blank\">http:\/\/montreux-vieux.net\/?page_id=4735<\/a> <\/p>\n\n\n\n<hr class=\"wp-block-separator has-alpha-channel-opacity\"\/>\n\n\n\n<h2 class=\"wp-block-heading has-text-align-center\" style=\"font-size:60px\">Hommage au Mar\u00e9chal France Louis Franchet d&rsquo;Esp\u00e8rey<\/h2>\n\n\n\n<p><strong> 10 novembre 2018<\/strong> Hommage samedi 10 novembre 2018 au Mar\u00e9chal de France Louis Franchet d&rsquo;Esp\u00e8rey en visite \u00e0 Montreux-Vieux le 24 avril 1916  <a rel=\"noreferrer noopener\" aria-label=\" (s\u2019ouvre dans un nouvel onglet)\" href=\"http:\/\/montreux-vieux.net\/?page_id=17717\" target=\"_blank\">http:\/\/montreux-vieux.net\/?page_id=17717<\/a> <\/p>\n\n\n\n<div class=\"wp-block-media-text alignfull has-media-on-the-right is-stacked-on-mobile is-vertically-aligned-center is-style-default\" style=\"grid-template-columns:auto 56%\"><div class=\"wp-block-media-text__content\">\n<h2 class=\"wp-block-heading has-text-color\" style=\"color:#000000\"><strong>Une pens\u00e9e pour : <\/strong><\/h2>\n\n\n\n<p>Monsieur Dottore ANGELO, d\u00e9c\u00e9d\u00e9 le 10 novembre 1992,<\/p>\n\n\n\n<p class=\"has-text-color\" style=\"color:#636363;font-size:17px;line-height:1.1\">Monsieur A\u00efssa Charick, d\u00e9c\u00e9d\u00e9 le 10 novembre 2004.<\/p>\n<\/div><figure class=\"wp-block-media-text__media\"><img loading=\"lazy\" decoding=\"async\" width=\"400\" height=\"290\" src=\"https:\/\/montreux-vieux.net\/montreux-vieux.net\/wp-content\/uploads\/2021\/01\/2536644_16f34-1.jpg\" alt=\"\" class=\"wp-image-22365 size-full\" srcset=\"https:\/\/montreux-vieux.net\/montreux-vieux.net\/wp-content\/uploads\/2021\/01\/2536644_16f34-1.jpg 400w, https:\/\/montreux-vieux.net\/montreux-vieux.net\/wp-content\/uploads\/2021\/01\/2536644_16f34-1-300x218.jpg 300w\" sizes=\"auto, (max-width: 400px) 100vw, 400px\" \/><\/figure><\/div>\n\n\n\n<p><\/p>\n","protected":false},"excerpt":{"rendered":"<p>La for\u00eat du Breuleux est mis en vente Le 10 novembre 1820 la for\u00eat du Breuleux est mis en vente en 16 \u201cportions\u201d par la famille Reinach de Foussemagne. La vente fut annul\u00e9e, le Conseil Municipal en date du 10 &hellip; <a href=\"https:\/\/montreux-vieux.net\/?p=17859\">Continuer la lecture <span class=\"meta-nav\">&rarr;<\/span><\/a><\/p>\n","protected":false},"author":1,"featured_media":0,"comment_status":"open","ping_status":"open","sticky":false,"template":"","format":"standard","meta":{"footnotes":""},"categories":[1],"tags":[],"class_list":["post-17859","post","type-post","status-publish","format-standard","hentry","category-liens"],"_links":{"self":[{"href":"https:\/\/montreux-vieux.net\/index.php?rest_route=\/wp\/v2\/posts\/17859","targetHints":{"allow":["GET"]}}],"collection":[{"href":"https:\/\/montreux-vieux.net\/index.php?rest_route=\/wp\/v2\/posts"}],"about":[{"href":"https:\/\/montreux-vieux.net\/index.php?rest_route=\/wp\/v2\/types\/post"}],"author":[{"embeddable":true,"href":"https:\/\/montreux-vieux.net\/index.php?rest_route=\/wp\/v2\/users\/1"}],"replies":[{"embeddable":true,"href":"https:\/\/montreux-vieux.net\/index.php?rest_route=%2Fwp%2Fv2%2Fcomments&post=17859"}],"version-history":[{"count":8,"href":"https:\/\/montreux-vieux.net\/index.php?rest_route=\/wp\/v2\/posts\/17859\/revisions"}],"predecessor-version":[{"id":26194,"href":"https:\/\/montreux-vieux.net\/index.php?rest_route=\/wp\/v2\/posts\/17859\/revisions\/26194"}],"wp:attachment":[{"href":"https:\/\/montreux-vieux.net\/index.php?rest_route=%2Fwp%2Fv2%2Fmedia&parent=17859"}],"wp:term":[{"taxonomy":"category","embeddable":true,"href":"https:\/\/montreux-vieux.net\/index.php?rest_route=%2Fwp%2Fv2%2Fcategories&post=17859"},{"taxonomy":"post_tag","embeddable":true,"href":"https:\/\/montreux-vieux.net\/index.php?rest_route=%2Fwp%2Fv2%2Ftags&post=17859"}],"curies":[{"name":"wp","href":"https:\/\/api.w.org\/{rel}","templated":true}]}}