{"id":17861,"date":"2025-11-11T08:49:00","date_gmt":"2025-11-11T07:49:00","guid":{"rendered":"http:\/\/montreux-vieux.net\/?p=17861"},"modified":"2025-08-03T14:36:26","modified_gmt":"2025-08-03T13:36:26","slug":"que-sest-il-passe-a-montreux-vieux-un-11-novembre","status":"publish","type":"post","link":"https:\/\/montreux-vieux.net\/?p=17861","title":{"rendered":"Que s\u2019est-il pass\u00e9 \u00e0 Montreux-Vieux un 11 novembre ?"},"content":{"rendered":"\n<h2 class=\"wp-block-heading has-text-align-center\" style=\"font-size:60px\">D\u00e9c\u00e8s du commissaire de police allemand J\u00fclich<\/h2>\n\n\n\n<p><strong>11 novembre 1888<\/strong> Montreux- Vieux. \u2014 Le commissaire de police allemand J\u00fclich, charg\u00e9 de l\u2019ex\u00e9cution de l\u2019ordonnance sur les passeports \u00e0 la gare de Montreux-Vieux (Alsace), est mort subitement hier matin. Il faisait autrefois partie de la police de Mulhouse<\/p>\n\n\n\n<p>Sources&nbsp;: La France Paris 11 novembre 1888<\/p>\n\n\n\n<hr class=\"wp-block-separator has-alpha-channel-opacity is-style-wide\"\/>\n\n\n\n<h2 class=\"wp-block-heading has-text-align-center\" style=\"font-size:60px\">Prison pour Gustave Cuenin <\/h2>\n\n\n\n<p><strong>11 novembre 1893<\/strong> Audience du 10 novembre 9 mois de prison \u00e0 Pierre Gustave Guenin, 17 ans, cultivateur, de Montreux-Vieux, pour faux et escroquerie. Sources Express 11 novembre 1893<\/p>\n\n\n\n<hr class=\"wp-block-separator has-alpha-channel-opacity is-style-wide\"\/>\n\n\n\n<h2 class=\"wp-block-heading has-text-align-center\" style=\"font-size:60px\">L&rsquo;Armistice a \u00e9t\u00e9 sign\u00e9<\/h2>\n\n\n\n<p><strong>11 novembre 1918 <\/strong>Grande nouvelle ! L&rsquo;Armistice a \u00e9t\u00e9 sign\u00e9. Tout est pavois\u00e9.<\/p>\n\n\n\n<hr class=\"wp-block-separator has-alpha-channel-opacity is-style-wide\"\/>\n\n\n\n<h2 class=\"wp-block-heading has-text-align-center\" style=\"font-size:60px\">La Croix de Guerre pour Adrien Martin <\/h2>\n\n\n\n<p><strong>11 novembre 1918<\/strong> Adrien Martin, de la section d\u2019A. F. de  Lyon, qui fut bless\u00e9 en.Orient, a \u00e9t\u00e9 d\u00e9cor\u00e9 de la croix de guerre avec  citation \u00e0 l\u2019ordre du corps d arm\u00e9e: Le 13 ao\u00fbt 1914 au combat de Montreux- Vieux Alsace, a ramen\u00e9 sous un feu violent son capitaine gri\u00e8vement bless\u00e9 entre nos lignes.  <a href=\"http:\/\/montreux-vieux.net\/?page_id=11572\" target=\"_blank\" rel=\"noreferrer noopener\" aria-label=\" (s\u2019ouvre dans un nouvel onglet)\">http:\/\/montreux-vieux.net\/?page_id=11572<\/a> <\/p>\n\n\n\n<h5 class=\"wp-block-heading\"> Sources: L\u2019Action fran\u00e7aise : organe du nationalisme int\u00e9gral \/ directeur politique 11 novembre 1918 <\/h5>\n\n\n\n<hr class=\"wp-block-separator has-alpha-channel-opacity is-style-wide\"\/>\n\n\n\n<h2 class=\"wp-block-heading has-text-align-center\" style=\"font-size:60px\">Comm\u00e9moration du Centenaire de l\u2019Armistice du 11 novembre 1918<\/h2>\n\n\n\n<p>11 n<strong>ovembre 2018<\/strong> Comm\u00e9moration du Centenaire de l\u2019Armistice du 11 novembre 1918  <a rel=\"noreferrer noopener\" aria-label=\" (s\u2019ouvre dans un nouvel onglet)\" href=\"http:\/\/montreux-vieux.net\/?page_id=11760\" target=\"_blank\">http:\/\/montreux-vieux.net\/?page_id=11760<\/a> <\/p>\n\n\n\n<div class=\"wp-block-media-text alignfull has-media-on-the-right is-stacked-on-mobile is-vertically-aligned-center is-style-default\" style=\"grid-template-columns:auto 56%\"><div class=\"wp-block-media-text__content\">\n<h2 class=\"wp-block-heading has-text-color\" style=\"color:#000000\">Une pens\u00e9e pour :  <\/h2>\n\n\n\n<ul class=\"wp-block-list\">\n<li>Monsieur Messinger Fernand, d\u00e9c\u00e9d\u00e9 le 11 novembre 1997  <\/li>\n<\/ul>\n<\/div><figure class=\"wp-block-media-text__media\"><img loading=\"lazy\" decoding=\"async\" width=\"400\" height=\"290\" src=\"https:\/\/montreux-vieux.net\/montreux-vieux.net\/wp-content\/uploads\/2021\/01\/2536644_16f34-1.jpg\" alt=\"\" class=\"wp-image-22365 size-full\" srcset=\"https:\/\/montreux-vieux.net\/montreux-vieux.net\/wp-content\/uploads\/2021\/01\/2536644_16f34-1.jpg 400w, https:\/\/montreux-vieux.net\/montreux-vieux.net\/wp-content\/uploads\/2021\/01\/2536644_16f34-1-300x218.jpg 300w\" sizes=\"auto, (max-width: 400px) 100vw, 400px\" \/><\/figure><\/div>\n\n\n\n<div class=\"wp-block-media-text alignfull is-stacked-on-mobile is-vertically-aligned-center is-style-default\" style=\"grid-template-columns:56% auto\"><figure class=\"wp-block-media-text__media\"><img loading=\"lazy\" decoding=\"async\" width=\"555\" height=\"536\" src=\"https:\/\/montreux-vieux.net\/montreux-vieux.net\/wp-content\/uploads\/2019\/10\/zzScreenShot691_InPixio.jpg\" alt=\"\" class=\"wp-image-18065 size-full\" srcset=\"https:\/\/montreux-vieux.net\/montreux-vieux.net\/wp-content\/uploads\/2019\/10\/zzScreenShot691_InPixio.jpg 555w, https:\/\/montreux-vieux.net\/montreux-vieux.net\/wp-content\/uploads\/2019\/10\/zzScreenShot691_InPixio-300x290.jpg 300w\" sizes=\"auto, (max-width: 555px) 100vw, 555px\" \/><\/figure><div class=\"wp-block-media-text__content\">\n<h2 class=\"wp-block-heading has-text-color\" style=\"color:#000000\"><strong>Grands anniversaires<\/strong><\/h2>\n\n\n\n<ul class=\"wp-block-list\">\n<li>Monsieur BECK Joseph f\u00eate aujourd&rsquo;hui ses 84 ans<\/li>\n\n\n\n<li>Madame TURCI Colette f\u00eate aujourd&rsquo;hui ses 84 ans<\/li>\n<\/ul>\n<\/div><\/div>\n\n\n\n<p><\/p>\n","protected":false},"excerpt":{"rendered":"<p>D\u00e9c\u00e8s du commissaire de police allemand J\u00fclich 11 novembre 1888 Montreux- Vieux. \u2014 Le commissaire de police allemand J\u00fclich, charg\u00e9 de l\u2019ex\u00e9cution de l\u2019ordonnance sur les passeports \u00e0 la gare de Montreux-Vieux (Alsace), est mort subitement hier matin. Il faisait &hellip; <a href=\"https:\/\/montreux-vieux.net\/?p=17861\">Continuer la lecture <span class=\"meta-nav\">&rarr;<\/span><\/a><\/p>\n","protected":false},"author":1,"featured_media":0,"comment_status":"open","ping_status":"open","sticky":false,"template":"","format":"standard","meta":{"footnotes":""},"categories":[1],"tags":[],"class_list":["post-17861","post","type-post","status-publish","format-standard","hentry","category-liens"],"_links":{"self":[{"href":"https:\/\/montreux-vieux.net\/index.php?rest_route=\/wp\/v2\/posts\/17861","targetHints":{"allow":["GET"]}}],"collection":[{"href":"https:\/\/montreux-vieux.net\/index.php?rest_route=\/wp\/v2\/posts"}],"about":[{"href":"https:\/\/montreux-vieux.net\/index.php?rest_route=\/wp\/v2\/types\/post"}],"author":[{"embeddable":true,"href":"https:\/\/montreux-vieux.net\/index.php?rest_route=\/wp\/v2\/users\/1"}],"replies":[{"embeddable":true,"href":"https:\/\/montreux-vieux.net\/index.php?rest_route=%2Fwp%2Fv2%2Fcomments&post=17861"}],"version-history":[{"count":13,"href":"https:\/\/montreux-vieux.net\/index.php?rest_route=\/wp\/v2\/posts\/17861\/revisions"}],"predecessor-version":[{"id":28250,"href":"https:\/\/montreux-vieux.net\/index.php?rest_route=\/wp\/v2\/posts\/17861\/revisions\/28250"}],"wp:attachment":[{"href":"https:\/\/montreux-vieux.net\/index.php?rest_route=%2Fwp%2Fv2%2Fmedia&parent=17861"}],"wp:term":[{"taxonomy":"category","embeddable":true,"href":"https:\/\/montreux-vieux.net\/index.php?rest_route=%2Fwp%2Fv2%2Fcategories&post=17861"},{"taxonomy":"post_tag","embeddable":true,"href":"https:\/\/montreux-vieux.net\/index.php?rest_route=%2Fwp%2Fv2%2Ftags&post=17861"}],"curies":[{"name":"wp","href":"https:\/\/api.w.org\/{rel}","templated":true}]}}