{"id":17875,"date":"2025-11-14T07:47:40","date_gmt":"2025-11-14T06:47:40","guid":{"rendered":"http:\/\/montreux-vieux.net\/?p=17875"},"modified":"2025-11-14T07:47:40","modified_gmt":"2025-11-14T06:47:40","slug":"que-sest-il-passe-a-montreux-vieux-un-14-novembre","status":"publish","type":"post","link":"https:\/\/montreux-vieux.net\/?p=17875","title":{"rendered":"Que s\u2019est-il pass\u00e9 \u00e0 Montreux-Vieux un 14 novembre ?"},"content":{"rendered":"\n<h2 class=\"wp-block-heading has-text-align-center\" style=\"font-size:60px\">Le G\u00e9n\u00e9ral Joffre \u00e0 Montreux-Vieux<\/h2>\n\n\n\n<p><strong>14 novembre 1915<\/strong> Le G\u00e9n\u00e9ral Joffre a pass\u00e9 \u00e0 Montreux-Vieux aujourd&rsquo;hui. Il a \u00e9t\u00e9 re\u00e7u \u00e0 la mairie. Il d\u00e9cora une vingtaine d&rsquo;officiers et pronon\u00e7a un petit discours ou l&rsquo;on remarqua cette phrase \u00ab\u00a0cela ne durera peut \u00eatre plus si longtemps\u00a0\u00bb.<\/p>\n\n\n\n<hr class=\"wp-block-separator has-alpha-channel-opacity is-style-wide\"\/>\n\n\n\n<div class=\"wp-block-media-text alignfull has-media-on-the-right is-stacked-on-mobile is-vertically-aligned-center is-style-default\" style=\"grid-template-columns:auto 56%\"><div class=\"wp-block-media-text__content\">\n<h2 class=\"wp-block-heading has-text-color\" style=\"color:#000000\">Une pens\u00e9e pour : <\/h2>\n\n\n\n<ul class=\"wp-block-list\">\n<li>Monsieur Munz Hermann, d\u00e9c\u00e9d\u00e9 le 14 novembre 1997.<\/li>\n\n\n\n<li>Madame Reverchon Janine, d\u00e9c\u00e9d\u00e9e le 14 novembre 2014.<\/li>\n\n\n\n<li>Madame  L\u00e9a Sutter n\u00e9e Maggi, d\u00e9c\u00e9d\u00e9e le 14 novembre 2019.<\/li>\n<\/ul>\n<\/div><figure class=\"wp-block-media-text__media\"><img loading=\"lazy\" decoding=\"async\" width=\"400\" height=\"290\" src=\"https:\/\/montreux-vieux.net\/montreux-vieux.net\/wp-content\/uploads\/2021\/01\/2536644_16f34-1.jpg\" alt=\"\" class=\"wp-image-22365 size-full\" srcset=\"https:\/\/montreux-vieux.net\/montreux-vieux.net\/wp-content\/uploads\/2021\/01\/2536644_16f34-1.jpg 400w, https:\/\/montreux-vieux.net\/montreux-vieux.net\/wp-content\/uploads\/2021\/01\/2536644_16f34-1-300x218.jpg 300w\" sizes=\"auto, (max-width: 400px) 100vw, 400px\" \/><\/figure><\/div>\n\n\n\n<p><\/p>\n","protected":false},"excerpt":{"rendered":"<p>Le G\u00e9n\u00e9ral Joffre \u00e0 Montreux-Vieux 14 novembre 1915 Le G\u00e9n\u00e9ral Joffre a pass\u00e9 \u00e0 Montreux-Vieux aujourd&rsquo;hui. Il a \u00e9t\u00e9 re\u00e7u \u00e0 la mairie. Il d\u00e9cora une vingtaine d&rsquo;officiers et pronon\u00e7a un petit discours ou l&rsquo;on remarqua cette phrase \u00ab\u00a0cela ne &hellip; <a href=\"https:\/\/montreux-vieux.net\/?p=17875\">Continuer la lecture <span class=\"meta-nav\">&rarr;<\/span><\/a><\/p>\n","protected":false},"author":1,"featured_media":0,"comment_status":"open","ping_status":"open","sticky":false,"template":"","format":"standard","meta":{"footnotes":""},"categories":[1],"tags":[],"class_list":["post-17875","post","type-post","status-publish","format-standard","hentry","category-liens"],"_links":{"self":[{"href":"https:\/\/montreux-vieux.net\/index.php?rest_route=\/wp\/v2\/posts\/17875","targetHints":{"allow":["GET"]}}],"collection":[{"href":"https:\/\/montreux-vieux.net\/index.php?rest_route=\/wp\/v2\/posts"}],"about":[{"href":"https:\/\/montreux-vieux.net\/index.php?rest_route=\/wp\/v2\/types\/post"}],"author":[{"embeddable":true,"href":"https:\/\/montreux-vieux.net\/index.php?rest_route=\/wp\/v2\/users\/1"}],"replies":[{"embeddable":true,"href":"https:\/\/montreux-vieux.net\/index.php?rest_route=%2Fwp%2Fv2%2Fcomments&post=17875"}],"version-history":[{"count":7,"href":"https:\/\/montreux-vieux.net\/index.php?rest_route=\/wp\/v2\/posts\/17875\/revisions"}],"predecessor-version":[{"id":26198,"href":"https:\/\/montreux-vieux.net\/index.php?rest_route=\/wp\/v2\/posts\/17875\/revisions\/26198"}],"wp:attachment":[{"href":"https:\/\/montreux-vieux.net\/index.php?rest_route=%2Fwp%2Fv2%2Fmedia&parent=17875"}],"wp:term":[{"taxonomy":"category","embeddable":true,"href":"https:\/\/montreux-vieux.net\/index.php?rest_route=%2Fwp%2Fv2%2Fcategories&post=17875"},{"taxonomy":"post_tag","embeddable":true,"href":"https:\/\/montreux-vieux.net\/index.php?rest_route=%2Fwp%2Fv2%2Ftags&post=17875"}],"curies":[{"name":"wp","href":"https:\/\/api.w.org\/{rel}","templated":true}]}}