{"id":17881,"date":"2025-11-15T00:05:00","date_gmt":"2025-11-14T23:05:00","guid":{"rendered":"http:\/\/montreux-vieux.net\/?p=17881"},"modified":"2025-08-03T14:49:39","modified_gmt":"2025-08-03T13:49:39","slug":"que-sest-il-passe-a-montreux-vieux-un-15-novembre","status":"publish","type":"post","link":"https:\/\/montreux-vieux.net\/?p=17881","title":{"rendered":"Que s\u2019est-il pass\u00e9 \u00e0 Montreux-Vieux un 15 novembre ?"},"content":{"rendered":"\n<h2 class=\"wp-block-heading has-text-align-center\" style=\"font-size:60px\">Le premier convoi de b\u00e9tail.<\/h2>\n\n\n\n<p><strong>15 novembre 1910<\/strong> MONTREUX-VIEUX, 15 nov. \u2014 Samedi a pass\u00e9 ici le premier convoi de b\u00e9tail import\u00e9 de France. Il y avait 48 b\u0153ufs, des b\u00eates magnifiques, destin\u00e9es \u00e0 l\u2019abattoir de Mulhouse et \u00e0 l&rsquo;abattoir de Strasbourg. On attend de nouveaux envois.<\/p>\n\n\n\n<p>Sources&nbsp;: Express 16 novembre 1910<\/p>\n\n\n\n<hr class=\"wp-block-separator has-alpha-channel-opacity is-style-wide\"\/>\n\n\n\n<h2 class=\"wp-block-heading has-text-align-center\" style=\"font-size:60px\">Au tribunal correctionnel <\/h2>\n\n\n\n<p><strong>15 novembre 1912<\/strong> Tribunal correctionnel de Mulhouse audience du 15 novembre L\u2019ouvrier do fabrique Auguste Leder, \u00e2g\u00e9 de 22 ans, \u00e0 Huningue, a d\u00e9j\u00e0 subi 2 ans de r\u00e9clusien pour avoir commis une s\u00e9rie de vols en 1908. Le 13 septembre dernier, il s\u2019empara \u00e0 B\u00e2le d&rsquo;une bicyclette d\u2019une valeur de 100 Mark, appartenant \u00e0 M. Wuest, douanier. Leder tenta de vendre la machine \u00e0 Montreux Vieux, ou il fut pris sur le fait. L\u2019accus\u00e9 est condamn\u00e9 pour vol en \u00e9tat do r\u00e9cidive \u00e0 18 mois de r\u00e9clusion, et la perte do ses droits civiques pendant 10 ans et \u00e0 la surveillance.<\/p>\n\n\n\n<p>Sources&nbsp;: L\u2019Express 18 novembre 1912<\/p>\n\n\n\n<hr class=\"wp-block-separator has-alpha-channel-opacity is-style-wide\"\/>\n\n\n\n<h2 class=\"wp-block-heading has-text-align-center\" style=\"font-size:60px\">Le g\u00e9n\u00e9ral comandant la 77\u00e8 D.I. fait ses adieux<\/h2>\n\n\n\n<p> <strong>Le 15 novembre 1915<\/strong> , un ordre du G. Q. G. affecte le 57e B. C. P. \u00e0 la 66e division alpine. Le g\u00e9n\u00e9ral commandant la 77e D. I.  fait ses adieux au bataillon dans un bel ordre du jour o\u00f9 il  rappelle les faits d&rsquo;armes du 57e.    <\/p>\n\n\n\n<hr class=\"wp-block-separator has-alpha-channel-opacity is-style-wide\"\/>\n\n\n\n<h2 class=\"wp-block-heading has-text-align-center\" style=\"font-size:60px\">Un bataillon venant d&rsquo;Hagenbach pass\u00e9 en revue par le G\u00e9n\u00e9ral Leconte<\/h2>\n\n\n\n<p>Le bataillon quitte Hagenbach, se rend \u00e0 Montreux-Vieux  o\u00f9 il est pass\u00e9 en revue par le g\u00e9n\u00e9ral LECONTE, commandant le 33e G. A. et le g\u00e9n\u00e9ral commandant la 77e D. I. La croix de chevalier est remise au sous-lieutenant GOUSSOT.  <\/p>\n\n\n\n<hr class=\"wp-block-separator has-alpha-channel-opacity is-style-wide\"\/>\n\n\n\n<h2 class=\"wp-block-heading has-text-align-center\" style=\"font-size:60px\">15 novembre 1907 naissance du capitaine Joseph Schlicklin<\/h2>\n\n\n\n<p><strong>15 novembre 1907<\/strong> Joseph Schlicklin, promu capitaine en 1949 est n\u00e9 le 15 novembre 1907 \u00e0 Montreux-Jeune  <a href=\"http:\/\/montreux-vieux.net\/?page_id=6299\" target=\"_blank\" rel=\"noreferrer noopener\" aria-label=\" (s\u2019ouvre dans un nouvel onglet)\">http:\/\/montreux-vieux.net\/?page_id=6299<\/a> <\/p>\n","protected":false},"excerpt":{"rendered":"<p>Le premier convoi de b\u00e9tail. 15 novembre 1910 MONTREUX-VIEUX, 15 nov. \u2014 Samedi a pass\u00e9 ici le premier convoi de b\u00e9tail import\u00e9 de France. Il y avait 48 b\u0153ufs, des b\u00eates magnifiques, destin\u00e9es \u00e0 l\u2019abattoir de Mulhouse et \u00e0 l&rsquo;abattoir &hellip; <a href=\"https:\/\/montreux-vieux.net\/?p=17881\">Continuer la lecture <span class=\"meta-nav\">&rarr;<\/span><\/a><\/p>\n","protected":false},"author":1,"featured_media":0,"comment_status":"open","ping_status":"open","sticky":false,"template":"","format":"standard","meta":{"footnotes":""},"categories":[1],"tags":[],"class_list":["post-17881","post","type-post","status-publish","format-standard","hentry","category-liens"],"_links":{"self":[{"href":"https:\/\/montreux-vieux.net\/index.php?rest_route=\/wp\/v2\/posts\/17881","targetHints":{"allow":["GET"]}}],"collection":[{"href":"https:\/\/montreux-vieux.net\/index.php?rest_route=\/wp\/v2\/posts"}],"about":[{"href":"https:\/\/montreux-vieux.net\/index.php?rest_route=\/wp\/v2\/types\/post"}],"author":[{"embeddable":true,"href":"https:\/\/montreux-vieux.net\/index.php?rest_route=\/wp\/v2\/users\/1"}],"replies":[{"embeddable":true,"href":"https:\/\/montreux-vieux.net\/index.php?rest_route=%2Fwp%2Fv2%2Fcomments&post=17881"}],"version-history":[{"count":10,"href":"https:\/\/montreux-vieux.net\/index.php?rest_route=\/wp\/v2\/posts\/17881\/revisions"}],"predecessor-version":[{"id":26199,"href":"https:\/\/montreux-vieux.net\/index.php?rest_route=\/wp\/v2\/posts\/17881\/revisions\/26199"}],"wp:attachment":[{"href":"https:\/\/montreux-vieux.net\/index.php?rest_route=%2Fwp%2Fv2%2Fmedia&parent=17881"}],"wp:term":[{"taxonomy":"category","embeddable":true,"href":"https:\/\/montreux-vieux.net\/index.php?rest_route=%2Fwp%2Fv2%2Fcategories&post=17881"},{"taxonomy":"post_tag","embeddable":true,"href":"https:\/\/montreux-vieux.net\/index.php?rest_route=%2Fwp%2Fv2%2Ftags&post=17881"}],"curies":[{"name":"wp","href":"https:\/\/api.w.org\/{rel}","templated":true}]}}