{"id":17893,"date":"2025-11-20T00:05:00","date_gmt":"2025-11-19T23:05:00","guid":{"rendered":"http:\/\/montreux-vieux.net\/?p=17893"},"modified":"2025-11-19T15:17:01","modified_gmt":"2025-11-19T14:17:01","slug":"que-sest-il-passe-a-montreux-vieux-un-20-novembre","status":"publish","type":"post","link":"https:\/\/montreux-vieux.net\/?p=17893","title":{"rendered":"Que s\u2019est-il pass\u00e9 \u00e0 Montreux-Vieux un 20 novembre ?"},"content":{"rendered":"\n<h2 class=\"wp-block-heading has-text-align-center\" style=\"font-size:60px\">Train sp\u00e9cial m\u00e9nagerie<\/h2>\n\n\n\n<p><strong>20 novembre 1889 <\/strong>train sp\u00e9cial m\u00e9nagerie <a rel=\"noreferrer noopener\" href=\"http:\/\/montreux-vieux.net\/?page_id=20179\" target=\"_blank\">http:\/\/montreux-vieux.net\/?page_id=20179<\/a><\/p>\n\n\n\n<hr class=\"wp-block-separator has-alpha-channel-opacity is-style-wide\"\/>\n\n\n\n<h2 class=\"wp-block-heading has-text-align-center\" style=\"font-size:60px\">Trafic de marchandises <\/h2>\n\n\n\n<p><strong>20 novembre 1901<\/strong> Montreux-Vieux, 20 nov. \u2014 Les exp\u00e9ditions de fruits du midi et de fleurs de Nice en transit, par la gare de Montreux-Vieux, sont toujours consid\u00e9rables. Des wagons charg\u00e9s d\u2019oranges passent \u00e0 destination de Berlin, de Cologne ou de Francfort. Sources&nbsp;: Express 21 novembre 1901<\/p>\n\n\n\n<hr class=\"wp-block-separator has-alpha-channel-opacity is-style-wide\"\/>\n\n\n\n<h2 class=\"wp-block-heading has-text-align-center\" style=\"font-size:60px\">Apr\u00e8s guerre la reconqu\u00eate<\/h2>\n\n\n\n<p><strong>20 novembre 1914<\/strong> Poteau fronti\u00e8re. On l&rsquo;a port\u00e9 chez le gouverneur de Belfort, aux acclamations des habitants \u00e9lectris\u00e9s, et le gouverneur, tout \u00e9mu, a donn\u00e9 un Louis \u00e0 l\u2019homme qui l&rsquo;avait arrach\u00e9. Derri\u00e8re le poteau, il y avait une auberge tenue par un immigr\u00e9, elle s&rsquo;appelait Gasthaus zum Grenze ; elle est toujours debout, vide ; les fen\u00eatres sont saccag\u00e9es. Plus loin, c&rsquo;est Montreux-Vieux, qu&rsquo;on ne nomme plus Alt. M\u00fcnsterol. Nous nous arr\u00eatons pour contempler les effets de la guerre. L&rsquo;arm\u00e9e fran\u00e7aise occupait le village et la gare. La mitraille allemande pleuvait ; l&rsquo;ennemi \u00e9tait en face, retranch\u00e9 vers un petit bois. Bient\u00f4t il partit en d\u00e9route, marquant sa route de cadavres. Montreux-Vieux avait pay\u00e9 le succ\u00e8s: il n&rsquo;a souffert que des armes prussiennes. Dans la gare, toutes les vitres sont trou\u00e9es par les balles ; on a couvert leurs plaies \u00e9toil\u00e9es avec des papiers verts qui semblent de gros confettis; les rails s&rsquo;allongent au loin ; les disques et les signaux font autant de bizarres squelettes dans ce d\u00e9sert \u00e9troit. La Kaiserliches Post n&rsquo;est plus que d\u00e9combres. Plus de toit sur la maison ; l&rsquo;escalier est tout noirci par les flammes ; j&rsquo;ai voulu cependant le gravir et j&rsquo;ai d\u00e9couvert dans la chambre, qui \u00e9tait celle du receveur, parmi des d\u00e9combres, et les souillures, deux bicyclettes tordues, amas de ferraille rouill\u00e9e.. \u00a0A c\u00f4t\u00e9, il y a un caf\u00e9 allemand. il est; tenu par une femme blonde, raconte notre guide ; son mari \u00e9tait un espion que nous avons d\u00fb fusiller. Peut-\u00eatre allez-vous la voir. \u00a0Mais la femme blonde ne s est pas montr\u00e9e.<\/p>\n\n\n\n<p>Sources&nbsp;: Journal Politiques et Litt\u00e9raires 20 novembre 1914<\/p>\n\n\n\n<div class=\"wp-block-media-text alignfull has-media-on-the-right is-stacked-on-mobile is-vertically-aligned-center is-style-default\" style=\"grid-template-columns:auto 56%\"><div class=\"wp-block-media-text__content\">\n<h2 class=\"wp-block-heading has-text-color\" style=\"color:#000000\">Une pens\u00e9e pour : <\/h2>\n\n\n\n<ul class=\"wp-block-list\">\n<li>Madame  Schorr Jeannine, d\u00e9c\u00e9d\u00e9e le 20 novembre 2010<\/li>\n<\/ul>\n\n\n\n<p class=\"has-text-color\" style=\"color:#636363;font-size:17px;line-height:1.1\"><\/p>\n<\/div><figure class=\"wp-block-media-text__media\"><img loading=\"lazy\" decoding=\"async\" width=\"400\" height=\"290\" src=\"https:\/\/montreux-vieux.net\/montreux-vieux.net\/wp-content\/uploads\/2021\/01\/2536644_16f34-1.jpg\" alt=\"\" class=\"wp-image-22365 size-full\" srcset=\"https:\/\/montreux-vieux.net\/montreux-vieux.net\/wp-content\/uploads\/2021\/01\/2536644_16f34-1.jpg 400w, https:\/\/montreux-vieux.net\/montreux-vieux.net\/wp-content\/uploads\/2021\/01\/2536644_16f34-1-300x218.jpg 300w\" sizes=\"auto, (max-width: 400px) 100vw, 400px\" \/><\/figure><\/div>\n\n\n\n<p><\/p>\n\n\n\n<h2 class=\"wp-block-heading has-text-align-center\" style=\"font-size:60px\">D\u00e9c\u00e8s de Monseigneur H\u00e9g\u00e9l\u00e9<\/h2>\n\n\n\n<h3 class=\"wp-block-heading\"><strong>20\/11\/2014<\/strong> D\u00e9c\u00e8s de Monseigneur H\u00e9g\u00e9l\u00e9 n\u00e9 \u00e0 Montreux-Vieux<\/h3>\n\n\n\n<p>Mgr L\u00e9on H\u00e9g\u00e9l\u00e9, \u00e9v\u00eaque auxiliaire \u00e9m\u00e9rite de Strasbourg, est d\u00e9c\u00e9d\u00e9 ce mardi matin, \u00e0 l\u2019h\u00f4pital de Sierentz, \u00e0 l\u2019\u00e2ge de 89 ans. Il avait \u00e9t\u00e9 victime d\u2019un accident vasculaire c\u00e9r\u00e9bral dimanche dernier, suivi d\u2019une h\u00e9morragie.<\/p>\n\n\n\n<p>Mgr L\u00e9on H\u00e9g\u00e9l\u00e9 \u00e9tait n\u00e9 \u00e0 Montreux-Vieux le 30 janvier 1925, mais il avait grandi \u00e0 Pfetterhouse. Il avait m\u00eame v\u00e9cu dans ce village jusqu\u2019\u00e0 son ordination, en 1950. Entre temps, il avait subi le sort des Malgr\u00e9-nous, et s\u2019\u00e9tait retrouv\u00e9 sur le front est, dans la Wehrmacht.<\/p>\n\n\n\n<p>Il avait \u00e9t\u00e9 ordonn\u00e9 \u00e9v\u00eaque auxiliaire de Strasbourg le 16 septembre 1985. S\u2019il \u00e9tait alors \u00e9v\u00eaque pour tout le dioc\u00e8se, il \u00e9tait alors plus particuli\u00e8rement mandat\u00e9 pour le Haut-Rhin. Il avait pris sa retraite en d\u00e9cembre 2000, \u00e0 l\u2019\u00e2ge de 75 ans. Fid\u00e8le au sud de l\u2019Alsace, il s\u2019\u00e9tait retir\u00e9 depuis dans le presbyt\u00e8re de Geispitzen, o\u00f9 il avait \u00e9t\u00e9 cur\u00e9.<\/p>\n\n\n\n<p>\u00ab C\u2019\u00e9tait un homme tr\u00e8s simple et tr\u00e8s profond, d\u2019une grande spiritualit\u00e9, se souvient le chanoine Vigneron, d\u00e9l\u00e9gu\u00e9 r\u00e9gional pour la pastorale des relations culturelles. Un homme ouvert, proche des gens \u00bb. <a href=\"http:\/\/montreux-vieux.net\/?page_id=4735\" target=\"_blank\" rel=\"noreferrer noopener\" aria-label=\" (s\u2019ouvre dans un nouvel onglet)\">http:\/\/montreux-vieux.net\/?page_id=4735<\/a> <\/p>\n","protected":false},"excerpt":{"rendered":"<p>Train sp\u00e9cial m\u00e9nagerie 20 novembre 1889 train sp\u00e9cial m\u00e9nagerie http:\/\/montreux-vieux.net\/?page_id=20179 Trafic de marchandises 20 novembre 1901 Montreux-Vieux, 20 nov. \u2014 Les exp\u00e9ditions de fruits du midi et de fleurs de Nice en transit, par la gare de Montreux-Vieux, sont toujours &hellip; <a href=\"https:\/\/montreux-vieux.net\/?p=17893\">Continuer la lecture <span class=\"meta-nav\">&rarr;<\/span><\/a><\/p>\n","protected":false},"author":1,"featured_media":0,"comment_status":"open","ping_status":"open","sticky":false,"template":"","format":"standard","meta":{"footnotes":""},"categories":[1],"tags":[],"class_list":["post-17893","post","type-post","status-publish","format-standard","hentry","category-liens"],"_links":{"self":[{"href":"https:\/\/montreux-vieux.net\/index.php?rest_route=\/wp\/v2\/posts\/17893","targetHints":{"allow":["GET"]}}],"collection":[{"href":"https:\/\/montreux-vieux.net\/index.php?rest_route=\/wp\/v2\/posts"}],"about":[{"href":"https:\/\/montreux-vieux.net\/index.php?rest_route=\/wp\/v2\/types\/post"}],"author":[{"embeddable":true,"href":"https:\/\/montreux-vieux.net\/index.php?rest_route=\/wp\/v2\/users\/1"}],"replies":[{"embeddable":true,"href":"https:\/\/montreux-vieux.net\/index.php?rest_route=%2Fwp%2Fv2%2Fcomments&post=17893"}],"version-history":[{"count":7,"href":"https:\/\/montreux-vieux.net\/index.php?rest_route=\/wp\/v2\/posts\/17893\/revisions"}],"predecessor-version":[{"id":28402,"href":"https:\/\/montreux-vieux.net\/index.php?rest_route=\/wp\/v2\/posts\/17893\/revisions\/28402"}],"wp:attachment":[{"href":"https:\/\/montreux-vieux.net\/index.php?rest_route=%2Fwp%2Fv2%2Fmedia&parent=17893"}],"wp:term":[{"taxonomy":"category","embeddable":true,"href":"https:\/\/montreux-vieux.net\/index.php?rest_route=%2Fwp%2Fv2%2Fcategories&post=17893"},{"taxonomy":"post_tag","embeddable":true,"href":"https:\/\/montreux-vieux.net\/index.php?rest_route=%2Fwp%2Fv2%2Ftags&post=17893"}],"curies":[{"name":"wp","href":"https:\/\/api.w.org\/{rel}","templated":true}]}}