{"id":17899,"date":"2025-11-22T08:33:55","date_gmt":"2025-11-22T07:33:55","guid":{"rendered":"http:\/\/montreux-vieux.net\/?p=17899"},"modified":"2025-11-22T08:33:55","modified_gmt":"2025-11-22T07:33:55","slug":"que-sest-il-passe-a-montreux-vieux-un-22-novembre","status":"publish","type":"post","link":"https:\/\/montreux-vieux.net\/?p=17899","title":{"rendered":"Que s\u2019est-il pass\u00e9 \u00e0 Montreux-Vieux un 22 novembre ?"},"content":{"rendered":"\n<h2 class=\"wp-block-heading has-text-align-center\" style=\"font-size:60px\">Accident ou crime ? Le corps d\u00e9chiquet\u00e9 d\u2019un cheminot retrait\u00e9 a \u00e9t\u00e9 retrouv\u00e9 en bordure de la voie ferr\u00e9e.&nbsp;<\/h2>\n\n\n\n<p><strong>22 novembre 1947<\/strong> M. Fr\u00e9d\u00e9ric Rapt. 70 ans. chef de train en retraite A Montreux-Vieux, vient de trouver une mort affreuse et suspecte pr\u00e9s de Montreux-Vieux.<\/p>\n\n\n\n<p>A-t-il \u00e9t\u00e9 happ\u00e9 par un train alors qu\u2019il traversait de nuit la voie en for\u00eat ? A-t-il \u00e9t\u00e9 victime d\u2019un odieux attentat ? On se perd en conjectures. Toujours est-il que son corps a \u00e9t\u00e9 d\u00e9couvert ce matin fera 10 heures en bordure de la voie terr\u00e9e par le chef de district de Dannemarie et qu\u2019il \u00e9tait affreusement mutil\u00e9. Il est probable que le vieillard ait \u00e9t\u00e9 happ\u00e9 par un train, vraisemblablement le rapide 81.<\/p>\n\n\n\n<h4 class=\"wp-block-heading\" id=\"block-17a1e859-b8c2-420f-943e-d70cf7bc29ec\">Sources: Les derni\u00e8re d\u00e9p\u00eaches de Dijon du 22 novembre 1947<\/h4>\n\n\n\n<div class=\"wp-block-media-text alignfull has-media-on-the-right is-stacked-on-mobile is-vertically-aligned-center is-style-default\" style=\"grid-template-columns:auto 56%\"><div class=\"wp-block-media-text__content\">\n<h2 class=\"wp-block-heading has-text-color\" style=\"color:#000000\">Une pens\u00e9e pour :<\/h2>\n\n\n\n<ul class=\"wp-block-list\">\n<li>Monsieur Adrien HIEBEL, d\u00e9c\u00e9d\u00e9 le 22 novembre 2018<\/li>\n<\/ul>\n<\/div><figure class=\"wp-block-media-text__media\"><img loading=\"lazy\" decoding=\"async\" width=\"400\" height=\"290\" src=\"https:\/\/montreux-vieux.net\/montreux-vieux.net\/wp-content\/uploads\/2021\/01\/2536644_16f34-1.jpg\" alt=\"\" class=\"wp-image-22365 size-full\" srcset=\"https:\/\/montreux-vieux.net\/montreux-vieux.net\/wp-content\/uploads\/2021\/01\/2536644_16f34-1.jpg 400w, https:\/\/montreux-vieux.net\/montreux-vieux.net\/wp-content\/uploads\/2021\/01\/2536644_16f34-1-300x218.jpg 300w\" sizes=\"auto, (max-width: 400px) 100vw, 400px\" \/><\/figure><\/div>\n\n\n\n<p><\/p>\n\n\n\n<p><\/p>\n","protected":false},"excerpt":{"rendered":"<p>Accident ou crime ? Le corps d\u00e9chiquet\u00e9 d\u2019un cheminot retrait\u00e9 a \u00e9t\u00e9 retrouv\u00e9 en bordure de la voie ferr\u00e9e.&nbsp; 22 novembre 1947 M. Fr\u00e9d\u00e9ric Rapt. 70 ans. chef de train en retraite A Montreux-Vieux, vient de trouver une mort affreuse &hellip; <a href=\"https:\/\/montreux-vieux.net\/?p=17899\">Continuer la lecture <span class=\"meta-nav\">&rarr;<\/span><\/a><\/p>\n","protected":false},"author":1,"featured_media":0,"comment_status":"open","ping_status":"open","sticky":false,"template":"","format":"standard","meta":{"footnotes":""},"categories":[1],"tags":[],"class_list":["post-17899","post","type-post","status-publish","format-standard","hentry","category-liens"],"_links":{"self":[{"href":"https:\/\/montreux-vieux.net\/index.php?rest_route=\/wp\/v2\/posts\/17899","targetHints":{"allow":["GET"]}}],"collection":[{"href":"https:\/\/montreux-vieux.net\/index.php?rest_route=\/wp\/v2\/posts"}],"about":[{"href":"https:\/\/montreux-vieux.net\/index.php?rest_route=\/wp\/v2\/types\/post"}],"author":[{"embeddable":true,"href":"https:\/\/montreux-vieux.net\/index.php?rest_route=\/wp\/v2\/users\/1"}],"replies":[{"embeddable":true,"href":"https:\/\/montreux-vieux.net\/index.php?rest_route=%2Fwp%2Fv2%2Fcomments&post=17899"}],"version-history":[{"count":6,"href":"https:\/\/montreux-vieux.net\/index.php?rest_route=\/wp\/v2\/posts\/17899\/revisions"}],"predecessor-version":[{"id":26206,"href":"https:\/\/montreux-vieux.net\/index.php?rest_route=\/wp\/v2\/posts\/17899\/revisions\/26206"}],"wp:attachment":[{"href":"https:\/\/montreux-vieux.net\/index.php?rest_route=%2Fwp%2Fv2%2Fmedia&parent=17899"}],"wp:term":[{"taxonomy":"category","embeddable":true,"href":"https:\/\/montreux-vieux.net\/index.php?rest_route=%2Fwp%2Fv2%2Fcategories&post=17899"},{"taxonomy":"post_tag","embeddable":true,"href":"https:\/\/montreux-vieux.net\/index.php?rest_route=%2Fwp%2Fv2%2Ftags&post=17899"}],"curies":[{"name":"wp","href":"https:\/\/api.w.org\/{rel}","templated":true}]}}