{"id":17901,"date":"2025-11-24T08:14:17","date_gmt":"2025-11-24T07:14:17","guid":{"rendered":"http:\/\/montreux-vieux.net\/?p=17901"},"modified":"2026-01-07T16:43:25","modified_gmt":"2026-01-07T15:43:25","slug":"que-sest-il-passe-a-montreux-vieux-un-24-novembre","status":"publish","type":"post","link":"https:\/\/montreux-vieux.net\/?p=17901","title":{"rendered":"Que s\u2019est-il pass\u00e9 \u00e0 Montreux-Vieux un 24 novembre ?"},"content":{"rendered":"\n<h2 class=\"wp-block-heading has-text-align-center\" style=\"font-size:60px\">Le coq gaulois<\/h2>\n\n\n\n<p><strong>24 novembre 1918<\/strong> Christian Seyjel habite Montreux-Vieux, en Haute-Alsace, a quatre grandes enjamb\u00e9es de la Suisse. C\u2019est un ouvrier M\u00e9canicien-horloger de grande capacit\u00e9, et de plus Fran\u00e7ais du fond du c\u0153ur et excellent patriote. S\u2019il est demeur\u00e9 en Alsace, c\u2019est que, n\u00e9 dans le pays, il est tout de suite, entr\u00e9 en apprentissage dans la maison o\u00f9 il travail encore et qu\u2019il redoute les aventures de la pierre qui roule. 11 s\u2019est mari\u00e9 avec la petite Margr\u00e9del, maintenant m\u00e8re de famille : car le m\u00e9nage a quatre enfants dont l\u2019a\u00een\u00e9 va atteindre dix ans.<\/p>\n\n\n\n<p>Lui, Christian en ; trente six. Son travail obstin\u00e9, ses connaissances et son adresse-ind\u00e9niable lui ont donn\u00e9 une petite aisance ; pour lui-m\u00eame, il d\u00e9pense peu, parce que ses dimanches et jours de f\u00eate, il les passe chez lui, bricolant apr\u00e8s une horloge de son invention. Il fait de l\u2019horlogerie fran\u00e7aise, et n\u2019a aucune estime pour ces coucous de la For\u00eat-Noire, que l\u2019on croit fabriqu\u00e9s en Suis se et qui nous viennent directement d\u2019Allemagne.<\/p>\n\n\n\n<p>&nbsp;\u00ab D\u2019abord, pourquoi un coucou ? s\u2019est-il dit. Ce qu\u2019il lui faut, c\u2019est un coq, un vrai coq gaulois qui soit r\u00e9ellement un r\u00e9veille-matin. Il faut qu\u2019il, chante trois fois, \u00e0 une minute d\u2019intervalle. Ce sera peut-\u00eatre difficile, mais avec la patience j\u2019y arriverai. Et quand j\u2019aurai r\u00e9ussi, je vendrai mon invention \u00e0 mon patron, ce qui me permettra d\u2019envoyer mon a\u00een\u00e9 \u00e0 l\u2019\u00e9cole d\u2019horlogerie, de Besan\u00e7on et d\u2019en faire plus tard un ouvrier cal\u00e9\u2026 \u00bb<\/p>\n\n\n\n<p>Et Christian Seyjel y serait arriv\u00e9\u2026 si la guerre n\u2019\u00e9tait, pas survenue. An lendemain de la mobilisation, il rentra en France et alla se mettre a la disposition du g\u00e9n\u00e9ral commandant la place de Belfort. Quant \u00e0 sa femme et \u00e0. ses enfants, il les exp\u00e9dia en Franche-Comt\u00e9, chez des parents, parce que Montreux est vraiment trop pr\u00e8s de la fronti\u00e8re, pour que l\u2019on y soit en s\u00fbret\u00e9. Son horloge \u00e9tait pourtant, bien avanc\u00e9e. Il ne manquait plus qu\u2019une note au cocorico mais elle \u00e9tait difficile \u00e0 obtenir. Pour le reste, tout \u00e9tait pr\u00eat; engrenages, cage et cadran. Il avait m\u00eame fait appliquer en lettres de cuivre, au-dessus de celui-ci la mention :&nbsp;<em>\u00ab Quand ce coq chantera, l\u2019arm\u00e9e fran\u00e7aise viendra, \u00ab&nbsp;<\/em>&nbsp;Car Christian avait bon espoir dans la revanche. Pourvu que je sois pr\u00eat- \u00e0 ce moment ! se disait-il quelquefois. En attendant, il parlait et le coq gaulois de son horloge ne chantait pas encore,<\/p>\n\n\n\n<p>Le 4 ao\u00fbt, un d\u00e9tachement de \u00ab&nbsp;troupes allemandes, Montreux-Vieux, se trouvant en pays annex\u00e9 vient &nbsp;occuper la ville pour la d\u00e9fendre contre l\u2019arriv\u00e9e \u00e9ventuelle des Fran\u00e7ais. Ce sont des soldats bavarois, une compagnie avec ses officiers un hauptmann, un leutenant et deux oberleutnants, qui, tout naturellement, apprenant que la maison de Seyjel est .inhabit\u00e9e, s\u2019y installent \u00e0 leur aise; apr\u00e8s l\u2019avoir minutieusement visit\u00e9e et inventori\u00e9e. Le hauptmann, revenu dans la salle \u00e0 manger aper\u00e7oit le le r\u00e9veille-matin pos\u00e9 sur la chemin\u00e9e et lit l\u2019exergue : Quand ce coq chantera\u2026 Che n\u2019aime bas \u00e7a ! grogne-t-il. Un oberleutnant par flagornerie pour son chef pousse l\u2019horloge de la pointe de son sabre et la fait tomber \u00e0 terre eu ricanant. Il ne chantera bas ! dit-il. Mais-en tombant la cage du r\u00e9veil s\u2019est ouverte et un petit oiseau s\u2019en \u00e9chappe\u2026 Un coq, un vrai petit coq .gros comme une noix, la cr\u00eate en bataille, le bec ouvert, les plumes h\u00e9riss\u00e9es, droit sur ses ergots, la flamme de sa queue mordor\u00e9e et retombante. Le hauptmann le ramasse, l\u2019examine et le jette sur la table juste au moment o\u00f9 les ordonnances de ces herr viennent dresser le couvert. Les officiers se mettent \u00e0 manger, \u00e0 engloutir des monceaux de victuailles, arros\u00e9s de nombreuses bouteilles de vin, car outre la bi\u00e8re on a d\u00e9couvert un tonneau dans ta cave de Christian Seyjel . Les ordonnances ont &nbsp;disparu, annon\u00e7ant au leutnant et. aux deux sous-lieutenants qu\u2019ils logeront \u00e0 l\u2019 H\u00f4tel du Pigeon-Blanc, o\u00f9 on a pr\u00e9par\u00e9 leurs chambres, le haupt mann se r\u00e9servant pour lui seul la maison de l\u2019horloger. Apr\u00e8s le repas, nouvelles bouteilles vid\u00e9es \u00e0 la sant\u00e9 du kaiser et \u00e0 la prochaine occupation de Paris par les troupes allemandes. Tout en buvant, le capitaine a repris le petit coq et. l\u2019ayant plac\u00e9 dans son assiette, s\u2019amuse \u00e0 le piquer avec la pointe de son couteau\u2026 Enfin, comme il se fait tard, on porte un dernier toast et laisse trois officiers subalternes gagner le logis qui leur est destin\u00e9. et hauptmann reste seul. Il &nbsp;a la t\u00eate un peu lourde et des yeux vagues ; &nbsp;&nbsp;il n\u2019y a que quelques pas \u00e0 faire pour aller se coucher. Cinq minutes plus tard, des ronflements sonores dans la maison &nbsp;vide indiquent qu\u2019il est plong\u00e9 dans le sommeil.<\/p>\n\n\n\n<p>Les heures passent. Le capitaine, r\u00eavant, probablement de &nbsp;&nbsp;monstrueux et de chapelets de petites saucisses, ou encore de son entr\u00e9e triomphale clans la capitale du monde, ne s\u2019en rend pas compte\u2026 Tout \u00e0 coup, il se r\u00e9veille en sursaut\u2026 Un formidable \u00ab cocorico \u00bb vient de retentir presque \u00e0 ses oreilles lui semble-t il. Dans la fum\u00e9e de son ivresse, mal cuv\u00e9e, un souvenir lui revient : \u00ab Quand ce coq chantera, l\u2019arm\u00e9e fran\u00e7aise ici viendra ! \u00bb Il saute du lit, s\u2019habille \u00e0 la h\u00e2te el passe dans la salle \u00e0 manger\u2026 ,Lc coq gaulois qu\u2019il a massacr\u00e9 dans son assiette, la veille, n\u2019y est plus\u2026 Che n\u2019aime bas \u00e7\u00e0 ! grogne-t-il. En ce moment, il entend les clairons de France qui sonnent la charge dans la rue, sous ses fen\u00eatres\u2026 II h\u00e9site, n\u2019ose pas sortir\u2026 Mais il est bient\u00f4t tir\u00e9 d\u2019ind\u00e9cision. Par la porte brusquement enfonc\u00e9e paraissent les k\u00e9pis rouges\u2026 Cl\u00e9ment ROCIICL<\/p>\n\n\n\n<p>Sources&nbsp;: Le Petit journal Suppl\u00e9ment du dimanche 24 novembre 1918<\/p>\n\n\n\n<h2 class=\"wp-block-heading has-text-align-center\" style=\"font-size:60px\">Cr\u00e9ation du  C.C.A.S<\/h2>\n\n\n\n<p><strong>24 novembre 2008 <\/strong>Le Centre Communal d\u2019Action Sociale (CCAS) de Montreux Vieux a \u00e9t\u00e9 cr\u00e9\u00e9 le 24 novembre 2008. <\/p>\n\n\n\n<div class=\"wp-block-media-text alignfull has-media-on-the-right is-stacked-on-mobile is-vertically-aligned-center is-style-default\" style=\"grid-template-columns:auto 56%\"><div class=\"wp-block-media-text__content\">\n<h2 class=\"wp-block-heading has-text-color\" style=\"color:#000000\">Une pens\u00e9e pour : <\/h2>\n\n\n\n<ul class=\"wp-block-list\">\n<li>Monsieur Patron Fran\u00e7ois, d\u00e9c\u00e9d\u00e9 le 24 novembre 2001<\/li>\n\n\n\n<li> Monsieur Hanser G\u00e9rard, d\u00e9c\u00e9d\u00e9 le 24 novembre 2003  <\/li>\n<\/ul>\n<\/div><figure class=\"wp-block-media-text__media\"><img loading=\"lazy\" decoding=\"async\" width=\"400\" height=\"290\" src=\"https:\/\/montreux-vieux.net\/montreux-vieux.net\/wp-content\/uploads\/2021\/01\/2536644_16f34-1.jpg\" alt=\"\" class=\"wp-image-22365 size-full\" srcset=\"https:\/\/montreux-vieux.net\/montreux-vieux.net\/wp-content\/uploads\/2021\/01\/2536644_16f34-1.jpg 400w, https:\/\/montreux-vieux.net\/montreux-vieux.net\/wp-content\/uploads\/2021\/01\/2536644_16f34-1-300x218.jpg 300w\" sizes=\"auto, (max-width: 400px) 100vw, 400px\" \/><\/figure><\/div>\n\n\n\n<p>T<strong>ribunal correctionnel. \u2014 Audience du 23 novembre :<\/strong><\/p>\n\n\n\n<p>Le cultivateur Eug\u00e8ne Th\u00e9venot, \u00e2g\u00e9 de 27 ans, domicili\u00e9 \u00e0 Montreux-Jeune, a chant\u00e9 la Marseillaise, le 27 septembre dernier, dans une auberge de Montreux-Vieux. Co\u00fbt : 6 semaines de prison et 20 Mark d\u2019amende. Express,\u00a024 nov. 1896, p.\u00a01\/4<\/p>\n\n\n\n<p><\/p>\n","protected":false},"excerpt":{"rendered":"<p>Le coq gaulois 24 novembre 1918 Christian Seyjel habite Montreux-Vieux, en Haute-Alsace, a quatre grandes enjamb\u00e9es de la Suisse. C\u2019est un ouvrier M\u00e9canicien-horloger de grande capacit\u00e9, et de plus Fran\u00e7ais du fond du c\u0153ur et excellent patriote. S\u2019il est demeur\u00e9 &hellip; <a href=\"https:\/\/montreux-vieux.net\/?p=17901\">Continuer la lecture <span class=\"meta-nav\">&rarr;<\/span><\/a><\/p>\n","protected":false},"author":1,"featured_media":0,"comment_status":"open","ping_status":"open","sticky":false,"template":"","format":"standard","meta":{"footnotes":""},"categories":[1],"tags":[],"class_list":["post-17901","post","type-post","status-publish","format-standard","hentry","category-liens"],"_links":{"self":[{"href":"https:\/\/montreux-vieux.net\/index.php?rest_route=\/wp\/v2\/posts\/17901","targetHints":{"allow":["GET"]}}],"collection":[{"href":"https:\/\/montreux-vieux.net\/index.php?rest_route=\/wp\/v2\/posts"}],"about":[{"href":"https:\/\/montreux-vieux.net\/index.php?rest_route=\/wp\/v2\/types\/post"}],"author":[{"embeddable":true,"href":"https:\/\/montreux-vieux.net\/index.php?rest_route=\/wp\/v2\/users\/1"}],"replies":[{"embeddable":true,"href":"https:\/\/montreux-vieux.net\/index.php?rest_route=%2Fwp%2Fv2%2Fcomments&post=17901"}],"version-history":[{"count":7,"href":"https:\/\/montreux-vieux.net\/index.php?rest_route=\/wp\/v2\/posts\/17901\/revisions"}],"predecessor-version":[{"id":28553,"href":"https:\/\/montreux-vieux.net\/index.php?rest_route=\/wp\/v2\/posts\/17901\/revisions\/28553"}],"wp:attachment":[{"href":"https:\/\/montreux-vieux.net\/index.php?rest_route=%2Fwp%2Fv2%2Fmedia&parent=17901"}],"wp:term":[{"taxonomy":"category","embeddable":true,"href":"https:\/\/montreux-vieux.net\/index.php?rest_route=%2Fwp%2Fv2%2Fcategories&post=17901"},{"taxonomy":"post_tag","embeddable":true,"href":"https:\/\/montreux-vieux.net\/index.php?rest_route=%2Fwp%2Fv2%2Ftags&post=17901"}],"curies":[{"name":"wp","href":"https:\/\/api.w.org\/{rel}","templated":true}]}}