{"id":17906,"date":"2025-11-25T08:48:02","date_gmt":"2025-11-25T07:48:02","guid":{"rendered":"http:\/\/montreux-vieux.net\/?p=17906"},"modified":"2025-11-25T08:48:02","modified_gmt":"2025-11-25T07:48:02","slug":"que-sest-il-passe-a-montreux-vieux-un-25-novembre","status":"publish","type":"post","link":"https:\/\/montreux-vieux.net\/?p=17906","title":{"rendered":"Que s\u2019est-il pass\u00e9 \u00e0 Montreux-Vieux un 25 novembre ?"},"content":{"rendered":"\n<h2 class=\"wp-block-heading has-text-align-center\" style=\"font-size:60px\">Acquittement pour les pr\u00e9venus<\/h2>\n\n\n\n<p><strong>25 novembre 1903<\/strong> Apr\u00e8s les \u00e9lections du Conseil d\u2019arrondissement, le Kreisblatt publiait un article reprochant au conseiller nouvellement \u00e9lu, M. Scherrer, de Dannemarie, de s\u2019\u00eatre rendu coupable de d\u00e9tournements pendant la guerre de 1870. M. Scherrer a poursuivi le r\u00e9dacteur du Kreisblatt et M. Laibl\u00e9, maire de Montreux-Vieux, pour diffamation. Les \u00e9chevins d\u2019Altkirch ont acquitt\u00e9 les deux pr\u00e9venus. Sources&nbsp;: Express 25 novembre 1903<\/p>\n\n\n\n<hr class=\"wp-block-separator has-alpha-channel-opacity\"\/>\n\n\n\n<h2 class=\"wp-block-heading has-text-align-center\" style=\"font-size:60px\">Les aventures d\u2019un \u00e9vad\u00e9<\/h2>\n\n\n\n<p><strong>25 novembre 1906<\/strong> Les aventures d\u2019un \u00e9vad\u00e9. Les autorit\u00e9s fran\u00e7aises viennent de remettre entre les mains des gendarmes allemands, \u00e0 Montreux-Vieux (Alsace), un dangereux malfaiteur, le nomm\u00e9 Claude B\u00fcrr, qui, il y a 5 ans, s\u2019\u00e9tait \u00e9vad\u00e9 de la maison cen trale d\u2019Ensisheim dans des circonstances dramatiques. Devant \u00eatre confront\u00e9 avec plusieurs t\u00e9moins dans une affaire de vol avec effraction, il prit place entre deux gardiens dans une voiture d\u00e9couverte pour se rendre \u00e0 la gare. En cours de route, ayant r\u00e9ussi \u00e0 se d\u00e9gager de ses liens, il assomma d\u2019un formidable coup de poing le gardien de gauche et, saisissant celui de droite \u00e0 la gorge, le jeta hors de la voiture sur la route. Puis, prenant ses jambes \u00e0 son cou, il disparut. Dans la nuit, il passa la fronti\u00e8re. Il serait encore en France, bien tranquille, si, derni\u00e8rement, il n\u2019avait attir\u00e9 l\u2019attention de la police sur lui. impliqu\u00e9 dans une affaire de cambriolage.il est con damn\u00e9 \u00e0 3 mois de prison et, \u00e0 l\u2019issue de sa peine, ramen\u00e9 \u00e0 la fronti\u00e8re. La gendarmerie allemande le re\u00e7ut \u00e0 bras ouverts. Sources&nbsp;: Courrier de Sa\u00f4ne et Loire 25 novembre 1906<\/p>\n\n\n\n<hr class=\"wp-block-separator has-alpha-channel-opacity is-style-wide\"\/>\n\n\n\n<h2 class=\"wp-block-heading has-text-align-center\" style=\"font-size:60px\">La Manufacture de coton du Haut-Rhin vient de s&rsquo;agrandir<\/h2>\n\n\n\n<p><strong>25 novembre 1925<\/strong> MONTREUX-VIEUX. \u2014 La Manufacture de coton du Haut-Rhin vient de s&rsquo;agrandir par un nouveau b\u00e2timent, et, \u00e0 cette occasion, tous les ouvriers ainsi que les ma\u00e7ons furent invit\u00e9s par la direction \u00e0 un copieux d\u00eener offert au restaurant&nbsp; de M. Heinis Notre village qui v\u00e9cu parfois&nbsp; depuis la guerre des moment difficiles, commence \u00e0 revivre et a prendre de l&rsquo;extension gr\u00e2ce aux industries qui s\u2019y installent. Sources&nbsp;: L\u2019Express de Mulhouse 25 novembre 1925<\/p>\n\n\n\n<div class=\"wp-block-media-text alignfull has-media-on-the-right is-stacked-on-mobile is-vertically-aligned-center is-style-default\" style=\"grid-template-columns:auto 56%\"><div class=\"wp-block-media-text__content\">\n<h2 class=\"wp-block-heading has-text-color\" style=\"color:#000000\"><strong>Une pens\u00e9e pour : <\/strong> <\/h2>\n\n\n\n<ul class=\"wp-block-list\">\n<li>Monsieur Seiler Ren\u00e9, d\u00e9c\u00e9d\u00e9 le 25 novembre 1988<\/li>\n\n\n\n<li>Madame Marie-Paule Willm n\u00e9e Arnold, d\u00e9c\u00e9d\u00e9e le 25 novembre 2022<\/li>\n<\/ul>\n<\/div><figure class=\"wp-block-media-text__media\"><img loading=\"lazy\" decoding=\"async\" width=\"400\" height=\"290\" src=\"https:\/\/montreux-vieux.net\/montreux-vieux.net\/wp-content\/uploads\/2021\/01\/2536644_16f34-1.jpg\" alt=\"\" class=\"wp-image-22365 size-full\" srcset=\"https:\/\/montreux-vieux.net\/montreux-vieux.net\/wp-content\/uploads\/2021\/01\/2536644_16f34-1.jpg 400w, https:\/\/montreux-vieux.net\/montreux-vieux.net\/wp-content\/uploads\/2021\/01\/2536644_16f34-1-300x218.jpg 300w\" sizes=\"auto, (max-width: 400px) 100vw, 400px\" \/><\/figure><\/div>\n\n\n\n<p><\/p>\n\n\n\n<p><strong>25 novembre 1988 <\/strong>D\u00e9c\u00e8s de Mr Seiler Ren\u00e9   <a href=\"http:\/\/montreux-vieux.net\/?p=16742\" target=\"_blank\" rel=\"noreferrer noopener\" aria-label=\" (s\u2019ouvre dans un nouvel onglet)\">http:\/\/montreux-vieux.net\/?p=16742<\/a> <\/p>\n","protected":false},"excerpt":{"rendered":"<p>Acquittement pour les pr\u00e9venus 25 novembre 1903 Apr\u00e8s les \u00e9lections du Conseil d\u2019arrondissement, le Kreisblatt publiait un article reprochant au conseiller nouvellement \u00e9lu, M. Scherrer, de Dannemarie, de s\u2019\u00eatre rendu coupable de d\u00e9tournements pendant la guerre de 1870. M. Scherrer &hellip; <a href=\"https:\/\/montreux-vieux.net\/?p=17906\">Continuer la lecture <span class=\"meta-nav\">&rarr;<\/span><\/a><\/p>\n","protected":false},"author":1,"featured_media":0,"comment_status":"open","ping_status":"open","sticky":false,"template":"","format":"standard","meta":{"footnotes":""},"categories":[1],"tags":[],"class_list":["post-17906","post","type-post","status-publish","format-standard","hentry","category-liens"],"_links":{"self":[{"href":"https:\/\/montreux-vieux.net\/index.php?rest_route=\/wp\/v2\/posts\/17906","targetHints":{"allow":["GET"]}}],"collection":[{"href":"https:\/\/montreux-vieux.net\/index.php?rest_route=\/wp\/v2\/posts"}],"about":[{"href":"https:\/\/montreux-vieux.net\/index.php?rest_route=\/wp\/v2\/types\/post"}],"author":[{"embeddable":true,"href":"https:\/\/montreux-vieux.net\/index.php?rest_route=\/wp\/v2\/users\/1"}],"replies":[{"embeddable":true,"href":"https:\/\/montreux-vieux.net\/index.php?rest_route=%2Fwp%2Fv2%2Fcomments&post=17906"}],"version-history":[{"count":7,"href":"https:\/\/montreux-vieux.net\/index.php?rest_route=\/wp\/v2\/posts\/17906\/revisions"}],"predecessor-version":[{"id":26210,"href":"https:\/\/montreux-vieux.net\/index.php?rest_route=\/wp\/v2\/posts\/17906\/revisions\/26210"}],"wp:attachment":[{"href":"https:\/\/montreux-vieux.net\/index.php?rest_route=%2Fwp%2Fv2%2Fmedia&parent=17906"}],"wp:term":[{"taxonomy":"category","embeddable":true,"href":"https:\/\/montreux-vieux.net\/index.php?rest_route=%2Fwp%2Fv2%2Fcategories&post=17906"},{"taxonomy":"post_tag","embeddable":true,"href":"https:\/\/montreux-vieux.net\/index.php?rest_route=%2Fwp%2Fv2%2Ftags&post=17906"}],"curies":[{"name":"wp","href":"https:\/\/api.w.org\/{rel}","templated":true}]}}