{"id":17917,"date":"2025-11-27T08:38:11","date_gmt":"2025-11-27T07:38:11","guid":{"rendered":"http:\/\/montreux-vieux.net\/?p=17917"},"modified":"2025-11-27T08:38:11","modified_gmt":"2025-11-27T07:38:11","slug":"que-sest-il-passe-a-montreux-vieux-un-27-novembre","status":"publish","type":"post","link":"https:\/\/montreux-vieux.net\/?p=17917","title":{"rendered":"Que s\u2019est-il pass\u00e9 \u00e0 Montreux-Vieux un 27 novembre ?"},"content":{"rendered":"\n<h2 class=\"wp-block-heading has-text-align-center\" style=\"font-size:60px\">Le Ministre de la Guerre au Temple<\/h2>\n\n\n\n<p><strong>27 novembre 1914 <\/strong>  Aujourd&rsquo;hui, r\u00e9ception de Millerand, ministre de la Guerre au Temple protestant. Etaient pr\u00e9sents entre autres, l\u00a0\u00bbadjoint Gautherat, le cur\u00e9 Tschirart, le colonel Lecourbe et le commandant de la Roussi\u00e8re. Les enfants de Montreux-Vieux et Chavannes  chant\u00e8rent la Marseillaise. Le ministre a dit sa joie d&rsquo;\u00eatre le premier \u00e0 pouvoir saluer l&rsquo;Alsace au nom du Gouvernement, que la France apportait la libert\u00e9  etc&#8230;   <a rel=\"noreferrer noopener\" aria-label=\" (s\u2019ouvre dans un nouvel onglet)\" href=\"http:\/\/montreux-vieux.net\/?page_id=14452\" target=\"_blank\">http:\/\/montreux-vieux.net\/?page_id=14452<\/a>   <\/p>\n\n\n\n<hr class=\"wp-block-separator has-alpha-channel-opacity is-style-wide\"\/>\n\n\n\n<h2 class=\"wp-block-heading has-text-align-center\" style=\"font-size:60px\">Le ch\u00e2teau d&rsquo;eau endommag\u00e9 par des obus<\/h2>\n\n\n\n<p><strong>27 novembre 1944 <\/strong>Servant d\u2019observatoire par les allemands durant la Guerre, il a \u00e9t\u00e9 endommag\u00e9 le 27 Novembre 1944 lors de la lib\u00e9ration par 4 obus de 76,2 mm tir\u00e9s depuis le village voisin de Montreux-Jeune par un char le \u00ab Notre Dame \u00bb du 2e R\u00e9giment de Dragons.<\/p>\n\n\n\n<p><\/p>\n\n\n\n<div class=\"wp-block-media-text alignfull has-media-on-the-right is-stacked-on-mobile is-vertically-aligned-center is-style-default\" style=\"grid-template-columns:auto 56%\"><div class=\"wp-block-media-text__content\">\n<h2 class=\"wp-block-heading has-text-color\" style=\"color:#000000\">Une pens\u00e9e pour :<\/h2>\n\n\n\n<ul class=\"wp-block-list\">\n<li>Madame Raymonde Schnoebelen n\u00e9e Schultz, d\u00e9c\u00e9d\u00e9e le 27 novembre 2015<\/li>\n\n\n\n<li>Madame Cordonnier M.Louise n\u00e9e Montavon, d\u00e9c\u00e9d\u00e9e le 27 novembre 2017  <\/li>\n\n\n\n<li>Monsieur Daniel Bitschnau, d\u00e9c\u00e9d\u00e9 le 27 novembre 2020<\/li>\n<\/ul>\n<\/div><figure class=\"wp-block-media-text__media\"><img loading=\"lazy\" decoding=\"async\" width=\"400\" height=\"290\" src=\"https:\/\/montreux-vieux.net\/montreux-vieux.net\/wp-content\/uploads\/2021\/01\/2536644_16f34-1.jpg\" alt=\"\" class=\"wp-image-22365 size-full\" srcset=\"https:\/\/montreux-vieux.net\/montreux-vieux.net\/wp-content\/uploads\/2021\/01\/2536644_16f34-1.jpg 400w, https:\/\/montreux-vieux.net\/montreux-vieux.net\/wp-content\/uploads\/2021\/01\/2536644_16f34-1-300x218.jpg 300w\" sizes=\"auto, (max-width: 400px) 100vw, 400px\" \/><\/figure><\/div>\n\n\n\n<p><\/p>\n","protected":false},"excerpt":{"rendered":"<p>Le Ministre de la Guerre au Temple 27 novembre 1914 Aujourd&rsquo;hui, r\u00e9ception de Millerand, ministre de la Guerre au Temple protestant. Etaient pr\u00e9sents entre autres, l\u00a0\u00bbadjoint Gautherat, le cur\u00e9 Tschirart, le colonel Lecourbe et le commandant de la Roussi\u00e8re. Les &hellip; <a href=\"https:\/\/montreux-vieux.net\/?p=17917\">Continuer la lecture <span class=\"meta-nav\">&rarr;<\/span><\/a><\/p>\n","protected":false},"author":1,"featured_media":0,"comment_status":"open","ping_status":"open","sticky":false,"template":"","format":"standard","meta":{"footnotes":""},"categories":[1],"tags":[],"class_list":["post-17917","post","type-post","status-publish","format-standard","hentry","category-liens"],"_links":{"self":[{"href":"https:\/\/montreux-vieux.net\/index.php?rest_route=\/wp\/v2\/posts\/17917","targetHints":{"allow":["GET"]}}],"collection":[{"href":"https:\/\/montreux-vieux.net\/index.php?rest_route=\/wp\/v2\/posts"}],"about":[{"href":"https:\/\/montreux-vieux.net\/index.php?rest_route=\/wp\/v2\/types\/post"}],"author":[{"embeddable":true,"href":"https:\/\/montreux-vieux.net\/index.php?rest_route=\/wp\/v2\/users\/1"}],"replies":[{"embeddable":true,"href":"https:\/\/montreux-vieux.net\/index.php?rest_route=%2Fwp%2Fv2%2Fcomments&post=17917"}],"version-history":[{"count":10,"href":"https:\/\/montreux-vieux.net\/index.php?rest_route=\/wp\/v2\/posts\/17917\/revisions"}],"predecessor-version":[{"id":26667,"href":"https:\/\/montreux-vieux.net\/index.php?rest_route=\/wp\/v2\/posts\/17917\/revisions\/26667"}],"wp:attachment":[{"href":"https:\/\/montreux-vieux.net\/index.php?rest_route=%2Fwp%2Fv2%2Fmedia&parent=17917"}],"wp:term":[{"taxonomy":"category","embeddable":true,"href":"https:\/\/montreux-vieux.net\/index.php?rest_route=%2Fwp%2Fv2%2Fcategories&post=17917"},{"taxonomy":"post_tag","embeddable":true,"href":"https:\/\/montreux-vieux.net\/index.php?rest_route=%2Fwp%2Fv2%2Ftags&post=17917"}],"curies":[{"name":"wp","href":"https:\/\/api.w.org\/{rel}","templated":true}]}}