{"id":17934,"date":"2025-12-02T07:15:36","date_gmt":"2025-12-02T06:15:36","guid":{"rendered":"http:\/\/montreux-vieux.net\/?p=17934"},"modified":"2025-12-02T07:15:36","modified_gmt":"2025-12-02T06:15:36","slug":"que-sest-il-passe-a-montreux-vieux-un-2-decembre","status":"publish","type":"post","link":"https:\/\/montreux-vieux.net\/?p=17934","title":{"rendered":"Que s\u2019est-il pass\u00e9 \u00e0 Montreux-Vieux un 2 d\u00e9cembre ?"},"content":{"rendered":"\n<h2 class=\"wp-block-heading has-text-align-center\" style=\"font-size:60px\">Brutalit\u00e9s allemandes<\/h2>\n\n\n\n<p><strong>2\/12\/1888<\/strong>Une jeune fille, Mlle Guinot, modiste \u00e0 Belfort, dont la famille habite l&rsquo;Alsace, ayant \u00e9t\u00e9 avis\u00e9e par d\u00e9p\u00eache de la mort de son p\u00e8re, voulut se rendre aupr\u00e8s du lit mor-<br> tuaire et assister aux fun\u00e9railles. <\/p>\n\n\n\n<p>  Mais \u00e0 Montreux-Vieux, le commissaire, malgr\u00e9 les supplications touchantes de la <br> jeune fille tout en larmes, refusa de la laisser passer,, et, finalement, la fit brutale- <br> ment saisir par des gendarmes, qui la jet\u00e8rent dans le premier compartiment venu <br> du train qui se dirigeait sur Belfort. <\/p>\n\n\n\n<hr class=\"wp-block-separator has-alpha-channel-opacity is-style-wide\"\/>\n\n\n\n<h2 class=\"wp-block-heading has-text-align-center\" style=\"font-size:60px\">Duret\u00e9s odieuses<\/h2>\n\n\n\n<p><strong>2 d\u00e9cembre 1888<\/strong> Deux nouveaux incidents caract\u00e9ristiques, viennent de se produira \u00e0 la gare allemande de Montreux-Vieux<\/p>\n\n\n\n<p>Un honorable n\u00e9gociant de Belfort, que ses affaires obligent de se rendre fr\u00e9quemment en Alsace, s&nbsp;\u00e9tait pourvu du passeport obligatoire, et, une&nbsp; fois en r\u00e8gle avec le d\u00e9cret du M. Hohenlohe, prit le train d\u2019Alsace.<\/p>\n\n\n\n<p>Arriv\u00e9 \u00e0 Montreux-Vieux, il exhiba son passeport et re\u00e7ut pour toute r\u00e9ponse du commissaire sp\u00e9cial de reprendre et son passeport et le train pour Belfort, sans plus lui expliquer les motifs de cette d\u00e9cision.<\/p>\n\n\n\n<p>Le second incident est encore plus odieux. Une jeune fille, Mlle Guinot, modiste \u00e0 Belfort, dont la famille habite l\u2019 Alsace, &nbsp;ayant \u00e9t\u00e9 avis\u00e9e par d\u00e9p\u00eache do la mort de son p\u00e8re, voulut se rendre aupr\u00e8s du lit mortuaire et assister aux fun\u00e9railles.<\/p>\n\n\n\n<p>Mais \u00e0 Montreux-Vieux, le commissaire, malgr\u00e9 les supplications touchantes de la jeune fille tout eu larmes, refusa de la laisser passer, et, finalement, la fit brutalement saisir par des gendarmes, qui la jet\u00e8rent dans le premier compartiment venu du train qui se dirigeait sur Belfort.<\/p>\n\n\n\n<p>Sources&nbsp;: La Petite Bourgogne 2 d\u00e9cembre 1888<\/p>\n\n\n\n<hr class=\"wp-block-separator has-alpha-channel-opacity is-style-wide\"\/>\n\n\n\n<h2 class=\"wp-block-heading has-text-align-center\" style=\"font-size:60px\">D\u00e9coration s\u00e9ditieuse<\/h2>\n\n\n\n<p><strong> 2 d\u00e9cembre 1888 <\/strong>Un voyageur de commerce qui venait de  faire une tourn\u00e9e en Alsace retournait en  France par Montreux-Vieux.  Il avait \u00e0 sa boutonni\u00e8re un ruban tricolore, insigne d\u2019une d\u00e9coration fran\u00e7aise. Le commissaire lui donna l\u2019ordre de l\u2019enlever. Le voyageur r\u00e9pondit  qu\u2019il avait port\u00e9 l\u2019insigne sans \u00eatre inqui\u00e9t\u00e9 pendant le cours de son voyage. Cette r\u00e9ponse fut jug\u00e9e s\u00e9ditieuse. Le voyageur arr\u00eat\u00e9 aussit\u00f4t, va expier dans les cachots de Dannemarie le crime d\u2019avoir \u00e9t\u00e9 d\u00e9cor\u00e9 par la France.<strong> <\/strong><\/p>\n\n\n\n<hr class=\"wp-block-separator has-alpha-channel-opacity is-style-wide\"\/>\n\n\n\n<h2 class=\"wp-block-heading has-text-align-center\" style=\"font-size:60px\">Faits de guerre<\/h2>\n\n\n\n<p><strong>02 d\u00e9cembre 1914<\/strong> Forte canonade du c\u00f4t\u00e9 d&rsquo;Aspach  Thann On aper\u00e7ois les lueurs des incendie  <\/p>\n\n\n\n<hr class=\"wp-block-separator has-alpha-channel-opacity is-style-wide\"\/>\n\n\n\n<h2 class=\"wp-block-heading has-text-align-center\" style=\"font-size:60px\"> Le certificat d&rsquo;\u00e9tudes primaires en Alsace<\/h2>\n\n\n\n<p><strong>2 d\u00e9cembre 1915<\/strong> Le certificat d&rsquo;\u00e9tudes primaires en Alsace<\/p>\n\n\n\n<p>Les ma\u00eetres d\u00e9sign\u00e9s depuis un&nbsp; an par l&rsquo;autorit\u00e9 militaire pour organiser l&rsquo;enseignement primaire en Alsace ont r\u00e9cemment exprim\u00e9 le d\u00e9sir de voir appr\u00e9cier par un jury comp\u00e9tent, le travail et les connaissances de leurs meilleurs \u00e9l\u00e8ves.<\/p>\n\n\n\n<p>Le ministre de l&rsquo;Instruction publique a donn\u00e9 l&rsquo;autorisation d&rsquo;ouvrir, pour les jeunes Alsaciens, une session suppl\u00e9mentaire du certificat d&rsquo;\u00e9tudes. Et, le vendredi 12 novembre,&nbsp; 11aspirants et 5 aspirantes, \u00e9l\u00e8ves des \u00e9coles de Chavannes-sur-l&rsquo;Etang, Massevaux, Montreux-Vieux et Montreux-Jeune, se pr\u00e9sentaient \u00e0 cet examen. On avait choisi pour eux des sujets adapt\u00e9s aux circonstances : un \u00ab Souvenir d&rsquo;Alsace \u00bb, d&rsquo;Andr\u00e9 Theuriet, fut donn\u00e9 en dict\u00e9e, et le th\u00e8me de la composition fran\u00e7aise \u00e9tait : \u00ab D\u00e9crivez votre village d&rsquo;Alsace. Dites pourquoi votre petite patrie est si ch\u00e8re au c\u0153ur de tous les Fran\u00e7ais. \u00bb<\/p>\n\n\n\n<p>Quatre aspirantes et neuf aspirants ont \u00e9t\u00e9 -d\u00e9clares admise dont un avec la mention assez bien, quatre avec la mention bien et huit avec la mention tr\u00e8s bien.<\/p>\n\n\n\n<p>Sources&nbsp;: Excelsior<strong> 2 d\u00e9cembre 1915<\/strong><\/p>\n\n\n\n<div class=\"wp-block-media-text alignfull has-media-on-the-right is-stacked-on-mobile is-vertically-aligned-center is-style-default\" style=\"grid-template-columns:auto 56%\"><div class=\"wp-block-media-text__content\">\n<h2 class=\"wp-block-heading has-text-color\" style=\"color:#000000\">Une pens\u00e9e pour : <\/h2>\n\n\n\n<p class=\"has-text-color\" style=\"color:#636363;font-size:17px;line-height:1.1\">Monsieur Ren\u00e9 Stantina, d\u00e9c\u00e9d\u00e9 le 2 d\u00e9cembre 2019.<\/p>\n<\/div><figure class=\"wp-block-media-text__media\"><img loading=\"lazy\" decoding=\"async\" width=\"400\" height=\"290\" src=\"https:\/\/montreux-vieux.net\/montreux-vieux.net\/wp-content\/uploads\/2021\/01\/2536644_16f34-1.jpg\" alt=\"\" class=\"wp-image-22365 size-full\" srcset=\"https:\/\/montreux-vieux.net\/montreux-vieux.net\/wp-content\/uploads\/2021\/01\/2536644_16f34-1.jpg 400w, https:\/\/montreux-vieux.net\/montreux-vieux.net\/wp-content\/uploads\/2021\/01\/2536644_16f34-1-300x218.jpg 300w\" sizes=\"auto, (max-width: 400px) 100vw, 400px\" \/><\/figure><\/div>\n\n\n\n<div class=\"wp-block-media-text alignfull is-stacked-on-mobile is-vertically-aligned-center is-style-default\" style=\"grid-template-columns:56% auto\"><figure class=\"wp-block-media-text__media\"><img loading=\"lazy\" decoding=\"async\" width=\"555\" height=\"536\" src=\"https:\/\/montreux-vieux.net\/montreux-vieux.net\/wp-content\/uploads\/2019\/10\/zzScreenShot691_InPixio.jpg\" alt=\"\" class=\"wp-image-18065 size-full\" srcset=\"https:\/\/montreux-vieux.net\/montreux-vieux.net\/wp-content\/uploads\/2019\/10\/zzScreenShot691_InPixio.jpg 555w, https:\/\/montreux-vieux.net\/montreux-vieux.net\/wp-content\/uploads\/2019\/10\/zzScreenShot691_InPixio-300x290.jpg 300w\" sizes=\"auto, (max-width: 555px) 100vw, 555px\" \/><\/figure><div class=\"wp-block-media-text__content\">\n<h2 class=\"wp-block-heading has-text-color\" style=\"color:#000000\">Grands anniversaires<\/h2>\n\n\n\n<ul class=\"wp-block-list\">\n<li>Monsieur Daniel Dorget f\u00eate aujourd&rsquo;hui ses 84 ans.<\/li>\n\n\n\n<li>Madame CINTI Louise f\u00eate aujourd&rsquo;hui ses 83 ans<\/li>\n<\/ul>\n<\/div><\/div>\n\n\n\n<p><\/p>\n","protected":false},"excerpt":{"rendered":"<p>Brutalit\u00e9s allemandes 2\/12\/1888Une jeune fille, Mlle Guinot, modiste \u00e0 Belfort, dont la famille habite l&rsquo;Alsace, ayant \u00e9t\u00e9 avis\u00e9e par d\u00e9p\u00eache de la mort de son p\u00e8re, voulut se rendre aupr\u00e8s du lit mor- tuaire et assister aux fun\u00e9railles. Mais \u00e0 &hellip; <a href=\"https:\/\/montreux-vieux.net\/?p=17934\">Continuer la lecture <span class=\"meta-nav\">&rarr;<\/span><\/a><\/p>\n","protected":false},"author":1,"featured_media":0,"comment_status":"open","ping_status":"open","sticky":false,"template":"","format":"standard","meta":{"footnotes":""},"categories":[1],"tags":[],"class_list":["post-17934","post","type-post","status-publish","format-standard","hentry","category-liens"],"_links":{"self":[{"href":"https:\/\/montreux-vieux.net\/index.php?rest_route=\/wp\/v2\/posts\/17934","targetHints":{"allow":["GET"]}}],"collection":[{"href":"https:\/\/montreux-vieux.net\/index.php?rest_route=\/wp\/v2\/posts"}],"about":[{"href":"https:\/\/montreux-vieux.net\/index.php?rest_route=\/wp\/v2\/types\/post"}],"author":[{"embeddable":true,"href":"https:\/\/montreux-vieux.net\/index.php?rest_route=\/wp\/v2\/users\/1"}],"replies":[{"embeddable":true,"href":"https:\/\/montreux-vieux.net\/index.php?rest_route=%2Fwp%2Fv2%2Fcomments&post=17934"}],"version-history":[{"count":14,"href":"https:\/\/montreux-vieux.net\/index.php?rest_route=\/wp\/v2\/posts\/17934\/revisions"}],"predecessor-version":[{"id":28259,"href":"https:\/\/montreux-vieux.net\/index.php?rest_route=\/wp\/v2\/posts\/17934\/revisions\/28259"}],"wp:attachment":[{"href":"https:\/\/montreux-vieux.net\/index.php?rest_route=%2Fwp%2Fv2%2Fmedia&parent=17934"}],"wp:term":[{"taxonomy":"category","embeddable":true,"href":"https:\/\/montreux-vieux.net\/index.php?rest_route=%2Fwp%2Fv2%2Fcategories&post=17934"},{"taxonomy":"post_tag","embeddable":true,"href":"https:\/\/montreux-vieux.net\/index.php?rest_route=%2Fwp%2Fv2%2Ftags&post=17934"}],"curies":[{"name":"wp","href":"https:\/\/api.w.org\/{rel}","templated":true}]}}