{"id":17937,"date":"2025-12-03T00:05:00","date_gmt":"2025-12-02T23:05:00","guid":{"rendered":"http:\/\/montreux-vieux.net\/?p=17937"},"modified":"2025-08-05T14:34:39","modified_gmt":"2025-08-05T13:34:39","slug":"que-sest-il-passe-a-montreux-vieux-un-3-decembre","status":"publish","type":"post","link":"https:\/\/montreux-vieux.net\/?p=17937","title":{"rendered":"Que s\u2019est-il pass\u00e9 \u00e0 Montreux-Vieux un 3 d\u00e9cembre ?"},"content":{"rendered":"\n<h2 class=\"wp-block-heading has-text-align-center\" style=\"font-size:60px\">Prison pour avoir trait\u00e9 un douanier de \u00ab\u00a0cochon\u00a0\u00bb<\/h2>\n\n\n\n<p><strong>03 d\u00e9cembre 1888 <\/strong>Un Fran\u00e7ais, M. J.-L. Berthaud, rentier \u00e0 Pouilly-les-Feurs (Loire), qui le mois dernier, en arrivant \u00e0&nbsp;la gare fronti\u00e8re de&nbsp;Montreux-Vieux,&nbsp;s\u2019\u00e9tait vu d\u00e9pouiller, \u00e0 la douane allemande, de quelques journaux fran\u00e7ais d\u00e9fendus dans les provinces annex\u00e9es,&nbsp;et avait trait\u00e9, dans sa col\u00e8re, l\u2019employ\u00e9 de \u00ab cochon \u00bb, a \u00e9t\u00e9 condamn\u00e9 \u00e0 six semaines de prison&nbsp;par le tribunal de Mulhouse. M. Berthaud est en&nbsp;prison pr\u00e9ventive depuis le 9 novembre dernier. Depuis qu\u2019un nouveau commissaire sp\u00e9cial est install\u00e9 gare, il se passe presque pas de jour qu\u2019on ne signale quelque incident nouveau. A pr\u00e9sent, c\u2019est au tour des enfants \u00e0 \u00eatre victimes des mauvais traitements des douaniers allemands. <\/p>\n\n\n\n<hr class=\"wp-block-separator has-alpha-channel-opacity is-style-wide\"\/>\n\n\n\n<h2 class=\"wp-block-heading has-text-align-center\" style=\"font-size:60px\">Le chef du train tombe sous un convoi<\/h2>\n\n\n\n<p><strong>3 d\u00e9cembre 1924<\/strong> Montreux-Vieux&nbsp;: Le chef de train A. Peter du d\u00e9p\u00f4t de Mulhouse est tomb\u00e9 sous un convoi \u00e0 proximit\u00e9 de la gare de Montreux-Vieux. Les jambes sectionn\u00e9es il a \u00e9t\u00e9 transport\u00e9 \u00e0 l\u2019h\u00f4pital de Belfort ou il succomba peut apr\u00e8s. Sources&nbsp;: L\u2019Express de Mulhouse du&nbsp; 3 d\u00e9cembre 1924<\/p>\n\n\n\n<hr class=\"wp-block-separator has-alpha-channel-opacity is-style-wide\"\/>\n\n\n\n<h2 class=\"wp-block-heading has-text-align-center\" style=\"font-size:60px\">Les prisonniers passent ici par milliers<\/h2>\n\n\n\n<p><strong>03 d\u00e9cembre 1918 <\/strong>Depuis quelques jours, les prisonniers, venant d&rsquo;Allemagne passent ici par milliers <\/p>\n","protected":false},"excerpt":{"rendered":"<p>Prison pour avoir trait\u00e9 un douanier de \u00ab\u00a0cochon\u00a0\u00bb 03 d\u00e9cembre 1888 Un Fran\u00e7ais, M. J.-L. Berthaud, rentier \u00e0 Pouilly-les-Feurs (Loire), qui le mois dernier, en arrivant \u00e0&nbsp;la gare fronti\u00e8re de&nbsp;Montreux-Vieux,&nbsp;s\u2019\u00e9tait vu d\u00e9pouiller, \u00e0 la douane allemande, de quelques journaux fran\u00e7ais &hellip; <a href=\"https:\/\/montreux-vieux.net\/?p=17937\">Continuer la lecture <span class=\"meta-nav\">&rarr;<\/span><\/a><\/p>\n","protected":false},"author":1,"featured_media":0,"comment_status":"open","ping_status":"open","sticky":false,"template":"","format":"standard","meta":{"footnotes":""},"categories":[1],"tags":[],"class_list":["post-17937","post","type-post","status-publish","format-standard","hentry","category-liens"],"_links":{"self":[{"href":"https:\/\/montreux-vieux.net\/index.php?rest_route=\/wp\/v2\/posts\/17937","targetHints":{"allow":["GET"]}}],"collection":[{"href":"https:\/\/montreux-vieux.net\/index.php?rest_route=\/wp\/v2\/posts"}],"about":[{"href":"https:\/\/montreux-vieux.net\/index.php?rest_route=\/wp\/v2\/types\/post"}],"author":[{"embeddable":true,"href":"https:\/\/montreux-vieux.net\/index.php?rest_route=\/wp\/v2\/users\/1"}],"replies":[{"embeddable":true,"href":"https:\/\/montreux-vieux.net\/index.php?rest_route=%2Fwp%2Fv2%2Fcomments&post=17937"}],"version-history":[{"count":6,"href":"https:\/\/montreux-vieux.net\/index.php?rest_route=\/wp\/v2\/posts\/17937\/revisions"}],"predecessor-version":[{"id":26220,"href":"https:\/\/montreux-vieux.net\/index.php?rest_route=\/wp\/v2\/posts\/17937\/revisions\/26220"}],"wp:attachment":[{"href":"https:\/\/montreux-vieux.net\/index.php?rest_route=%2Fwp%2Fv2%2Fmedia&parent=17937"}],"wp:term":[{"taxonomy":"category","embeddable":true,"href":"https:\/\/montreux-vieux.net\/index.php?rest_route=%2Fwp%2Fv2%2Fcategories&post=17937"},{"taxonomy":"post_tag","embeddable":true,"href":"https:\/\/montreux-vieux.net\/index.php?rest_route=%2Fwp%2Fv2%2Ftags&post=17937"}],"curies":[{"name":"wp","href":"https:\/\/api.w.org\/{rel}","templated":true}]}}