{"id":17945,"date":"2025-12-06T08:26:22","date_gmt":"2025-12-06T07:26:22","guid":{"rendered":"http:\/\/montreux-vieux.net\/?p=17945"},"modified":"2025-12-06T08:38:23","modified_gmt":"2025-12-06T07:38:23","slug":"que-sest-il-passe-a-montreux-vieux-un-6-decembre","status":"publish","type":"post","link":"https:\/\/montreux-vieux.net\/?p=17945","title":{"rendered":"Que s\u2019est-il pass\u00e9 \u00e0 Montreux-Vieux un 6 d\u00e9cembre ?"},"content":{"rendered":"\n<h2 class=\"wp-block-heading has-text-align-center\" style=\"font-size:60px\">D\u00e9serteur<\/h2>\n\n\n\n<p><strong>6 d\u00e9cembre 1889<\/strong> D\u00e9serteur. \u2014 Un jeune Mulhousien, incorpor\u00e9 \u00e0 Mayence, avait d\u00e9sert\u00e9 son r\u00e9giment. il y a quelques jours. Il s\u2019\u00e9tait dirig\u00e9 vers la fronti\u00e8re fran\u00e7aise et \u00e9tait d\u00e9j\u00e0 parvenu \u00e0 Montreux-Vieux, quand il a \u00e9t\u00e9 arr\u00eat\u00e9. Il vient d\u2019\u00eatre ramen\u00e9 ici \u00e0 la disposition des autorit\u00e9s militaires qui l\u2019enverront \u00e0 Mayence o\u00f9 il sera jug\u00e9. Sources&nbsp;: Express 6 d\u00e9cembre 1889<\/p>\n\n\n\n<hr class=\"wp-block-separator has-alpha-channel-opacity is-style-wide\"\/>\n\n\n\n<h2 class=\"wp-block-heading has-text-align-center\" style=\"font-size:60px\">Cruel accident<\/h2>\n\n\n\n<p><strong>6 d\u00e9cembre 1891<\/strong> Montreux-Vieux. \u2014 On nous \u00e9crit le 6 d\u00e9cembre : Le chauffeur Charles Wolff, de Mulhouse, a \u00e9t\u00e9 victime d&rsquo;un cruel accident, en nettoyant le cylindre de verre qui surmonte la lampe de sa locomotive. Ce verre s\u2019\u00e9tant bris\u00e9, Wollf a eu l\u2019art\u00e8re du poignet gauche coup\u00e9e et a d\u00fb \u00eatre transport\u00e9 \u00e0 l\u2019h\u00f4pital de Dannemarie, apr\u00e8s que le docteur Breislinger, m\u00e9decin du chemin de fer, lui eut appliqu\u00e9 un bandage provisoire. Sources&nbsp;: Express 6 d\u00e9cembre 1891<\/p>\n\n\n\n<hr class=\"wp-block-separator has-alpha-channel-opacity is-style-wide\"\/>\n\n\n\n<h2 class=\"wp-block-heading has-text-align-center\" style=\"font-size:60px\">L\u2019affaire des couronnes de la soci\u00e9t\u00e9 de gymnastique<\/h2>\n\n\n\n<p><strong>6 d\u00e9cembre 1910<\/strong> THANN, 5 sept. \u2014 L\u2019affaire des couronnes de la soci\u00e9t\u00e9 de gymnastique \u00abl\u2019Alsatia&nbsp;\u00bb&nbsp;&nbsp; saisies par la douane de Montreux-Vieux, a re\u00e7u une solution qu\u2019on ne peut pas qualifier d\u2019\u00e9l\u00e9gante. L&rsquo;administration des douanes de Mulhouse a fait savoir au bureau de Thann qu\u2019elle renon\u00e7ait par indulgence \u00e0 poursuivre la soci\u00e9t\u00e9&nbsp; pour contrebande et qu\u2019elle lui fait restituer les&nbsp; couronnes que l\u2019&lt; Alsatia &gt; a remport\u00e9es au 1 concours de Belfort&nbsp; contre l\u2019acquittement des&nbsp; droits. Sources&nbsp;: Express 6 d\u00e9cembre 1910<\/p>\n\n\n\n<hr class=\"wp-block-separator has-alpha-channel-opacity is-style-wide\"\/>\n\n\n\n<h2 class=\"wp-block-heading has-text-align-center\" style=\"font-size:60px\">Une femme de Montreux-Vieux condamn\u00e9e pour \u00ab\u00a0intelligence avec l&rsquo;ennemi\u00a0\u00bb<\/h2>\n\n\n\n<p><strong>06 d\u00e9cembre 1914<\/strong> Sources: Le Temps 05 d\u00e9cembre 1894. Le Conseil de Guerre de Belfort a condamn\u00e9 le 6 d\u00e9cembre 1914 une femme de Montreux-Vieux \u00e0 cinq ans de travaux publics pour \u00ab intelligence avec l\u2019ennemi \u00bb en d\u2019autres termes: Communication de secrets \u00e0 l\u2019ennemi.  <a rel=\"noreferrer noopener\" aria-label=\" (s\u2019ouvre dans un nouvel onglet)\" href=\"http:\/\/montreux-vieux.net\/?page_id=6948\" target=\"_blank\">http:\/\/montreux-vieux.net\/?page_id=6948<\/a> <\/p>\n\n\n\n<figure class=\"wp-block-image size-full\"><img loading=\"lazy\" decoding=\"async\" width=\"400\" height=\"290\" src=\"https:\/\/montreux-vieux.net\/montreux-vieux.net\/wp-content\/uploads\/2024\/05\/image.png\" alt=\"\" class=\"wp-image-26449\" srcset=\"https:\/\/montreux-vieux.net\/montreux-vieux.net\/wp-content\/uploads\/2024\/05\/image.png 400w, https:\/\/montreux-vieux.net\/montreux-vieux.net\/wp-content\/uploads\/2024\/05\/image-300x218.png 300w\" sizes=\"auto, (max-width: 400px) 100vw, 400px\" \/><\/figure>\n\n\n\n<p>D\u00e9c\u00e8s de Madame Beaufrez n\u00e9e Storrer Monique le 6 d\u00e9cembre 2023<\/p>\n\n\n\n<p> <\/p>\n","protected":false},"excerpt":{"rendered":"<p>D\u00e9serteur 6 d\u00e9cembre 1889 D\u00e9serteur. \u2014 Un jeune Mulhousien, incorpor\u00e9 \u00e0 Mayence, avait d\u00e9sert\u00e9 son r\u00e9giment. il y a quelques jours. Il s\u2019\u00e9tait dirig\u00e9 vers la fronti\u00e8re fran\u00e7aise et \u00e9tait d\u00e9j\u00e0 parvenu \u00e0 Montreux-Vieux, quand il a \u00e9t\u00e9 arr\u00eat\u00e9. Il &hellip; <a href=\"https:\/\/montreux-vieux.net\/?p=17945\">Continuer la lecture <span class=\"meta-nav\">&rarr;<\/span><\/a><\/p>\n","protected":false},"author":1,"featured_media":0,"comment_status":"open","ping_status":"open","sticky":false,"template":"","format":"standard","meta":{"footnotes":""},"categories":[1],"tags":[],"class_list":["post-17945","post","type-post","status-publish","format-standard","hentry","category-liens"],"_links":{"self":[{"href":"https:\/\/montreux-vieux.net\/index.php?rest_route=\/wp\/v2\/posts\/17945","targetHints":{"allow":["GET"]}}],"collection":[{"href":"https:\/\/montreux-vieux.net\/index.php?rest_route=\/wp\/v2\/posts"}],"about":[{"href":"https:\/\/montreux-vieux.net\/index.php?rest_route=\/wp\/v2\/types\/post"}],"author":[{"embeddable":true,"href":"https:\/\/montreux-vieux.net\/index.php?rest_route=\/wp\/v2\/users\/1"}],"replies":[{"embeddable":true,"href":"https:\/\/montreux-vieux.net\/index.php?rest_route=%2Fwp%2Fv2%2Fcomments&post=17945"}],"version-history":[{"count":13,"href":"https:\/\/montreux-vieux.net\/index.php?rest_route=\/wp\/v2\/posts\/17945\/revisions"}],"predecessor-version":[{"id":28431,"href":"https:\/\/montreux-vieux.net\/index.php?rest_route=\/wp\/v2\/posts\/17945\/revisions\/28431"}],"wp:attachment":[{"href":"https:\/\/montreux-vieux.net\/index.php?rest_route=%2Fwp%2Fv2%2Fmedia&parent=17945"}],"wp:term":[{"taxonomy":"category","embeddable":true,"href":"https:\/\/montreux-vieux.net\/index.php?rest_route=%2Fwp%2Fv2%2Fcategories&post=17945"},{"taxonomy":"post_tag","embeddable":true,"href":"https:\/\/montreux-vieux.net\/index.php?rest_route=%2Fwp%2Fv2%2Ftags&post=17945"}],"curies":[{"name":"wp","href":"https:\/\/api.w.org\/{rel}","templated":true}]}}