{"id":17957,"date":"2025-12-08T08:14:48","date_gmt":"2025-12-08T07:14:48","guid":{"rendered":"http:\/\/montreux-vieux.net\/?p=17957"},"modified":"2025-12-08T08:14:48","modified_gmt":"2025-12-08T07:14:48","slug":"que-sest-il-passe-a-montreux-vieux-un-8-decembre","status":"publish","type":"post","link":"https:\/\/montreux-vieux.net\/?p=17957","title":{"rendered":"Que s\u2019est-il pass\u00e9 \u00e0 Montreux-Vieux un 8 d\u00e9cembre ?"},"content":{"rendered":"\n<h2 class=\"wp-block-heading has-text-align-center\" style=\"font-size:60px\">Un tilleul renvers\u00e9 par le vent<\/h2>\n\n\n\n<p><strong>08 d\u00e9cembre 1843<\/strong> Le 8 d\u00e9cembre 1843 un tilleul a \u00e9t\u00e9 renvers\u00e9 par le vent. Sa vente est demand\u00e9e afin de d\u00e9gager le chemin allant \u00e0 l\u2019Eglise . <\/p>\n\n\n\n<hr class=\"wp-block-separator has-alpha-channel-opacity is-style-wide\"\/>\n\n\n\n<h2 class=\"wp-block-heading has-text-align-center\" style=\"font-size:60px\">Tentative de passage clandestin de la fronti\u00e8re.<\/h2>\n\n\n\n<p> <strong>8 d\u00e9cembre 1943<\/strong> Extraits du livre \u00ab&nbsp;Les Italiens du Maquis&nbsp;\u00bb de Pia L\u00e9onetti CarenaSalvador Elio, n\u00e9 le 17 novembre 1924, domicili\u00e9 \u00e0 Buhl, employ\u00e9, arr\u00eat\u00e9 le 27 novembre 1943 \u00e0 Montreux-Vieux pour tentative de passage clandestin de la fronti\u00e8re. Incarc\u00e9r\u00e9 \u00e0 Mulhouse et de l\u00e0 dirig\u00e9 sur le camp de Schirmeck, le 8 d\u00e9cembre 1943. N\u2019est pas revenu, semble-t-il.  <\/p>\n\n\n\n<hr class=\"wp-block-separator has-alpha-channel-opacity is-style-wide\"\/>\n\n\n\n<h2 class=\"wp-block-heading has-text-align-center\" style=\"font-size:60px\">Pose de la passerelle<\/h2>\n\n\n\n<p><strong>8 d\u00e9cembre 1993 <\/strong>pose de la passerelle sur la voie<\/p>\n\n\n\n<figure class=\"wp-block-image\"><img decoding=\"async\" src=\"http:\/\/montreux-vieux.net\/montreux-vieux.net\/wp-content\/uploads\/2019\/04\/ScreenShot1622.jpg\" alt=\"L\u2019attribut alt de cette image est vide, son nom de fichier est ScreenShot1622.jpg.\"\/><\/figure>\n\n\n\n<p><\/p>\n","protected":false},"excerpt":{"rendered":"<p>Un tilleul renvers\u00e9 par le vent 08 d\u00e9cembre 1843 Le 8 d\u00e9cembre 1843 un tilleul a \u00e9t\u00e9 renvers\u00e9 par le vent. Sa vente est demand\u00e9e afin de d\u00e9gager le chemin allant \u00e0 l\u2019Eglise . Tentative de passage clandestin de la &hellip; <a href=\"https:\/\/montreux-vieux.net\/?p=17957\">Continuer la lecture <span class=\"meta-nav\">&rarr;<\/span><\/a><\/p>\n","protected":false},"author":1,"featured_media":0,"comment_status":"open","ping_status":"open","sticky":false,"template":"","format":"standard","meta":{"footnotes":""},"categories":[1],"tags":[],"class_list":["post-17957","post","type-post","status-publish","format-standard","hentry","category-liens"],"_links":{"self":[{"href":"https:\/\/montreux-vieux.net\/index.php?rest_route=\/wp\/v2\/posts\/17957","targetHints":{"allow":["GET"]}}],"collection":[{"href":"https:\/\/montreux-vieux.net\/index.php?rest_route=\/wp\/v2\/posts"}],"about":[{"href":"https:\/\/montreux-vieux.net\/index.php?rest_route=\/wp\/v2\/types\/post"}],"author":[{"embeddable":true,"href":"https:\/\/montreux-vieux.net\/index.php?rest_route=\/wp\/v2\/users\/1"}],"replies":[{"embeddable":true,"href":"https:\/\/montreux-vieux.net\/index.php?rest_route=%2Fwp%2Fv2%2Fcomments&post=17957"}],"version-history":[{"count":9,"href":"https:\/\/montreux-vieux.net\/index.php?rest_route=\/wp\/v2\/posts\/17957\/revisions"}],"predecessor-version":[{"id":26227,"href":"https:\/\/montreux-vieux.net\/index.php?rest_route=\/wp\/v2\/posts\/17957\/revisions\/26227"}],"wp:attachment":[{"href":"https:\/\/montreux-vieux.net\/index.php?rest_route=%2Fwp%2Fv2%2Fmedia&parent=17957"}],"wp:term":[{"taxonomy":"category","embeddable":true,"href":"https:\/\/montreux-vieux.net\/index.php?rest_route=%2Fwp%2Fv2%2Fcategories&post=17957"},{"taxonomy":"post_tag","embeddable":true,"href":"https:\/\/montreux-vieux.net\/index.php?rest_route=%2Fwp%2Fv2%2Ftags&post=17957"}],"curies":[{"name":"wp","href":"https:\/\/api.w.org\/{rel}","templated":true}]}}