{"id":17964,"date":"2025-12-13T00:05:00","date_gmt":"2025-12-12T23:05:00","guid":{"rendered":"http:\/\/montreux-vieux.net\/?p=17964"},"modified":"2025-09-15T10:09:45","modified_gmt":"2025-09-15T09:09:45","slug":"que-sest-il-passe-a-montreux-vieux-un-13-decembre","status":"publish","type":"post","link":"https:\/\/montreux-vieux.net\/?p=17964","title":{"rendered":"Que s\u2019est-il pass\u00e9 \u00e0 Montreux-Vieux un 13 d\u00e9cembre ?"},"content":{"rendered":"\n<h2 class=\"wp-block-heading has-text-align-center\" style=\"font-size:60px\">Avec ou sans barbe<\/h2>\n\n\n\n<p><strong> 13 d\u00e9cembre 1888<\/strong>  Avec ou sans barbe ?? <a rel=\"noreferrer noopener\" aria-label=\" (s\u2019ouvre dans un nouvel onglet)\" href=\"http:\/\/montreux-vieux.net\/?page_id=17684\" target=\"_blank\">http:\/\/montreux-vieux.net\/?page_id=17684<\/a> <\/p>\n\n\n\n<hr class=\"wp-block-separator has-alpha-channel-opacity is-style-wide\"\/>\n\n\n\n<h2 class=\"wp-block-heading has-text-align-center\" style=\"font-size:60px\">Convoi de li\u00e8ge<\/h2>\n\n\n\n<p>&nbsp;<strong>13 d\u00e9cembre 1889<\/strong> Alt-M\u00fcnsterol ( Montreux-Vieux). \u2014 On nous \u00e9crit le 13 : Depuis quelque temps il passe par notre gare quantit\u00e9 de wagons charg\u00e9s de li\u00e8ge venant d\u2019Espagne. Ces chargements&nbsp; sont destin\u00e9s aux fabriques de linol\u00e9um de Leipzig, de Ludwigshafen et de Verviers. Un seul de nos exp\u00e9diteurs en a re\u00e7u pour sa part 50,000 kilos, qui encombrent ses magasins, car le manque de mat\u00e9riel, r\u00e9sultat de la grande extension du trafic, fait que les exp\u00e9ditions s\u2019op\u00e8rent bien lentement.<\/p>\n\n\n\n<p>Sources&nbsp;: L\u2019Express 13 d\u00e9cembre 1889<\/p>\n\n\n\n<div class=\"wp-block-media-text alignfull has-media-on-the-right is-stacked-on-mobile is-vertically-aligned-center is-style-default\" style=\"grid-template-columns:auto 56%\"><div class=\"wp-block-media-text__content\">\n<h2 class=\"wp-block-heading has-text-color\" style=\"color:#000000\">Une pens\u00e9e pour : <\/h2>\n\n\n\n<ul class=\"wp-block-list\">\n<li>Mr  Rein Joseph, d\u00e9c\u00e9d\u00e9 le 13 d\u00e9cembre 2013.<\/li>\n<\/ul>\n<\/div><figure class=\"wp-block-media-text__media\"><img loading=\"lazy\" decoding=\"async\" width=\"400\" height=\"290\" src=\"https:\/\/montreux-vieux.net\/montreux-vieux.net\/wp-content\/uploads\/2021\/01\/2536644_16f34-1.jpg\" alt=\"\" class=\"wp-image-22365 size-full\" srcset=\"https:\/\/montreux-vieux.net\/montreux-vieux.net\/wp-content\/uploads\/2021\/01\/2536644_16f34-1.jpg 400w, https:\/\/montreux-vieux.net\/montreux-vieux.net\/wp-content\/uploads\/2021\/01\/2536644_16f34-1-300x218.jpg 300w\" sizes=\"auto, (max-width: 400px) 100vw, 400px\" \/><\/figure><\/div>\n\n\n\n<p><\/p>\n\n\n\n<p><strong>13 d\u00e9cembre  2013<\/strong> d\u00e9c\u00e8s de Mr  Rein Joseph   ancien chef de corps des sapeurs-pompiers <a href=\"http:\/\/montreux-vieux.net\/?page_id=18293\"> <\/a> <a href=\"http:\/\/montreux-vieux.net\/?page_id=18293\"> <\/a> <a rel=\"noreferrer noopener\" href=\"http:\/\/montreux-vieux.net\/?page_id=18293\" target=\"_blank\">http:\/\/montreux-vieux.net\/?page_id=18293 <\/a><\/p>\n\n\n\n<div class=\"wp-block-media-text alignfull is-stacked-on-mobile is-vertically-aligned-center is-style-default\" style=\"grid-template-columns:56% auto\"><figure class=\"wp-block-media-text__media\"><img loading=\"lazy\" decoding=\"async\" width=\"555\" height=\"536\" src=\"https:\/\/montreux-vieux.net\/montreux-vieux.net\/wp-content\/uploads\/2019\/10\/zzScreenShot691_InPixio.jpg\" alt=\"\" class=\"wp-image-18065 size-full\" srcset=\"https:\/\/montreux-vieux.net\/montreux-vieux.net\/wp-content\/uploads\/2019\/10\/zzScreenShot691_InPixio.jpg 555w, https:\/\/montreux-vieux.net\/montreux-vieux.net\/wp-content\/uploads\/2019\/10\/zzScreenShot691_InPixio-300x290.jpg 300w\" sizes=\"auto, (max-width: 555px) 100vw, 555px\" \/><\/figure><div class=\"wp-block-media-text__content\">\n<h2 class=\"wp-block-heading has-text-color\" style=\"color:#000000\">Grand anniversaire<\/h2>\n\n\n\n<ul class=\"wp-block-list\">\n<li>Monsieur Jacques Galiana f\u00eate aujourd&rsquo;hui ses 88 ans.<\/li>\n\n\n\n<li>Mandonnet Eliane 81 ans<\/li>\n<\/ul>\n<\/div><\/div>\n\n\n\n<p><\/p>\n\n\n\n<p><\/p>\n","protected":false},"excerpt":{"rendered":"<p>Avec ou sans barbe 13 d\u00e9cembre 1888 Avec ou sans barbe ?? http:\/\/montreux-vieux.net\/?page_id=17684 Convoi de li\u00e8ge &nbsp;13 d\u00e9cembre 1889 Alt-M\u00fcnsterol ( Montreux-Vieux). \u2014 On nous \u00e9crit le 13 : Depuis quelque temps il passe par notre gare quantit\u00e9 de wagons &hellip; <a href=\"https:\/\/montreux-vieux.net\/?p=17964\">Continuer la lecture <span class=\"meta-nav\">&rarr;<\/span><\/a><\/p>\n","protected":false},"author":1,"featured_media":0,"comment_status":"open","ping_status":"open","sticky":false,"template":"","format":"standard","meta":{"footnotes":""},"categories":[1],"tags":[],"class_list":["post-17964","post","type-post","status-publish","format-standard","hentry","category-liens"],"_links":{"self":[{"href":"https:\/\/montreux-vieux.net\/index.php?rest_route=\/wp\/v2\/posts\/17964","targetHints":{"allow":["GET"]}}],"collection":[{"href":"https:\/\/montreux-vieux.net\/index.php?rest_route=\/wp\/v2\/posts"}],"about":[{"href":"https:\/\/montreux-vieux.net\/index.php?rest_route=\/wp\/v2\/types\/post"}],"author":[{"embeddable":true,"href":"https:\/\/montreux-vieux.net\/index.php?rest_route=\/wp\/v2\/users\/1"}],"replies":[{"embeddable":true,"href":"https:\/\/montreux-vieux.net\/index.php?rest_route=%2Fwp%2Fv2%2Fcomments&post=17964"}],"version-history":[{"count":12,"href":"https:\/\/montreux-vieux.net\/index.php?rest_route=\/wp\/v2\/posts\/17964\/revisions"}],"predecessor-version":[{"id":28297,"href":"https:\/\/montreux-vieux.net\/index.php?rest_route=\/wp\/v2\/posts\/17964\/revisions\/28297"}],"wp:attachment":[{"href":"https:\/\/montreux-vieux.net\/index.php?rest_route=%2Fwp%2Fv2%2Fmedia&parent=17964"}],"wp:term":[{"taxonomy":"category","embeddable":true,"href":"https:\/\/montreux-vieux.net\/index.php?rest_route=%2Fwp%2Fv2%2Fcategories&post=17964"},{"taxonomy":"post_tag","embeddable":true,"href":"https:\/\/montreux-vieux.net\/index.php?rest_route=%2Fwp%2Fv2%2Ftags&post=17964"}],"curies":[{"name":"wp","href":"https:\/\/api.w.org\/{rel}","templated":true}]}}