{"id":17969,"date":"2025-12-15T08:53:06","date_gmt":"2025-12-15T07:53:06","guid":{"rendered":"http:\/\/montreux-vieux.net\/?p=17969"},"modified":"2025-12-15T08:53:06","modified_gmt":"2025-12-15T07:53:06","slug":"que-sest-il-passe-a-montreux-vieux-un-15-decembre","status":"publish","type":"post","link":"https:\/\/montreux-vieux.net\/?p=17969","title":{"rendered":"Que s\u2019est-il pass\u00e9 \u00e0 Montreux-Vieux un 15 d\u00e9cembre ?"},"content":{"rendered":"\n<h2 class=\"wp-block-heading has-text-align-center\" style=\"font-size:60px\">L&rsquo;abb\u00e9 Triponey reste \u00e0 Montreux-Vieux<\/h2>\n\n\n\n<p>Montreux-Vieux, <strong>15 d\u00e9cembre 1901<\/strong>. \u2014 M. l\u2019abb\u00e9 Triponey, cur\u00e9 de Montreux-Vieux, a \u00e9t\u00e9 d\u00e9sign\u00e9 pour le poste de Riedisheim. C\u00e9dant aux instances de l&rsquo;autorit\u00e9 locale et de tous ses paroissiens, M. l\u2019abb\u00e9 Triponey vient de d\u00e9cliner cette nomination et restera \u00e0 Montreux-Vieux.<\/p>\n\n\n\n<p>Sources&nbsp;: Express du 17 d\u00e9cembre 1901<\/p>\n\n\n\n<hr class=\"wp-block-separator has-alpha-channel-opacity is-style-wide\"\/>\n\n\n\n<h2 class=\"wp-block-heading has-text-align-center\" style=\"font-size:60px\">Un rapide sur la fausse voie<\/h2>\n\n\n\n<p><strong>15 d\u00e9cembre 1908<\/strong> UN RAPIDE SUR UNE FAUSSE VOIE Montreux-Vieux, 15 d\u00e9cembre: Avant-hier, le rapide de Paris est arriv\u00e9 ici avec un retard d\u2019une heure et demie, soit 6 h. 39 du matin, au lieu de 5 h. 07. Le rapide s&rsquo;\u00e9tait engag\u00e9 sur une fausse voie : au lieu de prendre la ligne ordinaire, il avait fil\u00e9 \u00e0 toute vapeur dans la direction de Delle.<\/p>\n\n\n\n<p>Sources&nbsp;: Le Soir 16 d\u00e9cembre 1908<\/p>\n\n\n\n<hr class=\"wp-block-separator has-alpha-channel-opacity is-style-wide\"\/>\n\n\n\n<h2 class=\"wp-block-heading has-text-align-center\" style=\"font-size:60px\">La d\u00e9mission du maire Laibl\u00e9<\/h2>\n\n\n\n<p><strong>15 d\u00e9cembre 1909<\/strong> La d\u00e9mission du maire Laibl\u00e9 <a rel=\"noreferrer noopener\" href=\"http:\/\/montreux-vieux.net\/?page_id=20335\" target=\"_blank\">http:\/\/montreux-vieux.net\/?page_id=20335<\/a><\/p>\n\n\n\n<hr class=\"wp-block-separator has-alpha-channel-opacity is-style-wide\"\/>\n\n\n\n<h2 class=\"wp-block-heading has-text-align-center\" style=\"font-size:60px\">Vente des&nbsp; b\u00e2timents de la douane<\/h2>\n\n\n\n<p><strong>15 d\u00e9cembre 1922 <\/strong>   Vente des&nbsp; b\u00e2timents de la douane.&nbsp;Adjudicataires : MM. Japy fr\u00e8res, au prix de 180.000 <\/p>\n\n\n\n<p>MONTREUX-VIEUX Vente des b\u00e2timents de la douane allemande. Cette vente a eu lieu le 15 d\u00e9cembre. C\u2019est la maison Japy Fr\u00e8res de Beaucourt qui&nbsp; a achet\u00e9 ces b\u00e2timents&nbsp;&nbsp; jour le prix de 120 000 francs. Il y a quelque temps d\u00e9j\u00e0, cette m\u00eame&nbsp; maison&nbsp; avait d\u00e9j\u00e0 achet\u00e9 des terrains dans la commune. Il est donc \u00e0 supposer que M M. Japy fr\u00e8res \u00e9l\u00e8veront ici de nouvelles usines. Sources&nbsp;: L\u2019Express e Mulhouse 19 d\u00e9cembre 1921<\/p>\n\n\n\n<div class=\"wp-block-media-text alignfull has-media-on-the-right is-stacked-on-mobile is-vertically-aligned-center is-style-default\" style=\"grid-template-columns:auto 56%\"><div class=\"wp-block-media-text__content\">\n<h2 class=\"wp-block-heading has-text-color\" style=\"color:#000000\"><strong>Une pens\u00e9e pour : <\/strong><\/h2>\n\n\n\n<ul class=\"wp-block-list\">\n<li>Monsieur Soppelsa Ang\u00e9lo, d\u00e9c\u00e9d\u00e9 le 15 d\u00e9cembre 2011<\/li>\n\n\n\n<li>Monsieur Fernand Messinger, d\u00e9c\u00e9d\u00e9 le 15 d\u00e9cembre 2022<\/li>\n<\/ul>\n<\/div><figure class=\"wp-block-media-text__media\"><img loading=\"lazy\" decoding=\"async\" width=\"400\" height=\"290\" src=\"https:\/\/montreux-vieux.net\/montreux-vieux.net\/wp-content\/uploads\/2021\/01\/2536644_16f34-1.jpg\" alt=\"\" class=\"wp-image-22365 size-full\" srcset=\"https:\/\/montreux-vieux.net\/montreux-vieux.net\/wp-content\/uploads\/2021\/01\/2536644_16f34-1.jpg 400w, https:\/\/montreux-vieux.net\/montreux-vieux.net\/wp-content\/uploads\/2021\/01\/2536644_16f34-1-300x218.jpg 300w\" sizes=\"auto, (max-width: 400px) 100vw, 400px\" \/><\/figure><\/div>\n\n\n\n<p><\/p>\n\n\n\n<p><\/p>\n","protected":false},"excerpt":{"rendered":"<p>L&rsquo;abb\u00e9 Triponey reste \u00e0 Montreux-Vieux Montreux-Vieux, 15 d\u00e9cembre 1901. \u2014 M. l\u2019abb\u00e9 Triponey, cur\u00e9 de Montreux-Vieux, a \u00e9t\u00e9 d\u00e9sign\u00e9 pour le poste de Riedisheim. C\u00e9dant aux instances de l&rsquo;autorit\u00e9 locale et de tous ses paroissiens, M. l\u2019abb\u00e9 Triponey vient de &hellip; <a href=\"https:\/\/montreux-vieux.net\/?p=17969\">Continuer la lecture <span class=\"meta-nav\">&rarr;<\/span><\/a><\/p>\n","protected":false},"author":1,"featured_media":0,"comment_status":"open","ping_status":"open","sticky":false,"template":"","format":"standard","meta":{"footnotes":""},"categories":[1],"tags":[],"class_list":["post-17969","post","type-post","status-publish","format-standard","hentry","category-liens"],"_links":{"self":[{"href":"https:\/\/montreux-vieux.net\/index.php?rest_route=\/wp\/v2\/posts\/17969","targetHints":{"allow":["GET"]}}],"collection":[{"href":"https:\/\/montreux-vieux.net\/index.php?rest_route=\/wp\/v2\/posts"}],"about":[{"href":"https:\/\/montreux-vieux.net\/index.php?rest_route=\/wp\/v2\/types\/post"}],"author":[{"embeddable":true,"href":"https:\/\/montreux-vieux.net\/index.php?rest_route=\/wp\/v2\/users\/1"}],"replies":[{"embeddable":true,"href":"https:\/\/montreux-vieux.net\/index.php?rest_route=%2Fwp%2Fv2%2Fcomments&post=17969"}],"version-history":[{"count":15,"href":"https:\/\/montreux-vieux.net\/index.php?rest_route=\/wp\/v2\/posts\/17969\/revisions"}],"predecessor-version":[{"id":28441,"href":"https:\/\/montreux-vieux.net\/index.php?rest_route=\/wp\/v2\/posts\/17969\/revisions\/28441"}],"wp:attachment":[{"href":"https:\/\/montreux-vieux.net\/index.php?rest_route=%2Fwp%2Fv2%2Fmedia&parent=17969"}],"wp:term":[{"taxonomy":"category","embeddable":true,"href":"https:\/\/montreux-vieux.net\/index.php?rest_route=%2Fwp%2Fv2%2Fcategories&post=17969"},{"taxonomy":"post_tag","embeddable":true,"href":"https:\/\/montreux-vieux.net\/index.php?rest_route=%2Fwp%2Fv2%2Ftags&post=17969"}],"curies":[{"name":"wp","href":"https:\/\/api.w.org\/{rel}","templated":true}]}}