{"id":17971,"date":"2025-12-16T00:05:00","date_gmt":"2025-12-15T23:05:00","guid":{"rendered":"http:\/\/montreux-vieux.net\/?p=17971"},"modified":"2025-08-05T14:54:36","modified_gmt":"2025-08-05T13:54:36","slug":"que-sest-il-passe-a-montreux-vieux-un-16-decembre","status":"publish","type":"post","link":"https:\/\/montreux-vieux.net\/?p=17971","title":{"rendered":"Que s\u2019est-il pass\u00e9 \u00e0 Montreux-Vieux un 16 d\u00e9cembre ?"},"content":{"rendered":"\n<h2 class=\"wp-block-heading has-text-align-center\" style=\"font-size:60px\"> La Germanisation officielle<\/h2>\n\n\n\n<p><strong>16 d\u00e9cembre 1889<\/strong> La Germanisation officielle<\/p>\n\n\n\n<p>Mulhouse, 16 d\u00e9cembre. Jusqu&rsquo;\u00e0 ces derniers temps, et en vertu d&rsquo;une disposition transitoire, un certain nombre de communes d&rsquo;Alsace et de Lorraine \u00e9taient autoris\u00e9es \u00e0 faire usage de la langue fran\u00e7aise comme langue officielle, pour les actes publics. Rentraient dans cette cat\u00e9gorie les d\u00e9lib\u00e9rations des conseils municipaux, les publications officielles, les inscriptions sur les registres de la commune, les rapports avec les fonctionnaires de l&rsquo;Etat.<\/p>\n\n\n\n<p>Presque toutes les communes lorraines situ\u00e9es sur la rive gauche de la Moselle, celles du Sundgau alsacien, avaient b\u00e9n\u00e9fici\u00e9 de cette \u00abtol\u00e9rance&nbsp;\u00bb. Mais, depuis le commencement de cette ann\u00e9e, cette tol\u00e9rance a \u00e9t\u00e9 restreinte. Elle est annul\u00e9e pour les communes de la Haute-Alsace, ou va l&rsquo;\u00eatre.<\/p>\n\n\n\n<p>En effet, \u00e0 partir du ler janvier 1890, les derni\u00e8res communes encore favoris\u00e9es devront substituer l&rsquo;usage de la langue allemande \u00e0 celui de la langue fran\u00e7aise pour les actes officiels.<\/p>\n\n\n\n<p>Les maires int\u00e9ress\u00e9s des communes de Lucelle, Valdieu, Bratt, Montreux-Jeune et Montreux-Vieux, ont \u00e9t\u00e9 avis\u00e9s de la d\u00e9cision du gouvernement \u00e0 leur \u00e9gard.<\/p>\n\n\n\n<p>En haut lieu, on suppose que la connaissance de la langue allemande a suffisamment p\u00e9n\u00e9tr\u00e9 dans les milieux des communes fronti\u00e8res, mais c&rsquo;est l\u00e0 une conviction toute politique que la r\u00e9alit\u00e9 d\u00e9ment, par ce fait que les communes en question, notamment Valdieu, Montreux-Jeune et Montreux-Vieux, sont par leur situation g\u00e9ographique forc\u00e9es d&rsquo;entretenir leurs relations \u00e9conomiques avec les communes fran\u00e7aises.<\/p>\n\n\n\n<p>Sources&nbsp;: Le Cri du Peuple (Paris) 18 d\u00e9cembre 1889<\/p>\n\n\n\n<hr class=\"wp-block-separator has-alpha-channel-opacity is-style-wide\"\/>\n\n\n\n<h2 class=\"wp-block-heading has-text-align-center\" style=\"font-size:60px\">Mr Kieffer Jean Jacques a \u00e9t\u00e9 \u00e9lu Pr\u00e9sident de l&rsquo;Association \u00ab\u00a0Les M\u00e9sanges\u00a0\u00bb<\/h2>\n\n\n\n<p><strong>16 d\u00e9cembre 1996<\/strong> Mr Kieffer Jean Jacques a \u00e9t\u00e9 \u00e9lu Pr\u00e9sident de l&rsquo;Association \u00ab\u00a0Les M\u00e9sanges\u00a0\u00bb  <\/p>\n\n\n\n<div class=\"wp-block-media-text alignfull has-media-on-the-right is-stacked-on-mobile is-vertically-aligned-center is-style-default\" style=\"grid-template-columns:auto 56%\"><div class=\"wp-block-media-text__content\">\n<h2 class=\"wp-block-heading has-text-color\" style=\"color:#000000\">Une pens\u00e9e pour : <\/h2>\n\n\n\n<ul class=\"wp-block-list\">\n<li>M. Roth Ren\u00e9, d\u00e9c\u00e9d\u00e9 le 16 d\u00e9cembre 1986.<\/li>\n\n\n\n<li> Mr Laurent Michel, d\u00e9c\u00e9d\u00e9 le 16 d\u00e9cembre 2014.<\/li>\n<\/ul>\n<\/div><figure class=\"wp-block-media-text__media\"><img loading=\"lazy\" decoding=\"async\" width=\"400\" height=\"290\" src=\"https:\/\/montreux-vieux.net\/montreux-vieux.net\/wp-content\/uploads\/2021\/01\/2536644_16f34-1.jpg\" alt=\"\" class=\"wp-image-22365 size-full\" srcset=\"https:\/\/montreux-vieux.net\/montreux-vieux.net\/wp-content\/uploads\/2021\/01\/2536644_16f34-1.jpg 400w, https:\/\/montreux-vieux.net\/montreux-vieux.net\/wp-content\/uploads\/2021\/01\/2536644_16f34-1-300x218.jpg 300w\" sizes=\"auto, (max-width: 400px) 100vw, 400px\" \/><\/figure><\/div>\n\n\n\n<p><\/p>\n","protected":false},"excerpt":{"rendered":"<p>La Germanisation officielle 16 d\u00e9cembre 1889 La Germanisation officielle Mulhouse, 16 d\u00e9cembre. Jusqu&rsquo;\u00e0 ces derniers temps, et en vertu d&rsquo;une disposition transitoire, un certain nombre de communes d&rsquo;Alsace et de Lorraine \u00e9taient autoris\u00e9es \u00e0 faire usage de la langue fran\u00e7aise &hellip; <a href=\"https:\/\/montreux-vieux.net\/?p=17971\">Continuer la lecture <span class=\"meta-nav\">&rarr;<\/span><\/a><\/p>\n","protected":false},"author":1,"featured_media":0,"comment_status":"open","ping_status":"open","sticky":false,"template":"","format":"standard","meta":{"footnotes":""},"categories":[1],"tags":[],"class_list":["post-17971","post","type-post","status-publish","format-standard","hentry","category-liens"],"_links":{"self":[{"href":"https:\/\/montreux-vieux.net\/index.php?rest_route=\/wp\/v2\/posts\/17971","targetHints":{"allow":["GET"]}}],"collection":[{"href":"https:\/\/montreux-vieux.net\/index.php?rest_route=\/wp\/v2\/posts"}],"about":[{"href":"https:\/\/montreux-vieux.net\/index.php?rest_route=\/wp\/v2\/types\/post"}],"author":[{"embeddable":true,"href":"https:\/\/montreux-vieux.net\/index.php?rest_route=\/wp\/v2\/users\/1"}],"replies":[{"embeddable":true,"href":"https:\/\/montreux-vieux.net\/index.php?rest_route=%2Fwp%2Fv2%2Fcomments&post=17971"}],"version-history":[{"count":12,"href":"https:\/\/montreux-vieux.net\/index.php?rest_route=\/wp\/v2\/posts\/17971\/revisions"}],"predecessor-version":[{"id":26236,"href":"https:\/\/montreux-vieux.net\/index.php?rest_route=\/wp\/v2\/posts\/17971\/revisions\/26236"}],"wp:attachment":[{"href":"https:\/\/montreux-vieux.net\/index.php?rest_route=%2Fwp%2Fv2%2Fmedia&parent=17971"}],"wp:term":[{"taxonomy":"category","embeddable":true,"href":"https:\/\/montreux-vieux.net\/index.php?rest_route=%2Fwp%2Fv2%2Fcategories&post=17971"},{"taxonomy":"post_tag","embeddable":true,"href":"https:\/\/montreux-vieux.net\/index.php?rest_route=%2Fwp%2Fv2%2Ftags&post=17971"}],"curies":[{"name":"wp","href":"https:\/\/api.w.org\/{rel}","templated":true}]}}