{"id":17977,"date":"2025-12-18T00:05:00","date_gmt":"2025-12-17T23:05:00","guid":{"rendered":"http:\/\/montreux-vieux.net\/?p=17977"},"modified":"2025-08-05T14:56:02","modified_gmt":"2025-08-05T13:56:02","slug":"que-sest-il-passe-a-montreux-vieux-un-18-decembre","status":"publish","type":"post","link":"https:\/\/montreux-vieux.net\/?p=17977","title":{"rendered":"Que s\u2019est-il pass\u00e9 \u00e0 Montreux-Vieux un 18 d\u00e9cembre ?"},"content":{"rendered":"\n<h2 class=\"wp-block-heading has-text-align-center\" style=\"font-size:60px\">Laibl\u00e9 Guillaume nomm\u00e9 adjoint de la commune<\/h2>\n\n\n\n<p><strong>18 d\u00e9cembre 1888<\/strong> Laibl\u00e9 Guillaume nomm\u00e9 adjoint de la commune<\/p>\n\n\n\n<hr class=\"wp-block-separator has-alpha-channel-opacity is-style-wide\"\/>\n\n\n\n<h2 class=\"wp-block-heading has-text-align-center\" style=\"font-size:60px\">L\u2019usage de la langue fran\u00e7aise ne sera plus tol\u00e9r\u00e9 dans l\u2019exp\u00e9dition des affaires publiques<\/h2>\n\n\n\n<p><strong>18 d\u00e9cembre 1889<\/strong> Express de Mulhouse, annonce qu&rsquo;\u00e0 partir du 1er janvier l\u2019usage de la langue fran\u00e7aise ne sera plus tol\u00e9r\u00e9 dans l\u2019exp\u00e9dition des affaires publiques pour les communes suivantes de l&rsquo;arrondissement d\u2019Altkirch : Montreux-Vieux, Bratt, Valdieu, Montreux-Jeune et Lucelle. Toutes les communications aux autorit\u00e9s devront \u00eatre faites en langue allemande, \u00e0 moins que celles-ci, dans les cas exceptionnels, n\u2019autorisent de se servir du fran\u00e7ais.<\/p>\n\n\n\n<p>Sources&nbsp;: La R\u00e9publique Fran\u00e7aise 18 d\u00e9cembre 1889<\/p>\n\n\n\n<div class=\"wp-block-media-text alignfull has-media-on-the-right is-stacked-on-mobile is-vertically-aligned-center is-style-default\" style=\"grid-template-columns:auto 56%\"><div class=\"wp-block-media-text__content\">\n<h2 class=\"wp-block-heading has-text-color\" style=\"color:#000000\">Une pens\u00e9e pour : <\/h2>\n\n\n\n<ul class=\"wp-block-list\">\n<li>Mme Monnier Anni, d\u00e9c\u00e9d\u00e9e le 18 novembre 2001.<\/li>\n\n\n\n<li>Madame Bouchonnet n\u00e9e Augier H\u00e9l\u00e8ne, d\u00e9c\u00e9d\u00e9e le 18 d\u00e9cembre 2021.<\/li>\n<\/ul>\n<\/div><figure class=\"wp-block-media-text__media\"><img loading=\"lazy\" decoding=\"async\" width=\"400\" height=\"290\" src=\"https:\/\/montreux-vieux.net\/montreux-vieux.net\/wp-content\/uploads\/2021\/01\/2536644_16f34-1.jpg\" alt=\"\" class=\"wp-image-22365 size-full\" srcset=\"https:\/\/montreux-vieux.net\/montreux-vieux.net\/wp-content\/uploads\/2021\/01\/2536644_16f34-1.jpg 400w, https:\/\/montreux-vieux.net\/montreux-vieux.net\/wp-content\/uploads\/2021\/01\/2536644_16f34-1-300x218.jpg 300w\" sizes=\"auto, (max-width: 400px) 100vw, 400px\" \/><\/figure><\/div>\n\n\n\n<p><\/p>\n","protected":false},"excerpt":{"rendered":"<p>Laibl\u00e9 Guillaume nomm\u00e9 adjoint de la commune 18 d\u00e9cembre 1888 Laibl\u00e9 Guillaume nomm\u00e9 adjoint de la commune L\u2019usage de la langue fran\u00e7aise ne sera plus tol\u00e9r\u00e9 dans l\u2019exp\u00e9dition des affaires publiques 18 d\u00e9cembre 1889 Express de Mulhouse, annonce qu&rsquo;\u00e0 partir &hellip; <a href=\"https:\/\/montreux-vieux.net\/?p=17977\">Continuer la lecture <span class=\"meta-nav\">&rarr;<\/span><\/a><\/p>\n","protected":false},"author":1,"featured_media":0,"comment_status":"open","ping_status":"open","sticky":false,"template":"","format":"standard","meta":{"footnotes":""},"categories":[1],"tags":[],"class_list":["post-17977","post","type-post","status-publish","format-standard","hentry","category-liens"],"_links":{"self":[{"href":"https:\/\/montreux-vieux.net\/index.php?rest_route=\/wp\/v2\/posts\/17977","targetHints":{"allow":["GET"]}}],"collection":[{"href":"https:\/\/montreux-vieux.net\/index.php?rest_route=\/wp\/v2\/posts"}],"about":[{"href":"https:\/\/montreux-vieux.net\/index.php?rest_route=\/wp\/v2\/types\/post"}],"author":[{"embeddable":true,"href":"https:\/\/montreux-vieux.net\/index.php?rest_route=\/wp\/v2\/users\/1"}],"replies":[{"embeddable":true,"href":"https:\/\/montreux-vieux.net\/index.php?rest_route=%2Fwp%2Fv2%2Fcomments&post=17977"}],"version-history":[{"count":9,"href":"https:\/\/montreux-vieux.net\/index.php?rest_route=\/wp\/v2\/posts\/17977\/revisions"}],"predecessor-version":[{"id":26239,"href":"https:\/\/montreux-vieux.net\/index.php?rest_route=\/wp\/v2\/posts\/17977\/revisions\/26239"}],"wp:attachment":[{"href":"https:\/\/montreux-vieux.net\/index.php?rest_route=%2Fwp%2Fv2%2Fmedia&parent=17977"}],"wp:term":[{"taxonomy":"category","embeddable":true,"href":"https:\/\/montreux-vieux.net\/index.php?rest_route=%2Fwp%2Fv2%2Fcategories&post=17977"},{"taxonomy":"post_tag","embeddable":true,"href":"https:\/\/montreux-vieux.net\/index.php?rest_route=%2Fwp%2Fv2%2Ftags&post=17977"}],"curies":[{"name":"wp","href":"https:\/\/api.w.org\/{rel}","templated":true}]}}