{"id":17985,"date":"2025-12-21T00:05:00","date_gmt":"2025-12-20T23:05:00","guid":{"rendered":"http:\/\/montreux-vieux.net\/?p=17985"},"modified":"2025-08-05T15:00:20","modified_gmt":"2025-08-05T14:00:20","slug":"que-sest-il-passe-a-montreux-vieux-un-21-decembre","status":"publish","type":"post","link":"https:\/\/montreux-vieux.net\/?p=17985","title":{"rendered":"Que s\u2019est-il pass\u00e9 \u00e0 Montreux-Vieux un 21 d\u00e9cembre ?"},"content":{"rendered":"\n<h2 class=\"wp-block-heading has-text-align-center\" style=\"font-size:60px\">Un projet de construction d\u2019une maison d\u2019\u00e9cole est discut\u00e9 au conseil<\/h2>\n\n\n\n<p><strong>Le 21 d\u00e9cembre 1875<\/strong> un projet de construction d\u2019une maison d\u2019\u00e9cole est discut\u00e9 au conseil municipal ainsi que&nbsp; sur des travaux de&nbsp; r\u00e9paration \u00e0 l\u2019\u00e9glise. Un cr\u00e9dit de 10 000 M et 15cts additionnels aux 4 contributions pendant 20 ans \u00e0 partir de 1877 sont vot\u00e9s. <\/p>\n\n\n\n<hr class=\"wp-block-separator has-alpha-channel-opacity is-style-wide\"\/>\n\n\n\n<h2 class=\"wp-block-heading has-text-align-center\" style=\"font-size:60px\">Bagarre \u00e0 la fronti\u00e8re<\/h2>\n\n\n\n<p><strong>21 d\u00e9cembre 1911<\/strong> Bagarre \u00e0 la fronti\u00e8re<strong> <\/strong><a rel=\"noreferrer noopener\" href=\"https:\/\/montreux-vieux.net\/?page_id=11301\" target=\"_blank\">https:\/\/montreux-vieux.net\/?page_id=11301<\/a><\/p>\n\n\n\n<hr class=\"wp-block-separator has-alpha-channel-opacity is-style-wide\"\/>\n\n\n\n<h2 class=\"wp-block-heading has-text-align-center\" style=\"font-size:60px\">Accident<\/h2>\n\n\n\n<hr class=\"wp-block-separator has-alpha-channel-opacity is-style-wide\"\/>\n\n\n\n<p><strong>21 d\u00e9cembre 1932<\/strong> Accident. \u2014 Mercredi, vers 17 heures, Ren\u00e9e Monteil, \u00e2g\u00e9e de 8 ans, revenant de l\u2019\u00e9cole en suivant la route nationale, fut renvers\u00e9e par le cycliste Besan\u00e7on, L\u00e9on, 22 ans, manoeuvre, demeurant \u00e0 Montreux-Vieux. Sans s\u2019inqui\u00e9ter des suites de l\u2019accident qu\u2019il venait de provoquer, le cycliste continua sa roule. La fillette fut ramen\u00e9e chez ses parents par deux jeunes filles.<\/p>\n\n\n\n<p>Sources&nbsp;: Le R\u00e9publicain de Belfort 21 d\u00e9cembre 1932<\/p>\n\n\n\n<hr class=\"wp-block-separator has-alpha-channel-opacity is-style-wide\"\/>\n\n\n\n<h2 class=\"wp-block-heading has-text-align-center\" style=\"font-size:60px\">Solstice d&rsquo;hiver<\/h2>\n\n\n\n<p><strong>21 d\u00e9cembre : Solstice d\u2019hiver<\/strong><br>Les jours commencent \u00e0 devenir plus longs, la lumi\u00e8re triomphe de la nuit, l\u2019espoir rena\u00eet.<\/p>\n\n\n\n<div class=\"wp-block-media-text alignfull has-media-on-the-right is-stacked-on-mobile is-vertically-aligned-center is-style-default\" style=\"grid-template-columns:auto 56%\"><div class=\"wp-block-media-text__content\">\n<h2 class=\"wp-block-heading has-text-color\" style=\"color:#000000\">Grand Anniversaires<\/h2>\n\n\n\n<ul class=\"wp-block-list\">\n<li>Monsieur DEMANGE Paul f\u00eate ses 90 ans.<\/li>\n\n\n\n<li>Madame TRABOLD Annie f\u00eate aujourd&rsquo;hui ses 84 ans<\/li>\n<\/ul>\n<\/div><figure class=\"wp-block-media-text__media\"><img loading=\"lazy\" decoding=\"async\" width=\"555\" height=\"536\" src=\"https:\/\/montreux-vieux.net\/montreux-vieux.net\/wp-content\/uploads\/2019\/10\/zzScreenShot691_InPixio.jpg\" alt=\"\" class=\"wp-image-18065 size-full\" srcset=\"https:\/\/montreux-vieux.net\/montreux-vieux.net\/wp-content\/uploads\/2019\/10\/zzScreenShot691_InPixio.jpg 555w, https:\/\/montreux-vieux.net\/montreux-vieux.net\/wp-content\/uploads\/2019\/10\/zzScreenShot691_InPixio-300x290.jpg 300w\" sizes=\"auto, (max-width: 555px) 100vw, 555px\" \/><\/figure><\/div>\n\n\n\n<p><\/p>\n","protected":false},"excerpt":{"rendered":"<p>Un projet de construction d\u2019une maison d\u2019\u00e9cole est discut\u00e9 au conseil Le 21 d\u00e9cembre 1875 un projet de construction d\u2019une maison d\u2019\u00e9cole est discut\u00e9 au conseil municipal ainsi que&nbsp; sur des travaux de&nbsp; r\u00e9paration \u00e0 l\u2019\u00e9glise. Un cr\u00e9dit de 10 &hellip; <a href=\"https:\/\/montreux-vieux.net\/?p=17985\">Continuer la lecture <span class=\"meta-nav\">&rarr;<\/span><\/a><\/p>\n","protected":false},"author":1,"featured_media":0,"comment_status":"open","ping_status":"open","sticky":false,"template":"","format":"standard","meta":{"footnotes":""},"categories":[1],"tags":[],"class_list":["post-17985","post","type-post","status-publish","format-standard","hentry","category-liens"],"_links":{"self":[{"href":"https:\/\/montreux-vieux.net\/index.php?rest_route=\/wp\/v2\/posts\/17985","targetHints":{"allow":["GET"]}}],"collection":[{"href":"https:\/\/montreux-vieux.net\/index.php?rest_route=\/wp\/v2\/posts"}],"about":[{"href":"https:\/\/montreux-vieux.net\/index.php?rest_route=\/wp\/v2\/types\/post"}],"author":[{"embeddable":true,"href":"https:\/\/montreux-vieux.net\/index.php?rest_route=\/wp\/v2\/users\/1"}],"replies":[{"embeddable":true,"href":"https:\/\/montreux-vieux.net\/index.php?rest_route=%2Fwp%2Fv2%2Fcomments&post=17985"}],"version-history":[{"count":12,"href":"https:\/\/montreux-vieux.net\/index.php?rest_route=\/wp\/v2\/posts\/17985\/revisions"}],"predecessor-version":[{"id":28262,"href":"https:\/\/montreux-vieux.net\/index.php?rest_route=\/wp\/v2\/posts\/17985\/revisions\/28262"}],"wp:attachment":[{"href":"https:\/\/montreux-vieux.net\/index.php?rest_route=%2Fwp%2Fv2%2Fmedia&parent=17985"}],"wp:term":[{"taxonomy":"category","embeddable":true,"href":"https:\/\/montreux-vieux.net\/index.php?rest_route=%2Fwp%2Fv2%2Fcategories&post=17985"},{"taxonomy":"post_tag","embeddable":true,"href":"https:\/\/montreux-vieux.net\/index.php?rest_route=%2Fwp%2Fv2%2Ftags&post=17985"}],"curies":[{"name":"wp","href":"https:\/\/api.w.org\/{rel}","templated":true}]}}