{"id":17996,"date":"2025-12-25T00:06:00","date_gmt":"2025-12-24T23:06:00","guid":{"rendered":"http:\/\/montreux-vieux.net\/?p=17996"},"modified":"2025-08-05T15:08:54","modified_gmt":"2025-08-05T14:08:54","slug":"que-sest-il-passe-a-montreux-vieux-un-25-decembre","status":"publish","type":"post","link":"https:\/\/montreux-vieux.net\/?p=17996","title":{"rendered":"Que s\u2019est-il pass\u00e9 \u00e0 Montreux-Vieux un 25 d\u00e9cembre ?"},"content":{"rendered":"\n<h2 class=\"wp-block-heading has-text-align-center\" style=\"font-size:60px\">Actes de barbarie<\/h2>\n\n\n\n<p><strong>25 d\u00e9cembre.1883 <\/strong>\u2014 Un commissaire&nbsp;de police et deux gendarmes fran\u00e7ais viennent d\u2019amener \u00e0&nbsp;Montreux-Vieux,&nbsp;pour \u00eatre&nbsp;livr\u00e9s \u00e0 la police allemande, cinq jeunes gens&nbsp;qui, il y a deux mois, se sont rendus coupables d\u2019un acte de barbarie inqualifiable.  <a rel=\"noreferrer noopener\" aria-label=\" (s\u2019ouvre dans un nouvel onglet)\" href=\"http:\/\/montreux-vieux.net\/?page_id=11560\" target=\"_blank\">http:\/\/montreux-vieux.net\/?page_id=11560<\/a> <\/p>\n\n\n\n<hr class=\"wp-block-separator has-alpha-channel-opacity is-style-wide\"\/>\n\n\n\n<h2 class=\"wp-block-heading has-text-align-center\" style=\"font-size:60px\">La f\u00eate de No\u00ebl a \u00e9t\u00e9 fort triste <\/h2>\n\n\n\n<p><strong>25 d\u00e9cembre 1914 <\/strong> La f\u00eate de No\u00ebl a \u00e9t\u00e9 fort triste. Le canon a tonn\u00e9 de Thann \u00e0 Pfetterhouse. Vers le soir l&rsquo;ambulance re\u00e7u l&rsquo;ordre de partir. On dit que la \u00ab\u00a0Kneipanstalt\u00a0\u00bb   de Carspach est en feu.<\/p>\n\n\n\n<hr class=\"wp-block-separator has-alpha-channel-opacity is-style-wide\"\/>\n\n\n\n<h2 class=\"wp-block-heading has-text-align-center\" style=\"font-size:60px\">Faits de guerre<\/h2>\n\n\n\n<p><strong>25 d\u00e9cembre 1918<\/strong> L&rsquo;\u00e9tat-major n&rsquo;est plus ici. Le dernier G\u00e9n\u00e9ral est parti le 18 novembre. Les soldats d\u00e9mobilis\u00e9s arrivent de tous les coins d&rsquo;Alsace. Les trains pour l&rsquo;int\u00e9rieur se forment ici ; les soldats sont dirig\u00e9s sur leurs d\u00e9p\u00f4ts, d&rsquo;o\u00f9 ils rentrent chez eux. <a rel=\"noreferrer noopener\" aria-label=\" (s\u2019ouvre dans un nouvel onglet)\" href=\"http:\/\/montreux-vieux.net\/?page_id=12723\" target=\"_blank\">http:\/\/montreux-vieux.net\/?page_id=12723<\/a> <\/p>\n\n\n\n<hr class=\"wp-block-separator has-alpha-channel-opacity is-style-wide\"\/>\n\n\n\n<h2 class=\"wp-block-heading has-text-align-center\" style=\"font-size:60px\">Feu \u00e0 la menuiserie Gutbrod Charles<\/h2>\n\n\n\n<p><\/p>\n\n\n\n<p><strong>25 d\u00e9cembre 1929<\/strong> Le feu. \u2014 Mercredi matin, 25 d\u00e9cembre vers 4 h, des cris \u00ab Au feu ! au feu !&nbsp;\u00bb retentirent brusquement par les rues de notre localit\u00e9. La population, r\u00e9veill\u00e9e en sursaut, se pr\u00e9cipita\u2026. Un incendie venait, en effet, de se d\u00e9clarer subitement dans la propri\u00e9t\u00e9 de M. Charles Gutbrod, ma\u00eetre-menuisier.<\/p>\n\n\n\n<p>Un voisin avait, le premier, aper\u00e7u les flammes qui se propageaient avec une rapidit\u00e9 effrayante. Il avait aussit\u00f4t alert\u00e9 M. Gutbrod et sa famille, qui dormaient paisiblement, les sauvant ainsi d\u2019une mort quasi certaine, car, dix minutes apr\u00e8s la maison d\u2019habitation ne formait plus qu\u2019un immense brasier.<\/p>\n\n\n\n<p>Malgr\u00e9 les efforts de la population, il fut impossible de sauver quoi que ce f\u00fbt. Le manque d\u2019eau sur les lieux de l\u2019incendie ne permit pas, en effet, de combattre efficacement le sinistre. Celui-ci s\u2019\u00e9tait entre temps communiqu\u00e9 \u00e0 l\u2019atelier de menuisier. qui fut \u00e9galement compl\u00e8tement d\u00e9truit.<\/p>\n\n\n\n<p>Les d\u00e9g\u00e2ts sont importants. L\u2019enqu\u00eate ouverte par la gendarmerie se chargera d\u2019\u00e9tablir les causes de l\u2019incendie.<\/p>\n\n\n\n<p>Sources&nbsp;: Le R\u00e9publicain de Belfort 25 d\u00e9cembre 1929<\/p>\n\n\n\n<div class=\"wp-block-media-text alignfull has-media-on-the-right is-stacked-on-mobile is-vertically-aligned-center is-style-default\" style=\"grid-template-columns:auto 56%\"><div class=\"wp-block-media-text__content\">\n<h2 class=\"wp-block-heading has-text-color\" style=\"color:#000000\"><strong>Une pens\u00e9e pour : <\/strong><\/h2>\n\n\n\n<ul class=\"wp-block-list\">\n<li>Mmes Suzanne et Nathalie Zinck , d\u00e9c\u00e9d\u00e9es le 25 d\u00e9cembre 1998.<\/li>\n<\/ul>\n<\/div><figure class=\"wp-block-media-text__media\"><img loading=\"lazy\" decoding=\"async\" width=\"400\" height=\"290\" src=\"https:\/\/montreux-vieux.net\/montreux-vieux.net\/wp-content\/uploads\/2021\/01\/2536644_16f34-1.jpg\" alt=\"\" class=\"wp-image-22365 size-full\" srcset=\"https:\/\/montreux-vieux.net\/montreux-vieux.net\/wp-content\/uploads\/2021\/01\/2536644_16f34-1.jpg 400w, https:\/\/montreux-vieux.net\/montreux-vieux.net\/wp-content\/uploads\/2021\/01\/2536644_16f34-1-300x218.jpg 300w\" sizes=\"auto, (max-width: 400px) 100vw, 400px\" \/><\/figure><\/div>\n\n\n\n<p><\/p>\n\n\n\n<h2 class=\"wp-block-heading has-text-align-center\" style=\"font-size:60px\">No\u00ebl<\/h2>\n\n\n\n<p> <strong>25 d\u00e9cembre : No\u00ebl<\/strong><br>Fix\u00e9e en 354 et primitivement f\u00eat\u00e9 le 6 janvier, No\u00ebl est le premier jour de l\u2019ann\u00e9e en 1310 (jusqu\u2019en 1691 o\u00f9 le Pape Innocent XII en d\u00e9cida autrement).<br>Dans le Sundgau, on emmenait boire les vaches au moment o\u00f9 l\u2019ang\u00e9lus sonnait : l\u2019eau \u00e0 ce moment pr\u00e9cis avait, dit-on, des vertus protectrices et pr\u00e9servait le troupeau des maladies. Mais l\u2019eau avait aussi un pouvoir de purification : le matin de No\u00ebl, il fallait aller puiser de l\u2019eau et entrer dans la maison le seau \u00e0 la main, en pronon\u00e7ant les paroles&nbsp;<em>Heiliwog, Gottesgob, Gl\u00fcck ins H\u00fcss, un Ungl\u00fcck dr\u00fcss<\/em>&nbsp;(eau sacr\u00e9e, don de Dieu, bonheur dans cette maison et que le malheur reste au dehors). Cette eau b\u00e9n\u00e9fique \u00e9tait parfois utilis\u00e9e pour b\u00e9nir le lit conjugal des nouveaux mari\u00e9s <\/p>\n\n\n\n<p><strong>du 25 d\u00e9cembre au 6 janvier : \u00ab&nbsp;S\u2019kleina Johr&nbsp;\u00bb<\/strong><br>Elle relie la nouvelle \u00e0 l\u2019ancienne date de la naissance du Christ. Le 25 d\u00e9cembre marque le d\u00e9but des 12 jours sacr\u00e9s, jours et nuits durant lesquels les femmes ne doivent pas filer de la laine car filer est symbole de cr\u00e9ation du monde. Il ne faut pas mettre en jeu le destin des 12 mois \u00e0 venir \u2026<br>Egalement baptis\u00e9&nbsp;<em>Lostag<\/em>&nbsp;ou ann\u00e9e intercalaire car on peut pr\u00e9voir le temps de l\u2019ann\u00e9e \u00e0 venir. Chaque jour correspond \u00e0 un mois. C\u2019est ce que l\u2019on nomme&nbsp;<em>S\u2019kleine Johr (petite ann\u00e9e)<\/em>. Un autre moyen \u00e9tait utilis\u00e9, c\u2019\u00e9tait l\u2019oracle de l\u2019oignon.<br>Couper 6 oignons en deux pendant la messe de minuit, mettre un grain de sel dans les 12 moiti\u00e9s en attribuant \u00e0 chacune d\u2019elles le nom d\u2019un mois de l\u2019ann\u00e9e. Au bout de 8 jours, on peut en d\u00e9duire le temps des 12 mois suivants ! C\u2019est simple, celles o\u00f9 le sel devient humide correspondent \u00e0 des mois qui seront pluvieux, celles o\u00f9 le sel reste sec, \u00e0 des mois sans pluie.<\/p>\n\n\n\n<p>Pour obtenir le m\u00eame genre de renseignement, voici encore une autre m\u00e9thode, toujours encore appliqu\u00e9e dans le Sundgau, par nos anciens : on notait soigneusement le temps qu\u2019il faisait entre No\u00ebl et l\u2019Epiphanie : celui du 25 d\u00e9cembre augurait de celui de janvier, celui du 26 annon\u00e7ait le temps de f\u00e9vrier, et ainsi de suite. D\u2019autres personnes commen\u00e7aient le lendemain de No\u00ebl pour finir le 6 janvier. (Nicole Munch)<br><\/p>\n","protected":false},"excerpt":{"rendered":"<p>Actes de barbarie 25 d\u00e9cembre.1883 \u2014 Un commissaire&nbsp;de police et deux gendarmes fran\u00e7ais viennent d\u2019amener \u00e0&nbsp;Montreux-Vieux,&nbsp;pour \u00eatre&nbsp;livr\u00e9s \u00e0 la police allemande, cinq jeunes gens&nbsp;qui, il y a deux mois, se sont rendus coupables d\u2019un acte de barbarie inqualifiable. http:\/\/montreux-vieux.net\/?page_id=11560 La &hellip; <a href=\"https:\/\/montreux-vieux.net\/?p=17996\">Continuer la lecture <span class=\"meta-nav\">&rarr;<\/span><\/a><\/p>\n","protected":false},"author":1,"featured_media":0,"comment_status":"open","ping_status":"open","sticky":false,"template":"","format":"standard","meta":{"footnotes":""},"categories":[1],"tags":[],"class_list":["post-17996","post","type-post","status-publish","format-standard","hentry","category-liens"],"_links":{"self":[{"href":"https:\/\/montreux-vieux.net\/index.php?rest_route=\/wp\/v2\/posts\/17996","targetHints":{"allow":["GET"]}}],"collection":[{"href":"https:\/\/montreux-vieux.net\/index.php?rest_route=\/wp\/v2\/posts"}],"about":[{"href":"https:\/\/montreux-vieux.net\/index.php?rest_route=\/wp\/v2\/types\/post"}],"author":[{"embeddable":true,"href":"https:\/\/montreux-vieux.net\/index.php?rest_route=\/wp\/v2\/users\/1"}],"replies":[{"embeddable":true,"href":"https:\/\/montreux-vieux.net\/index.php?rest_route=%2Fwp%2Fv2%2Fcomments&post=17996"}],"version-history":[{"count":12,"href":"https:\/\/montreux-vieux.net\/index.php?rest_route=\/wp\/v2\/posts\/17996\/revisions"}],"predecessor-version":[{"id":26250,"href":"https:\/\/montreux-vieux.net\/index.php?rest_route=\/wp\/v2\/posts\/17996\/revisions\/26250"}],"wp:attachment":[{"href":"https:\/\/montreux-vieux.net\/index.php?rest_route=%2Fwp%2Fv2%2Fmedia&parent=17996"}],"wp:term":[{"taxonomy":"category","embeddable":true,"href":"https:\/\/montreux-vieux.net\/index.php?rest_route=%2Fwp%2Fv2%2Fcategories&post=17996"},{"taxonomy":"post_tag","embeddable":true,"href":"https:\/\/montreux-vieux.net\/index.php?rest_route=%2Fwp%2Fv2%2Ftags&post=17996"}],"curies":[{"name":"wp","href":"https:\/\/api.w.org\/{rel}","templated":true}]}}