{"id":18008,"date":"2025-12-27T07:48:00","date_gmt":"2025-12-27T06:48:00","guid":{"rendered":"http:\/\/montreux-vieux.net\/?p=18008"},"modified":"2025-12-26T09:18:07","modified_gmt":"2025-12-26T08:18:07","slug":"que-sest-il-passe-a-montreux-vieux-un-27-decembre","status":"publish","type":"post","link":"https:\/\/montreux-vieux.net\/?p=18008","title":{"rendered":"Que s\u2019est-il pass\u00e9 \u00e0 Montreux-Vieux un 27 d\u00e9cembre ?"},"content":{"rendered":"\n<hr class=\"wp-block-separator has-alpha-channel-opacity\"\/>\n\n\n\n<h2 class=\"wp-block-heading has-text-align-center\" style=\"font-size:60px\">Naissance de Emile Moench<\/h2>\n\n\n\n<p><strong>27 d\u00e9cembre 1875<\/strong>  Emile Moench n\u00e9 \u00e0 Montreux-Vieux le 27 d\u00e9cembre 1875 Le c\u00e9l\u00e8bre petit sachet rose Alsa, la levure chimique \u00ab alsacienne \u00bb, voit le jour en 1897 de l\u2019imagination d\u2019un commer\u00e7ant mosellan, Emile Moench n\u00e9 \u00e0 Montreux-Vieux le 27 d\u00e9cembre 1875. En souvenir de l\u2019Alsace et de la Lorraine, provinces alors perdues par la France, il donne \u00e0 son produit les embl\u00e8mes de la coiffe alsacienne et de la cigogne.  <a rel=\"noreferrer noopener\" aria-label=\" (s\u2019ouvre dans un nouvel onglet)\" href=\"http:\/\/montreux-vieux.net\/?page_id=4722\" target=\"_blank\">http:\/\/montreux-vieux.net\/?page_id=4722<\/a> <\/p>\n\n\n\n<hr class=\"wp-block-separator has-alpha-channel-opacity is-style-wide\"\/>\n\n\n\n<h2 class=\"wp-block-heading has-text-align-center\" style=\"font-size:60px\">Coup de couteau sur un garde forestier<\/h2>\n\n\n\n<p><strong>27 d\u00e9cembre 1883<\/strong> Coup de couteau sur un garde forestier <a rel=\"noreferrer noopener\" href=\"http:\/\/montreux-vieux.net\/?page_id=20132\" target=\"_blank\">http:\/\/montreux-vieux.net\/?page_id=20132<\/a><\/p>\n\n\n\n<div class=\"wp-block-media-text alignfull has-media-on-the-right is-stacked-on-mobile is-vertically-aligned-center is-style-default\" style=\"grid-template-columns:auto 56%\"><div class=\"wp-block-media-text__content\">\n<h2 class=\"wp-block-heading has-text-color\" style=\"color:#000000\"><strong>Une pens\u00e9e pour : <\/strong><\/h2>\n\n\n\n<ul class=\"wp-block-list\">\n<li>Monsieur Bihr Ren\u00e9, d\u00e9c\u00e9d\u00e9 le 27 d\u00e9cembre 1995.<\/li>\n\n\n\n<li>Madame Modena Augusta , d\u00e9c\u00e9d\u00e9e le 27 d\u00e9cembre 2011.<\/li>\n<\/ul>\n<\/div><figure class=\"wp-block-media-text__media\"><img loading=\"lazy\" decoding=\"async\" width=\"400\" height=\"290\" src=\"https:\/\/montreux-vieux.net\/montreux-vieux.net\/wp-content\/uploads\/2021\/01\/2536644_16f34-1.jpg\" alt=\"\" class=\"wp-image-22365 size-full\" srcset=\"https:\/\/montreux-vieux.net\/montreux-vieux.net\/wp-content\/uploads\/2021\/01\/2536644_16f34-1.jpg 400w, https:\/\/montreux-vieux.net\/montreux-vieux.net\/wp-content\/uploads\/2021\/01\/2536644_16f34-1-300x218.jpg 300w\" sizes=\"auto, (max-width: 400px) 100vw, 400px\" \/><\/figure><\/div>\n\n\n\n<div class=\"wp-block-media-text alignfull is-stacked-on-mobile is-vertically-aligned-center is-style-default\" style=\"grid-template-columns:56% auto\"><figure class=\"wp-block-media-text__media\"><img loading=\"lazy\" decoding=\"async\" width=\"555\" height=\"536\" src=\"https:\/\/montreux-vieux.net\/montreux-vieux.net\/wp-content\/uploads\/2019\/10\/zzScreenShot691_InPixio.jpg\" alt=\"\" class=\"wp-image-18065 size-full\" srcset=\"https:\/\/montreux-vieux.net\/montreux-vieux.net\/wp-content\/uploads\/2019\/10\/zzScreenShot691_InPixio.jpg 555w, https:\/\/montreux-vieux.net\/montreux-vieux.net\/wp-content\/uploads\/2019\/10\/zzScreenShot691_InPixio-300x290.jpg 300w\" sizes=\"auto, (max-width: 555px) 100vw, 555px\" \/><\/figure><div class=\"wp-block-media-text__content\">\n<h2 class=\"wp-block-heading has-text-color\" style=\"color:#000000\"><strong>Grand anniversaire<\/strong><\/h2>\n\n\n\n<ul class=\"wp-block-list\">\n<li>Madame Charlotte Schmitt f\u00eate ses 94 ans<\/li>\n<\/ul>\n<\/div><\/div>\n\n\n\n<p><\/p>\n\n\n\n<p><\/p>\n","protected":false},"excerpt":{"rendered":"<p>Naissance de Emile Moench 27 d\u00e9cembre 1875 Emile Moench n\u00e9 \u00e0 Montreux-Vieux le 27 d\u00e9cembre 1875 Le c\u00e9l\u00e8bre petit sachet rose Alsa, la levure chimique \u00ab alsacienne \u00bb, voit le jour en 1897 de l\u2019imagination d\u2019un commer\u00e7ant mosellan, Emile Moench &hellip; <a href=\"https:\/\/montreux-vieux.net\/?p=18008\">Continuer la lecture <span class=\"meta-nav\">&rarr;<\/span><\/a><\/p>\n","protected":false},"author":1,"featured_media":0,"comment_status":"open","ping_status":"open","sticky":false,"template":"","format":"standard","meta":{"footnotes":""},"categories":[1],"tags":[],"class_list":["post-18008","post","type-post","status-publish","format-standard","hentry","category-liens"],"_links":{"self":[{"href":"https:\/\/montreux-vieux.net\/index.php?rest_route=\/wp\/v2\/posts\/18008","targetHints":{"allow":["GET"]}}],"collection":[{"href":"https:\/\/montreux-vieux.net\/index.php?rest_route=\/wp\/v2\/posts"}],"about":[{"href":"https:\/\/montreux-vieux.net\/index.php?rest_route=\/wp\/v2\/types\/post"}],"author":[{"embeddable":true,"href":"https:\/\/montreux-vieux.net\/index.php?rest_route=\/wp\/v2\/users\/1"}],"replies":[{"embeddable":true,"href":"https:\/\/montreux-vieux.net\/index.php?rest_route=%2Fwp%2Fv2%2Fcomments&post=18008"}],"version-history":[{"count":15,"href":"https:\/\/montreux-vieux.net\/index.php?rest_route=\/wp\/v2\/posts\/18008\/revisions"}],"predecessor-version":[{"id":28515,"href":"https:\/\/montreux-vieux.net\/index.php?rest_route=\/wp\/v2\/posts\/18008\/revisions\/28515"}],"wp:attachment":[{"href":"https:\/\/montreux-vieux.net\/index.php?rest_route=%2Fwp%2Fv2%2Fmedia&parent=18008"}],"wp:term":[{"taxonomy":"category","embeddable":true,"href":"https:\/\/montreux-vieux.net\/index.php?rest_route=%2Fwp%2Fv2%2Fcategories&post=18008"},{"taxonomy":"post_tag","embeddable":true,"href":"https:\/\/montreux-vieux.net\/index.php?rest_route=%2Fwp%2Fv2%2Ftags&post=18008"}],"curies":[{"name":"wp","href":"https:\/\/api.w.org\/{rel}","templated":true}]}}